{"id":131815,"date":"2021-03-23T22:12:10","date_gmt":"2021-03-23T19:12:10","guid":{"rendered":"https:\/\/www.enerjigazetesi.ist\/?p=131815"},"modified":"2021-03-23T22:13:40","modified_gmt":"2021-03-23T19:13:40","slug":"yedas-ar-ge-basarilari-ni-odullendirdi","status":"publish","type":"post","link":"https:\/\/www.enerjigazetesi.ist\/en\/yedas-ar-ge-basarilari-ni-odullendirdi\/","title":{"rendered":"(Turkish) &#8217;YEDA\u015e&#8217; Ar-Ge Ba\u015far\u0131lar\u0131n\u0131 \u00d6d\u00fcllendirdi"},"content":{"rendered":"<p class=\"qtranxs-available-languages-message qtranxs-available-languages-message-en\">Sorry, this entry is only available in <a href=\"https:\/\/www.enerjigazetesi.ist\/tr\/wp-json\/wp\/v2\/posts\/131815\" class=\"qtranxs-available-language-link qtranxs-available-language-link-tr\" title=\"Turkish\">Turkish<\/a>. For the sake of viewer convenience, the content is shown below in the alternative language. You may click the link to switch the active language.<\/p><p><\/p>\n<h1>YEDA\u015e, d\u00fczenledi\u011fi AR-GE Proje yar\u0131\u015fmalar\u0131 ile \u0130\u015f Sa\u011fl\u0131\u011f\u0131 ve G\u00fcvenli\u011fi kalitesinin art\u0131r\u0131lmas\u0131 ve verimlilik sa\u011flanmas\u0131na y\u00f6nelik \u00e7al\u0131\u015fmalar\u0131yla sekt\u00f6r\u00fcnde dikkatleri \u00fczerine \u00e7ekmeye devam ediyor.<\/h1>\n<p style=\"text-align: center;\"><img loading=\"lazy\" class=\"aligncenter wp-image-131819\" src=\"https:\/\/www.enerjigazetesi.ist\/wp-content\/uploads\/2021\/03\/yedas-ar-ge-basarilari-ni-odullendirdi-1.jpg\" alt=\"\" width=\"500\" height=\"252\" srcset=\"https:\/\/www.enerjigazetesi.ist\/wp-content\/uploads\/2021\/03\/yedas-ar-ge-basarilari-ni-odullendirdi-1.jpg 550w, https:\/\/www.enerjigazetesi.ist\/wp-content\/uploads\/2021\/03\/yedas-ar-ge-basarilari-ni-odullendirdi-1-300x151.jpg 300w, https:\/\/www.enerjigazetesi.ist\/wp-content\/uploads\/2021\/03\/yedas-ar-ge-basarilari-ni-odullendirdi-1-500x252.jpg 500w, https:\/\/www.enerjigazetesi.ist\/wp-content\/uploads\/2021\/03\/yedas-ar-ge-basarilari-ni-odullendirdi-1-80x40.jpg 80w\" sizes=\"(max-width: 500px) 100vw, 500px\" \/><\/p>\n<p><strong>YEDA\u015e Ar-Ge yar\u0131\u015fmas\u0131<\/strong>nda dereceye giren <strong>\u201cCam Elyaf Takviyeli Geri D\u00f6n\u00fc\u015f\u00fcml\u00fc Plastik Kompozit Travers ve Konsollar\u0131n Tasar\u0131m\u0131 ve Pilot Uygulama Yap\u0131lmas\u0131 Projesi\u201d<\/strong> 2021 y\u0131l\u0131 Mart ay\u0131 i\u00e7erisinde <strong>EPDK<\/strong>&#8216;ya sunulmu\u015ftur. Mevcutta kullan\u0131lan<strong> demir<\/strong> veya<strong> betondan<\/strong> yap\u0131lan, <strong>iletkenlerin ta\u015f\u0131nmas\u0131<\/strong>n\u0131 sa\u011flayan <strong>\u015febeke envanterleri<\/strong>nde,<strong> izolat\u00f6r\u00fcn k\u0131r\u0131lmas\u0131<\/strong> veya<strong> s\u0131k\u0131 ba\u011f d\u00fc\u015fmesi<\/strong> sebebiyle <strong>enerjili hat traverse<\/strong> temas etmekte ve<strong> direk g\u00f6vdesi<\/strong> enerjilenmektedir. Dire\u011fin ana g\u00f6vdesinin enerjilenmesi ile <strong>\u015febeke ar\u0131zalar\u0131, enerji kesintileri, can ve mal kay\u0131plar\u0131<\/strong> meydana gelmektedir.<\/p>\n<p>Mevcut da\u011f\u0131t\u0131m \u015febekesinde kullan\u0131lan <strong>al\u00e7ak gerilim (AG)<\/strong> ve <strong>orta gerilim(OG)<\/strong> travers\/konsollar\u0131n <strong>cam elyaf takviyeli<\/strong> ve <strong>geri d\u00f6n\u00fc\u015f\u00fcml\u00fc plastikten<\/strong> olu\u015fan <strong>kompozit malzemeden<\/strong> \u00fcretilmesi ile <strong>hafif, yal\u0131tkan, yanmaya<\/strong> ve<strong> \u00e7evresel \u015fartlara<\/strong> kar\u015f\u0131 diren\u00e7li, daha \u00e7evreci, g\u00fcvenli, uygulamas\u0131 kolay, uzun \u00f6m\u00fcrl\u00fc ve d\u00fc\u015f\u00fck maliyetli \u00fcr\u00fcnler geli\u015ftirilecektir. \u00dclkemizde ilk kez <strong>kompozit traversin<\/strong> \u00fcretilece\u011fi ve tamamen yerli imkanlarla hayata ge\u00e7irilecek olan projede, mevcut <strong>izolat\u00f6rlerin<\/strong> kullan\u0131ld\u0131\u011f\u0131 ve <strong>izolat\u00f6rlerin kullan\u0131lmad\u0131\u011f\u0131<\/strong> \u015feklinde iki farkl\u0131 \u00fcr\u00fcn tasar\u0131m\u0131 ger\u00e7ekle\u015ftirilecektir. \u0130zolat\u00f6r kullan\u0131lmadan yap\u0131lacak tasar\u0131mda; <strong>y\u00fcksek yal\u0131tkanl\u0131k \u00f6zelli\u011fi<\/strong> ile <strong>izolat\u00f6rlere<\/strong> ihtiya\u00e7 duymadan<strong> iletkenlerin ta\u015f\u0131nmas\u0131<\/strong> sa\u011flanacakt\u0131r.\u00a0 Bu sayede <strong>daha hafif, g\u00fcvenli, daha d\u00fc\u015f\u00fck maliyetli, montaj\u0131<\/strong> ve <strong>i\u015fletmesi kolay<\/strong> <strong>bir \u015febeke tasar\u0131m\u0131<\/strong> olu\u015fturulacak,<strong> izolat\u00f6r kaynakl\u0131 ar\u0131zalar<\/strong> \u00f6nlenecek, ayn\u0131 zamanda <strong>izolat\u00f6r maliyetleri<\/strong> ortadan kald\u0131r\u0131lacakt\u0131r.<\/p>\n<h2>\u0130zolat\u00f6rl\u00fc ve \u0130zolat\u00f6r Kullan\u0131lmayan Tasar\u0131m<\/h2>\n<p><strong>Uluslararas\u0131 \u015fartnameler<\/strong> ve <strong>standartlar<\/strong> temel al\u0131narak <strong>12 adet<\/strong> <em>al\u00e7ak gerilim(AG)<\/em> ve 10 Adet <strong>orta gerilim(OG) travers<\/strong> \u00fcretilecektir. Tasar\u0131m olarak \u00fcretilecek olan <strong>numuneler<\/strong> sahada analiz edilecek olup,<strong> teknik \u00f6zelliklerine<\/strong> g\u00f6re de\u011ferlendirilerek yayg\u0131nla\u015ft\u0131r\u0131lmas\u0131 planlanmaktad\u0131r. \u0130zolat\u00f6r kullan\u0131lmayan <strong>AG-OG travers\/konsollar<\/strong> i\u00e7in tip projeler haz\u0131rlanacak, <strong>TEDA\u015e\u2019\u0131n onay\u0131na<\/strong> sunulacak ve sekt\u00f6re yeni <strong>bir \u015febeke tertibi<\/strong> kazand\u0131r\u0131lacakt\u0131r. Ayr\u0131ca projemizde<strong> geri d\u00f6n\u00fc\u015f\u00fcml\u00fc<\/strong> <strong>plastik at\u0131k kullan\u0131lmas\u0131<\/strong> ile<strong> s\u0131f\u0131r at\u0131k stratejisi<\/strong> i\u00e7in \u00f6nemli bir fayda da sa\u011flanacakt\u0131r.<\/p>\n<h2>&#8216;AR-GE \u00c7al\u0131\u015fmalar\u0131n\u0131 \u0130novasyona \u00c7evirmi\u015f Bir \u015eirketiz&#8217;<\/h2>\n<p>Rekabet\u00e7i ko\u015fullarda<strong> \u2018S\u00fcrd\u00fcr\u00fclebilir\u2019<\/strong> ba\u015far\u0131n\u0131n s\u0131rr\u0131n\u0131 <strong>Ar-Ge \u00e7al\u0131\u015fmalar\u0131<\/strong>na verilen \u00f6neme ba\u011flayan YEDA\u015e, <strong>\u2018Teknolojik Yat\u0131r\u0131mlar\u0131n\u0131\u2019<\/strong> h\u0131zl\u0131 bir \u015fekilde sistemine entegre ediyor. YEDA\u015e Genel M\u00fcd\u00fcr\u00fc <strong>Hasan Yasir Bora<\/strong>, <em>\u201cinovasyon hedefli projelerimizi hayata ge\u00e7irerek, teknolojik yat\u0131r\u0131mlar\u0131m\u0131z\u0131 <strong>\u2018\u0130novasyon\u2019<\/strong> ba\u015fl\u0131\u011f\u0131 alt\u0131nda ger\u00e7ekle\u015ftiriyor, t\u00fcm \u00e7al\u0131\u015fmalar\u0131m\u0131zda s\u00fcrd\u00fcr\u00fclebilir, <strong>kaliteli enerji<\/strong> ve <strong>kesintisiz hizmet<\/strong> misyonunu ama\u00e7l\u0131yoruz\u201d<\/em> dedi.<\/p>\n<p>Dereceye giren proje sahiplerine \u00f6d\u00fcllerini takdim eden Genel M\u00fcd\u00fcr Hasan Yasir Bora, <strong>Ar-Ge ekibi<\/strong>ni kutlayarak ba\u015far\u0131lar\u0131n\u0131n devam\u0131n\u0131 diledi.<\/p>","protected":false},"excerpt":{"rendered":"<p>Sorry, this entry is only available in Turkish. For the sake of viewer convenience, the content is shown below in the alternative language. You may click the link to switch the active language. YEDA\u015e, d\u00fczenledi\u011fi AR-GE Proje yar\u0131\u015fmalar\u0131 ile \u0130\u015f Sa\u011fl\u0131\u011f\u0131 ve G\u00fcvenli\u011fi kalitesinin art\u0131r\u0131lmas\u0131 ve verimlilik sa\u011flanmas\u0131na y\u00f6nelik \u00e7al\u0131\u015fmalar\u0131yla sekt\u00f6r\u00fcnde dikkatleri \u00fczerine \u00e7ekmeye devam [&hellip;]<\/p>\n","protected":false},"author":1,"featured_media":131820,"comment_status":"open","ping_status":"open","sticky":false,"template":"","format":"standard","meta":[],"categories":[51,53],"tags":[11683,88398,88399,53114,1009,88400,88402,88401,88397],"views":123,"_links":{"self":[{"href":"https:\/\/www.enerjigazetesi.ist\/en\/wp-json\/wp\/v2\/posts\/131815"}],"collection":[{"href":"https:\/\/www.enerjigazetesi.ist\/en\/wp-json\/wp\/v2\/posts"}],"about":[{"href":"https:\/\/www.enerjigazetesi.ist\/en\/wp-json\/wp\/v2\/types\/post"}],"author":[{"embeddable":true,"href":"https:\/\/www.enerjigazetesi.ist\/en\/wp-json\/wp\/v2\/users\/1"}],"replies":[{"embeddable":true,"href":"https:\/\/www.enerjigazetesi.ist\/en\/wp-json\/wp\/v2\/comments?post=131815"}],"version-history":[{"count":0,"href":"https:\/\/www.enerjigazetesi.ist\/en\/wp-json\/wp\/v2\/posts\/131815\/revisions"}],"wp:featuredmedia":[{"embeddable":true,"href":"https:\/\/www.enerjigazetesi.ist\/en\/wp-json\/wp\/v2\/media\/131820"}],"wp:attachment":[{"href":"https:\/\/www.enerjigazetesi.ist\/en\/wp-json\/wp\/v2\/media?parent=131815"}],"wp:term":[{"taxonomy":"category","embeddable":true,"href":"https:\/\/www.enerjigazetesi.ist\/en\/wp-json\/wp\/v2\/categories?post=131815"},{"taxonomy":"post_tag","embeddable":true,"href":"https:\/\/www.enerjigazetesi.ist\/en\/wp-json\/wp\/v2\/tags?post=131815"}],"curies":[{"name":"wp","href":"https:\/\/api.w.org\/{rel}","templated":true}]}}