{"id":131752,"date":"2021-03-23T13:08:28","date_gmt":"2021-03-23T10:08:28","guid":{"rendered":"https:\/\/www.enerjigazetesi.ist\/?p=131752"},"modified":"2021-03-23T13:13:08","modified_gmt":"2021-03-23T10:13:08","slug":"turkiyenin-temiz-enerji-uretimi-yuzde-72-artis-gosterdi","status":"publish","type":"post","link":"https:\/\/www.enerjigazetesi.ist\/en\/turkiyenin-temiz-enerji-uretimi-yuzde-72-artis-gosterdi\/","title":{"rendered":"(Turkish) T\u00fcrkiye&#8217;nin Temiz Enerji \u00dcretimi % 72 Art\u0131\u015f G\u00f6sterdi"},"content":{"rendered":"<p class=\"qtranxs-available-languages-message qtranxs-available-languages-message-en\">Sorry, this entry is only available in <a href=\"https:\/\/www.enerjigazetesi.ist\/tr\/wp-json\/wp\/v2\/posts\/131752\" class=\"qtranxs-available-language-link qtranxs-available-language-link-tr\" title=\"Turkish\">Turkish<\/a>. For the sake of viewer convenience, the content is shown below in the alternative language. You may click the link to switch the active language.<\/p><p><\/p>\n<h1><strong>TE\u0130A\u015e verilerine g\u00f6re, \u00fclkemizde jeotermal, r\u00fczgar ve g\u00fcne\u015f enerjisiyle 2017 y\u0131l\u0131nda\u00a026.562 gigawatt \/ saat elektrik \u00fcretilirken, bu rakam 2020\u2019de % 72 art\u0131\u015fla 45.897\u2019ye ula\u015ft\u0131. T\u00fcrkiye ve Avrupa&#8217;da r\u00fczgar enerjisine y\u00f6nelik yat\u0131r\u0131mlar yapan Zeren Group\u2019un CEO\u2019su Mustafa Yi\u011fit Zeren, &#8220;T\u00fcrkiye enerji alan\u0131nda yapt\u0131\u011f\u0131 b\u00fcy\u00fck yat\u0131r\u0131mlarla enerjide tam ba\u011f\u0131ms\u0131z bir \u00fclke olma yolunda h\u0131zla ilerliyor&#8221; dedi.<\/strong><\/h1>\n<p>D\u00fcnya n\u00fcfusu her y\u0131l ortalama <strong>80 milyon<\/strong> artarken, <strong>enerji t\u00fcketimi<\/strong> de ayn\u0131 ivmeyle y\u00fckseliyor. Enerji ihtiyac\u0131n\u0131 kar\u015f\u0131lamada <strong>petrol, k\u00f6m\u00fcr<\/strong> ve <strong>do\u011fal gaz<\/strong> gibi fosil yak\u0131tlar<strong> uzun vadede yetersiz<\/strong> <img loading=\"lazy\" class=\"alignright wp-image-131758\" src=\"https:\/\/www.enerjigazetesi.ist\/wp-content\/uploads\/2021\/03\/turkiyenin-temiz-enerji-uretimi-yuzde-72-artis-gosterdi-1.jpg\" alt=\"\" width=\"320\" height=\"214\" srcset=\"https:\/\/www.enerjigazetesi.ist\/wp-content\/uploads\/2021\/03\/turkiyenin-temiz-enerji-uretimi-yuzde-72-artis-gosterdi-1.jpg 550w, https:\/\/www.enerjigazetesi.ist\/wp-content\/uploads\/2021\/03\/turkiyenin-temiz-enerji-uretimi-yuzde-72-artis-gosterdi-1-300x200.jpg 300w, https:\/\/www.enerjigazetesi.ist\/wp-content\/uploads\/2021\/03\/turkiyenin-temiz-enerji-uretimi-yuzde-72-artis-gosterdi-1-500x334.jpg 500w, https:\/\/www.enerjigazetesi.ist\/wp-content\/uploads\/2021\/03\/turkiyenin-temiz-enerji-uretimi-yuzde-72-artis-gosterdi-1-75x50.jpg 75w, https:\/\/www.enerjigazetesi.ist\/wp-content\/uploads\/2021\/03\/turkiyenin-temiz-enerji-uretimi-yuzde-72-artis-gosterdi-1-450x300.jpg 450w\" sizes=\"(max-width: 320px) 100vw, 320px\" \/>kal\u0131rken, yayd\u0131klar\u0131 kimyasallarla da <strong>d\u00fcnyaya ciddi anlamda<\/strong> zarar veriyor. Bu durum, <strong>yenilenebilir enerji kaynaklar\u0131n\u0131<\/strong> \u00f6ne \u00e7\u0131kar\u0131rken, <strong>enerji teknolojilerine<\/strong> y\u00f6nelik \u00e7al\u0131\u015fmalar\u0131n da t\u00fcm d\u00fcnyada oldu\u011fu gibi T\u00fcrkiye\u2019de de h\u0131z kazand\u0131\u011f\u0131 g\u00f6r\u00fcl\u00fcyor.<strong> TE\u0130A\u015e<\/strong> verilerine g\u00f6re, \u00fclkemizde <strong>jeotermal, r\u00fczgar<\/strong> ve <strong>g\u00fcne\u015f enerjisi<\/strong>yle <strong>2017&#8242;<\/strong>de<strong> 26.562 gigawatt \/ saat<\/strong> elektrik \u00fcretilirken, bu rakam<strong> 2020&#8217;de<\/strong> <strong>% 72<\/strong> art\u0131\u015fla <strong>45.897<\/strong>\u2019ye ula\u015ft\u0131. <strong>T\u00fcrkiye<\/strong> ve <strong>Avrupa&#8217;da<\/strong> r\u00fczgar enerjisine y\u00f6nelik yat\u0131r\u0131mlar yapan Zeren Group\u2019un CEO\u2019su <strong>Mustafa Yi\u011fit Zeren<\/strong>, <em>\u201cD\u00fcnyan\u0131n gelece\u011fi i\u00e7in, yenilenebilir enerji kaynaklar\u0131 her ge\u00e7en g\u00fcn daha fazla \u00f6nem kazan\u0131yor. \u00d6zellikle <strong>iklim de\u011fi\u015fikli\u011finin etkileri<\/strong>ni giderek daha fazla hissetti\u011fimiz bu d\u00f6nemde, T\u00fcrkiye yapt\u0131\u011f\u0131 b\u00fcy\u00fck yat\u0131r\u0131mlarla <strong>enerjide tam ba\u011f\u0131ms\u0131z bir \u00fclke<\/strong> olma yolunda h\u0131zla ilerliyor\u201d<\/em> dedi.<\/p>\n<h2><strong>Elektrik enerjisinin %30\u2019u yenilenebilir kaynaklardan kar\u015f\u0131lanacak\u00a0<\/strong><\/h2>\n<p>D\u00fcnya&#8217;n\u0131n <strong>enerji t\u00fcketimi<\/strong> giderek artarken, <strong>fosil yak\u0131t kaynaklar\u0131n da<\/strong> s\u00fcrekli azald\u0131\u011f\u0131na dikkat \u00e7eken\u00a0<strong>Mustafa Yi\u011fit Zeren<\/strong>, <em>\u201cHer y\u0131l bir \u00f6ncekinden daha fazla enerji t\u00fcketiyoruz. Olu\u015fan bu y\u00fcksek talebin kar\u015f\u0131lanmas\u0131 i\u00e7in, yenilenebilir enerji kaynaklar\u0131ndan en \u00fcst d\u00fczeyde faydalanmam\u0131z gerekiyor. T\u00fcrkiye, <strong>2023 y\u0131l\u0131na<\/strong> kadar toplam <strong>elektrik enerjisi talebi<\/strong>nin en az <strong>y\u00fczde 30<\/strong>\u2019unu ve ula\u015ft\u0131rma sekt\u00f6r\u00fc ihtiya\u00e7lar\u0131n\u0131n da <strong>% 10<\/strong>\u2019unu yenilenebilir enerjiden kar\u015f\u0131lamay\u0131 hedefliyor. Ayn\u0131 zamanda<strong> enerji yo\u011funlu\u011funu<\/strong>, yani birim <strong>GSYH<\/strong> ba\u015f\u0131na t\u00fcketilen enerji miktar\u0131n\u0131 da <strong>2011 y\u0131l\u0131n\u0131<\/strong> baz alarak en az<strong> y\u00fczde 20<\/strong> d\u00fc\u015f\u00fcrmeyi ama\u00e7l\u0131yor. <strong>Yenilenebilir enerji kaynaklar\u0131<\/strong> bak\u0131m\u0131ndan zengin bir \u00fclke olarak, bu hedeflere emin ad\u0131mlarla ilerliyor, ba\u015far\u0131m\u0131z\u0131n \u00f6zellikle <strong>Avrupa\u2019ya<\/strong> \u00f6rnek oldu\u011funu da g\u00f6r\u00fcyoruz\u201d<\/em><\/p>\n<h2><strong>3 y\u0131lda 50 MW\u2019lik portf\u00f6y hedefleniyor\u00a0<\/strong><\/h2>\n<p>T\u00fcrkiye\u2019nin <strong>k\u00f6kl\u00fc holdinglerinden biri<\/strong> olarak, enerji alan\u0131nda <strong>milli gelir sa\u011flama<\/strong> misyonunu \u00fcstlendiklerine, bu kapsamda <strong>yenilenebilir enerji projeleri<\/strong> ihra\u00e7 ettiklerine de de\u011finen Mustafa Yi\u011fit Zeren, <em>\u201cGelece\u011fin yenilenebilir enerjide oldu\u011funa inan\u0131yoruz. <strong>2021 y\u0131l\u0131nda<\/strong> uluslararas\u0131 yat\u0131r\u0131mlara imza atmay\u0131 ve stratejik alanlarda b\u00fcy\u00fcmeyi hedefliyoruz. <strong>Yenilenebilir enerji yat\u0131r\u0131mlar\u0131<\/strong>n\u0131 \u00f6nceliklendiriyoruz. <strong>Hollanda, Polonya, Ukrayna<\/strong> ve<strong> Romanya<\/strong> ba\u015fta olmak \u00fczere, Avrupa \u00fclkeleri i\u00e7in <strong>yenilenebilir enerji projeleri<\/strong> geli\u015ftiriyoruz. Bu \u00fclkelerde, <strong>g\u00fcne\u015f<\/strong> ve <strong>r\u00fczgar<\/strong> enerjisine yapaca\u011f\u0131m\u0131z yat\u0131r\u0131mlarla \u00f6n\u00fcm\u00fczdeki <strong>3 y\u0131ll\u0131k<\/strong> d\u00f6nemde<strong> 50 MW<\/strong>\u2019l\u0131k bir portf\u00f6ye ula\u015fmay\u0131 planl\u0131yoruz\u201d<\/em> ifadelerini kulland\u0131.<\/p>","protected":false},"excerpt":{"rendered":"<p>Sorry, this entry is only available in Turkish. For the sake of viewer convenience, the content is shown below in the alternative language. You may click the link to switch the active language. TE\u0130A\u015e verilerine g\u00f6re, \u00fclkemizde jeotermal, r\u00fczgar ve g\u00fcne\u015f enerjisiyle 2017 y\u0131l\u0131nda\u00a026.562 gigawatt \/ saat elektrik \u00fcretilirken, bu rakam 2020\u2019de % 72 art\u0131\u015fla [&hellip;]<\/p>\n","protected":false},"author":1,"featured_media":131759,"comment_status":"open","ping_status":"open","sticky":false,"template":"","format":"standard","meta":[],"categories":[51,53,49,48,50],"tags":[5070,88369,86503,54431,54979,3866,1245,86500],"views":1028,"_links":{"self":[{"href":"https:\/\/www.enerjigazetesi.ist\/en\/wp-json\/wp\/v2\/posts\/131752"}],"collection":[{"href":"https:\/\/www.enerjigazetesi.ist\/en\/wp-json\/wp\/v2\/posts"}],"about":[{"href":"https:\/\/www.enerjigazetesi.ist\/en\/wp-json\/wp\/v2\/types\/post"}],"author":[{"embeddable":true,"href":"https:\/\/www.enerjigazetesi.ist\/en\/wp-json\/wp\/v2\/users\/1"}],"replies":[{"embeddable":true,"href":"https:\/\/www.enerjigazetesi.ist\/en\/wp-json\/wp\/v2\/comments?post=131752"}],"version-history":[{"count":0,"href":"https:\/\/www.enerjigazetesi.ist\/en\/wp-json\/wp\/v2\/posts\/131752\/revisions"}],"wp:featuredmedia":[{"embeddable":true,"href":"https:\/\/www.enerjigazetesi.ist\/en\/wp-json\/wp\/v2\/media\/131759"}],"wp:attachment":[{"href":"https:\/\/www.enerjigazetesi.ist\/en\/wp-json\/wp\/v2\/media?parent=131752"}],"wp:term":[{"taxonomy":"category","embeddable":true,"href":"https:\/\/www.enerjigazetesi.ist\/en\/wp-json\/wp\/v2\/categories?post=131752"},{"taxonomy":"post_tag","embeddable":true,"href":"https:\/\/www.enerjigazetesi.ist\/en\/wp-json\/wp\/v2\/tags?post=131752"}],"curies":[{"name":"wp","href":"https:\/\/api.w.org\/{rel}","templated":true}]}}