{"id":131717,"date":"2021-03-22T21:59:17","date_gmt":"2021-03-22T18:59:17","guid":{"rendered":"https:\/\/www.enerjigazetesi.ist\/?p=131717"},"modified":"2021-03-22T22:00:43","modified_gmt":"2021-03-22T19:00:43","slug":"leylekler-koruma-altinda","status":"publish","type":"post","link":"https:\/\/www.enerjigazetesi.ist\/en\/leylekler-koruma-altinda\/","title":{"rendered":"(Turkish) Leylekler Koruma Alt\u0131nda!"},"content":{"rendered":"<p class=\"qtranxs-available-languages-message qtranxs-available-languages-message-en\">Sorry, this entry is only available in <a href=\"https:\/\/www.enerjigazetesi.ist\/tr\/wp-json\/wp\/v2\/posts\/131717\" class=\"qtranxs-available-language-link qtranxs-available-language-link-tr\" title=\"Turkish\">Turkish<\/a>. For the sake of viewer convenience, the content is shown below in the alternative language. You may click the link to switch the active language.<\/p><p><\/p>\n<h1><strong>AEDA\u015e ile Do\u011fa Koruma ve Milli Parklar 6. B\u00f6lge M\u00fcd\u00fcrl\u00fc\u011f\u00fc, y\u00fcksek gerilim hatt\u0131na olan mesafesi nedeniyle risk ta\u015f\u0131yan leylek yuvalar\u0131n\u0131, onlar i\u00e7in \u00f6zel olarak haz\u0131rlanan direklere ta\u015f\u0131yor. Hi\u00e7bir \u015fekilde zarar g\u00f6rmeden ayn\u0131 b\u00f6lgede g\u00fcvenli bir noktaya<img loading=\"lazy\" class=\"alignright wp-image-131719\" src=\"https:\/\/www.enerjigazetesi.ist\/wp-content\/uploads\/2021\/03\/leylekler-koruma-altinda-2.jpg\" alt=\"\" width=\"320\" height=\"427\" srcset=\"https:\/\/www.enerjigazetesi.ist\/wp-content\/uploads\/2021\/03\/leylekler-koruma-altinda-2.jpg 336w, https:\/\/www.enerjigazetesi.ist\/wp-content\/uploads\/2021\/03\/leylekler-koruma-altinda-2-225x300.jpg 225w, https:\/\/www.enerjigazetesi.ist\/wp-content\/uploads\/2021\/03\/leylekler-koruma-altinda-2-300x400.jpg 300w, https:\/\/www.enerjigazetesi.ist\/wp-content\/uploads\/2021\/03\/leylekler-koruma-altinda-2-38x50.jpg 38w\" sizes=\"(max-width: 320px) 100vw, 320px\" \/> ta\u015f\u0131nan yuvalar, bahar\u0131n m\u00fcjdecisi ev sahiplerini bekliyor.<\/strong><\/h1>\n<p><strong>Akdeniz Elektrik Da\u011f\u0131t\u0131m A.\u015e. (AEDA\u015e)<\/strong>, <em>Tar\u0131m ve Orman Bakanl\u0131\u011f\u0131 Do\u011fa Koruma<\/em> ve <em>Milli Parklar Genel M\u00fcd\u00fcrl\u00fc\u011f\u00fc<\/em> i\u015fbirli\u011fi ile <strong>6. B\u00f6lge M\u00fcd\u00fcrl\u00fc\u011f\u00fc<\/strong>, sorumluluk alanlar\u0131ndaki <strong>Isparta, Burdur <\/strong>ve<strong> Antalya\u2019da<\/strong> leyleklerin<strong> y\u00fcksek gerilim hatlar\u0131ndan olumsuz etkilenmemesi<\/strong> i\u00e7in \u00e7al\u0131\u015fma ba\u015flatt\u0131. Bu \u00e7er\u00e7evede <strong>leyleklerin g\u00f6\u00e7 g\u00fczergahlar\u0131<\/strong> \u00fczerindeki hatlar<strong> izolasyon malzemesi<\/strong> ile kaplan\u0131yor. <strong>Y\u00fcksek gerilim hatt\u0131na<\/strong> olan mesafesi risk te\u015fkil eden<strong> leylek yuvalar\u0131<\/strong>, g\u00fcvenli noktalara ta\u015f\u0131n\u0131yor.<\/p>\n<p>Ge\u00e7ti\u011fimiz y\u0131llarda<strong> Isparta<\/strong> ve \u00e7evresinde ba\u015flat\u0131lan \u00e7al\u0131\u015fma kapsam\u0131nda bu y\u0131l da<strong> Tar\u0131m ve Orman Bakanl\u0131\u011f\u0131, Do\u011fa Koruma<\/strong> ve<strong> Milli Parklar Genel M\u00fcd\u00fcrl\u00fc\u011f\u00fc<\/strong> i\u015fbirli\u011fiyle Manavgat \u0130l\u00e7esi <strong>\u00c7avu\u015fk\u00f6y Mahallesi<\/strong>\u2019nde, <strong>elektrik direklerinin<\/strong> \u00fczerindeki<strong> leylek yuvalar\u0131<\/strong>, yine ayn\u0131 b\u00f6lgede \u00f6zel olarak haz\u0131rlanan direklere ta\u015f\u0131nd\u0131. Yeni platforma zarar verilmeden yerle\u015ftirilen yuvalar, \u00f6zel olarak tasarlanan altl\u0131k sayesinde <strong>korunakl\u0131 bir \u015fekilde ev sahipleri<\/strong>ni bekliyor.<\/p>\n<h2><strong>B\u0130NLERCE K\u0130LOMETRE YOL KAT ED\u0130P YUVALARINI BULUYORLAR<\/strong><\/h2>\n<p>Leyleklerin binlerce kilometre yol kat ettikten sonra eski yuvalar\u0131n\u0131 bulduklar\u0131n\u0131 ifade eden AEDA\u015e Genel M\u00fcd\u00fcr\u00fc Bahad\u0131r M\u00fcd\u00fcro\u011flu, \u201c<strong>Elektrik da\u011f\u0131t\u0131m hizmeti<\/strong> verdi\u011fimiz <strong>Antalya, Burdur<\/strong> ve <strong>Isparta<\/strong>\u2019daki bir\u00e7ok b\u00f6lge, ku\u015flar\u0131n <strong>g\u00f6\u00e7 g\u00fczerg\u00e2h\u0131nda<\/strong> yer al\u0131yor. Baz\u0131lar\u0131 kuzeye do\u011fru gidiyor. Baz\u0131lar\u0131 da yaz\u0131 b\u00f6lgemizde ge\u00e7iriyor. Biz ba\u015fta leylekler olmak \u00fczere <strong>g\u00f6\u00e7men ku\u015flar\u0131m\u0131z\u0131n<\/strong> bu yolculuklar\u0131 s\u0131ras\u0131nda zarar g\u00f6rmemesi i\u00e7in <strong>elektrik hatlar\u0131m\u0131zda<\/strong> y\u0131llard\u0131r <strong>izolasyon \u00e7al\u0131\u015fmas\u0131<\/strong> yap\u0131yoruz. Ancak ne yaz\u0131k ki baz\u0131 yuvalar y\u00fcksek gerilim hatlar\u0131na \u00e7ok yak\u0131n. <strong>AEDA\u015e<\/strong> olarak bir yandan kesintisiz enerji i\u00e7in her t\u00fcrl\u00fc <strong>tedbiri al\u0131rken<\/strong> di\u011fer yandan da <strong>do\u011fal ya\u015fam\u0131 koruyup<\/strong> g\u00f6zetmeye \u00e7al\u0131\u015f\u0131yoruz. Bu kapsamda <strong>Do\u011fa Koruma<\/strong> ve <strong>Milli Parklar Genel M\u00fcd\u00fcrl\u00fc\u011f\u00fc<\/strong> ile koordineli \u00e7al\u0131\u015farak riskli b\u00f6lgelerdeki leylek yuvalar\u0131n\u0131 al\u0131p yine ayn\u0131 b\u00f6lgede daha <strong>g\u00fcvenli bir alandaki direklere<\/strong> ta\u015f\u0131mak \u00fczere harekete ge\u00e7tik\u201d dedi.<\/p>\n<h2><strong>\u00dcLKE GENEL\u0130NE YAYGINLA\u015eAB\u0130LECEK B\u0130R UYGULAMA<\/strong><\/h2>\n<p>Do\u011fa Koruma ve Milli Parklar <strong>6. B\u00f6lge<\/strong> M\u00fcd\u00fcr\u00fc <strong>Mahmut Temel<\/strong> de B\u00f6lge M\u00fcd\u00fcrl\u00fc\u011f\u00fc olarak yaban hayat\u0131n\u0131n korunmas\u0131 ve desteklenmesi konusunda ciddi olarak \u00e7al\u0131\u015fmalar y\u00fcr\u00fctt\u00fcklerini, <strong>leylekler<\/strong> konusunda <strong>AEDA\u015e i\u015fbirli\u011fi<\/strong> ile yap\u0131lan bu \u00e7al\u0131\u015fman\u0131n \u00e7ok \u00f6nemli oldu\u011funu belirtti. Temel, bundan sonra da Akdeniz b\u00f6lgesi ba\u015fta olmak \u00fczere \u00fclke genelinde<strong> bu \u00e7al\u0131\u015fman\u0131n yayg\u0131nla\u015fmas\u0131n\u0131n<\/strong> faydal\u0131 olaca\u011f\u0131n\u0131 ifade etti. <strong>Do\u011fa Koruma ve Milli Parklar Genel M\u00fcd\u00fcrl\u00fc\u011f\u00fc<\/strong>, yaban hayat\u0131n\u0131n korunmas\u0131 i\u00e7in zorlu k\u0131\u015f ko\u015fullar\u0131nda<strong> yem deste\u011fi sa\u011flanmas\u0131, su s\u0131k\u0131nt\u0131s\u0131 ya\u015fanan alanlara<\/strong> su g\u00f6t\u00fcr\u00fclmesi, <strong>yaralanan<\/strong> ve <strong>tedaviye muhta\u00e7 yaban hayvanlar\u0131<\/strong>n\u0131n tedavisi konusunda <strong>\u00f6nemli \u00e7al\u0131\u015fmalar<\/strong> da y\u00fcr\u00fct\u00fcyor.<\/p>","protected":false},"excerpt":{"rendered":"<p>Sorry, this entry is only available in Turkish. For the sake of viewer convenience, the content is shown below in the alternative language. You may click the link to switch the active language. AEDA\u015e ile Do\u011fa Koruma ve Milli Parklar 6. B\u00f6lge M\u00fcd\u00fcrl\u00fc\u011f\u00fc, y\u00fcksek gerilim hatt\u0131na olan mesafesi nedeniyle risk ta\u015f\u0131yan leylek yuvalar\u0131n\u0131, onlar i\u00e7in [&hellip;]<\/p>\n","protected":false},"author":1,"featured_media":131720,"comment_status":"open","ping_status":"open","sticky":false,"template":"","format":"standard","meta":[],"categories":[51,53],"tags":[55945,52566,53114,88334,88333],"views":114,"_links":{"self":[{"href":"https:\/\/www.enerjigazetesi.ist\/en\/wp-json\/wp\/v2\/posts\/131717"}],"collection":[{"href":"https:\/\/www.enerjigazetesi.ist\/en\/wp-json\/wp\/v2\/posts"}],"about":[{"href":"https:\/\/www.enerjigazetesi.ist\/en\/wp-json\/wp\/v2\/types\/post"}],"author":[{"embeddable":true,"href":"https:\/\/www.enerjigazetesi.ist\/en\/wp-json\/wp\/v2\/users\/1"}],"replies":[{"embeddable":true,"href":"https:\/\/www.enerjigazetesi.ist\/en\/wp-json\/wp\/v2\/comments?post=131717"}],"version-history":[{"count":0,"href":"https:\/\/www.enerjigazetesi.ist\/en\/wp-json\/wp\/v2\/posts\/131717\/revisions"}],"wp:featuredmedia":[{"embeddable":true,"href":"https:\/\/www.enerjigazetesi.ist\/en\/wp-json\/wp\/v2\/media\/131720"}],"wp:attachment":[{"href":"https:\/\/www.enerjigazetesi.ist\/en\/wp-json\/wp\/v2\/media?parent=131717"}],"wp:term":[{"taxonomy":"category","embeddable":true,"href":"https:\/\/www.enerjigazetesi.ist\/en\/wp-json\/wp\/v2\/categories?post=131717"},{"taxonomy":"post_tag","embeddable":true,"href":"https:\/\/www.enerjigazetesi.ist\/en\/wp-json\/wp\/v2\/tags?post=131717"}],"curies":[{"name":"wp","href":"https:\/\/api.w.org\/{rel}","templated":true}]}}