{"id":131679,"date":"2021-03-22T15:19:19","date_gmt":"2021-03-22T12:19:19","guid":{"rendered":"https:\/\/www.enerjigazetesi.ist\/?p=131679"},"modified":"2021-03-22T15:21:56","modified_gmt":"2021-03-22T12:21:56","slug":"adel-kalemcilik-ten-cevre-dostu-uygulamalarla-surdurulebilir-gelecege-destek","status":"publish","type":"post","link":"https:\/\/www.enerjigazetesi.ist\/en\/adel-kalemcilik-ten-cevre-dostu-uygulamalarla-surdurulebilir-gelecege-destek\/","title":{"rendered":"(Turkish) Adel&#8217;den \u00c7evre Dostu Uygulamalarla S\u00fcrd\u00fcr\u00fclebilir Gelece\u011fe Destek"},"content":{"rendered":"<p class=\"qtranxs-available-languages-message qtranxs-available-languages-message-en\">Sorry, this entry is only available in <a href=\"https:\/\/www.enerjigazetesi.ist\/tr\/wp-json\/wp\/v2\/posts\/131679\" class=\"qtranxs-available-language-link qtranxs-available-language-link-tr\" title=\"Turkish\">Turkish<\/a>. For the sake of viewer convenience, the content is shown below in the alternative language. You may click the link to switch the active language.<\/p><p><\/p>\n<h1>Adel Kalemcilik, Orman Haftas\u0131 ve A\u011fa\u00e7 Bayram\u0131\u2019nda \u00e7evresel s\u00fcrd\u00fcr\u00fclebilirlik alan\u0131nda ger\u00e7ekle\u015ftirdi\u011fi kurumsal sosyal sorumluluk projelerinin yan\u0131 s\u0131ra, kurum i\u00e7erisindeki ve fabrikas\u0131ndaki uygulamalar\u0131 ile s\u00fcrd\u00fcr\u00fclebilir bir gelece\u011fe iz b\u0131rak\u0131yor.<\/h1>\n<p>T\u00fcrkiye&#8217;de nesillerin geli\u015fimine e\u015flik eden Adel Kalemcilik, <em>\u00f6<\/em>z\u00fcndeki\u00a0<strong>\u0130yilik<\/strong> de\u011ferinden beslenerek <strong>Birle\u015fmi\u015f Milletler s\u00fcrd\u00fcr\u00fclebilir kalk\u0131nma hedefleri<\/strong> i\u00e7inde de yer alan <strong>\u0130klim Eylemi<\/strong> ve <strong>Nitelikli E\u011fitim<\/strong> konular\u0131n\u0131 sahipleniyor, bu alanlarda<strong> s\u00fcrd\u00fcr\u00fclebilir projeler<\/strong> ger\u00e7ekle\u015ftiriyor.<\/p>\n<p><img loading=\"lazy\" class=\"alignright wp-image-131681\" src=\"https:\/\/www.enerjigazetesi.ist\/wp-content\/uploads\/2021\/03\/adel-kalemcilik-ten-cevre-dostu-uygulamalarla-surdurulebilir-gelecege-destek.jpg\" alt=\"\" width=\"320\" height=\"285\" srcset=\"https:\/\/www.enerjigazetesi.ist\/wp-content\/uploads\/2021\/03\/adel-kalemcilik-ten-cevre-dostu-uygulamalarla-surdurulebilir-gelecege-destek.jpg 550w, https:\/\/www.enerjigazetesi.ist\/wp-content\/uploads\/2021\/03\/adel-kalemcilik-ten-cevre-dostu-uygulamalarla-surdurulebilir-gelecege-destek-300x267.jpg 300w, https:\/\/www.enerjigazetesi.ist\/wp-content\/uploads\/2021\/03\/adel-kalemcilik-ten-cevre-dostu-uygulamalarla-surdurulebilir-gelecege-destek-449x400.jpg 449w, https:\/\/www.enerjigazetesi.ist\/wp-content\/uploads\/2021\/03\/adel-kalemcilik-ten-cevre-dostu-uygulamalarla-surdurulebilir-gelecege-destek-56x50.jpg 56w, https:\/\/www.enerjigazetesi.ist\/wp-content\/uploads\/2021\/03\/adel-kalemcilik-ten-cevre-dostu-uygulamalarla-surdurulebilir-gelecege-destek-500x445.jpg 500w\" sizes=\"(max-width: 320px) 100vw, 320px\" \/>Titizlikle y\u00fcr\u00fctt\u00fc\u011f\u00fc <strong>s\u00fcrd\u00fcr\u00fclebilirlik \u00e7al\u0131\u015fmalar\u0131yla<\/strong> \u00f6n plana \u00e7\u0131kan Adel Kalemcilik, t\u00fcm operasyonlar\u0131nda <strong>\u00e7evre<\/strong> ve <strong>do\u011fa dostu<\/strong> bir anlay\u0131\u015f benimsiyor. <strong>Bah\u00e7e sulamas\u0131<\/strong> i\u00e7in ya\u011fmur sular\u0131n\u0131 kullanan \u015firket, <strong>at\u0131k su ar\u0131t\u0131m\u0131nda ileri teknolojiler<\/strong>den faydalan\u0131rken, <strong>at\u0131k su kalitesini<\/strong> ve miktar\u0131n\u0131 d\u00fczenli bi\u00e7imde takip ediyor. \u00dcretim tesisinde olu\u015fan her t\u00fcr <strong>\u00fcretim<\/strong> ve <strong>ofis at\u0131\u011f\u0131n\u0131n geri d\u00f6n\u00fc\u015f\u00fcm\u00fc<\/strong> sa\u011flan\u0131rken, <strong>alternatif materyal se\u00e7eneklerinden<\/strong> faydalan\u0131larak ambalaj kullan\u0131m\u0131 azalt\u0131l\u0131yor. Adel Kalemcilik\u2019te a\u011fa\u00e7 cidarl\u0131 kalem \u00fcretiminden ortaya \u00e7\u0131kan <strong>odun tala\u015f\u0131 buhar kazan\u0131nda<\/strong> de\u011ferlendirilerek <strong>enerjiye d\u00f6n\u00fc\u015ft\u00fcr\u00fcl\u00fcyor<\/strong> ve tesisin <strong>toplam enerji ihtiyac\u0131n\u0131n yar\u0131s\u0131<\/strong> bu yolla kar\u015f\u0131lan\u0131yor.<\/p>\n<p>Kaynaklar\u0131n t\u00fckenmesine engel olmay\u0131 hedefleyen \u015firket, t\u00fcm <strong>a\u011fa\u00e7 cidarl\u0131 kalemleri<\/strong>nin \u00fcretiminde sadece end\u00fcstriyel kullan\u0131m amac\u0131yla yeti\u015ftirilen, <strong>FSC<sup>1<\/sup> sertifikal\u0131 a\u011fa\u00e7lar\u0131<\/strong> tercih ediyor. <strong>Adel Kalemcilik<\/strong> b\u00f6ylece <strong>gelece\u011fe<\/strong> ve <strong>do\u011faya<\/strong> yat\u0131r\u0131m yaparak ormanlar\u0131n <strong>gelecek nesillere aktar\u0131lmas\u0131<\/strong>na katk\u0131da bulunuyor.<\/p>\n<p>Son olarak <strong>2020 senesinde<\/strong> \u00e7ocuklar ad\u0131na <strong>gelece\u011fe iz b\u0131rakmak<\/strong> i\u00e7in <strong>23 Nisan<\/strong>\u2019\u0131n <strong>100. Y\u0131l\u0131<\/strong> an\u0131s\u0131na hayata ge\u00e7irdi\u011fi <strong>\u0130yilik A\u011fac\u0131 Orman\u0131<\/strong> projesi ile Adel Kalemcilik, <strong>Ankara<\/strong> ve <strong>Mersin<\/strong>\u2019de toplam <strong>80 bin a\u011fa\u00e7 tohumu<\/strong>nu <strong>drone teknolojisiyle<\/strong> toprakla bulu\u015fturdu.<\/p>\n<p><strong>Orman Haftas\u0131 <\/strong>ve<strong> A\u011fa\u00e7 Bayram\u0131<\/strong>\u2019nda t\u00fcm i\u015f s\u00fcre\u00e7lerinde \u00e7evreye duyarl\u0131 bir anlay\u0131\u015f benimsediklerinin alt\u0131n\u0131 \u00e7izen\u00a0<strong>Adel Kalemcilik Genel M\u00fcd\u00fcr\u00fc Evrim Hizaler;<\/strong>\u00a0<em>\u201c50 y\u0131l\u0131 a\u015fk\u0131n tecr\u00fcbemizle sekt\u00f6r\u00fcn \u00f6nc\u00fc firmas\u0131 olarak, i\u015f yap\u0131\u015f \u015feklimizin <strong>\u00e7evreye duyarl\u0131 olmas\u0131na<\/strong> \u00e7ok \u00f6nem veriyoruz. \u00c7ocuklara daha g\u00fczel bir d\u00fcnya b\u0131rakmak i\u00e7in t\u00fcm i\u015f s\u00fcre\u00e7lerimizde <strong>do\u011fa dostu<\/strong> bir anlay\u0131\u015f benimseyerek ve <strong>s\u00fcrd\u00fcr\u00fclebilirlik ilkelerine uygun<\/strong> hareket ederek gelece\u011fe iz b\u0131rak\u0131yoruz\u201d<\/em> dedi.<\/p>\n<p>Adel Kalemcilik\u2019in s\u00fcrd\u00fcr\u00fclebilirlik politikas\u0131yla ilgili detayl\u0131 bilgi i\u00e7in:\u00a0<a href=\"http:\/\/www.adel.com.tr\/tr\/surdurulebilirlik\/cevre-ve-iklim\" target=\"_blank\" rel=\"nofollow noopener\">www.adel.com.tr\/tr\/surdurulebilirlik\/cevre-ve-iklim<\/a>\u00a0adresini ziyaret edebilirsiniz.<\/p>\n<p><em><sup>1<\/sup>FSC<sup>\u00ae<\/sup> (Forest Stewardship Council &#8211; Orman Y\u00f6netim Konseyi), ormanlar\u0131n gelecek nesillere sa\u011fl\u0131kl\u0131 bir \u015fekilde aktar\u0131lmas\u0131 i\u00e7in d\u00fcnya genelinde sorumlu orman y\u00f6netimini te\u015fvik eden ba\u011f\u0131ms\u0131z ve kar amac\u0131 g\u00fctmeyen bir sivil toplum kurulu\u015fudur.<\/em><\/p>","protected":false},"excerpt":{"rendered":"<p>Sorry, this entry is only available in Turkish. For the sake of viewer convenience, the content is shown below in the alternative language. You may click the link to switch the active language. Adel Kalemcilik, Orman Haftas\u0131 ve A\u011fa\u00e7 Bayram\u0131\u2019nda \u00e7evresel s\u00fcrd\u00fcr\u00fclebilirlik alan\u0131nda ger\u00e7ekle\u015ftirdi\u011fi kurumsal sosyal sorumluluk projelerinin yan\u0131 s\u0131ra, kurum i\u00e7erisindeki ve fabrikas\u0131ndaki uygulamalar\u0131 [&hellip;]<\/p>\n","protected":false},"author":1,"featured_media":131682,"comment_status":"open","ping_status":"open","sticky":false,"template":"","format":"standard","meta":[],"categories":[53,52],"tags":[78066,20712,83542,88316,12618,57125,88317],"views":98,"_links":{"self":[{"href":"https:\/\/www.enerjigazetesi.ist\/en\/wp-json\/wp\/v2\/posts\/131679"}],"collection":[{"href":"https:\/\/www.enerjigazetesi.ist\/en\/wp-json\/wp\/v2\/posts"}],"about":[{"href":"https:\/\/www.enerjigazetesi.ist\/en\/wp-json\/wp\/v2\/types\/post"}],"author":[{"embeddable":true,"href":"https:\/\/www.enerjigazetesi.ist\/en\/wp-json\/wp\/v2\/users\/1"}],"replies":[{"embeddable":true,"href":"https:\/\/www.enerjigazetesi.ist\/en\/wp-json\/wp\/v2\/comments?post=131679"}],"version-history":[{"count":0,"href":"https:\/\/www.enerjigazetesi.ist\/en\/wp-json\/wp\/v2\/posts\/131679\/revisions"}],"wp:featuredmedia":[{"embeddable":true,"href":"https:\/\/www.enerjigazetesi.ist\/en\/wp-json\/wp\/v2\/media\/131682"}],"wp:attachment":[{"href":"https:\/\/www.enerjigazetesi.ist\/en\/wp-json\/wp\/v2\/media?parent=131679"}],"wp:term":[{"taxonomy":"category","embeddable":true,"href":"https:\/\/www.enerjigazetesi.ist\/en\/wp-json\/wp\/v2\/categories?post=131679"},{"taxonomy":"post_tag","embeddable":true,"href":"https:\/\/www.enerjigazetesi.ist\/en\/wp-json\/wp\/v2\/tags?post=131679"}],"curies":[{"name":"wp","href":"https:\/\/api.w.org\/{rel}","templated":true}]}}