{"id":131653,"date":"2021-03-22T03:16:25","date_gmt":"2021-03-22T00:16:25","guid":{"rendered":"https:\/\/www.enerjigazetesi.ist\/?p=131653"},"modified":"2021-03-22T03:43:47","modified_gmt":"2021-03-22T00:43:47","slug":"hakkari-de-profesyonel-dagci-ve-kayakcilari-aratmayan-elektrik-ariza-ekipleri","status":"publish","type":"post","link":"https:\/\/www.enerjigazetesi.ist\/en\/hakkari-de-profesyonel-dagci-ve-kayakcilari-aratmayan-elektrik-ariza-ekipleri\/","title":{"rendered":"(Turkish) Hakkari&#8217;nin Profesyonel Da\u011fc\u0131 ve Kayak\u00e7\u0131lar\u0131 Aratmayan Ar\u0131za Ekipleri!"},"content":{"rendered":"<p class=\"qtranxs-available-languages-message qtranxs-available-languages-message-en\">Sorry, this entry is only available in <a href=\"https:\/\/www.enerjigazetesi.ist\/tr\/wp-json\/wp\/v2\/posts\/131653\" class=\"qtranxs-available-language-link qtranxs-available-language-link-tr\" title=\"Turkish\">Turkish<\/a>. For the sake of viewer convenience, the content is shown below in the alternative language. You may click the link to switch the active language.<\/p><p><\/p>\n<h1>Hakkari&#8217;de Vang\u00f6l\u00fc Elektrik Da\u011f\u0131t\u0131m A.\u015e. (VEDA\u015e) ekipleri taraf\u0131ndan y\u00fcksek rak\u0131ml\u0131 b\u00f6lgelerde ya\u015fanan elektrik ar\u0131zalar\u0131n\u0131 gidermeye y\u00f6nelik kimi zaman bir da\u011fc\u0131 gibi t\u0131rman\u0131larak kimi zaman da kayak tak\u0131mlar\u0131yla kayarak enerji nakil hatlar\u0131n\u0131n bulundu\u011fu b\u00f6lgeye ula\u015f\u0131l\u0131yor.<\/h1>\n<p><img loading=\"lazy\" class=\"alignright wp-image-131656\" src=\"https:\/\/www.enerjigazetesi.ist\/wp-content\/uploads\/2021\/03\/hakkari-nin-profesyonel-dagci-ve-kayakcilari-aratmayan-elektrik-ariza-ekipleri.jpg\" alt=\"\" width=\"340\" height=\"181\" srcset=\"https:\/\/www.enerjigazetesi.ist\/wp-content\/uploads\/2021\/03\/hakkari-nin-profesyonel-dagci-ve-kayakcilari-aratmayan-elektrik-ariza-ekipleri.jpg 640w, https:\/\/www.enerjigazetesi.ist\/wp-content\/uploads\/2021\/03\/hakkari-nin-profesyonel-dagci-ve-kayakcilari-aratmayan-elektrik-ariza-ekipleri-300x159.jpg 300w, https:\/\/www.enerjigazetesi.ist\/wp-content\/uploads\/2021\/03\/hakkari-nin-profesyonel-dagci-ve-kayakcilari-aratmayan-elektrik-ariza-ekipleri-500x266.jpg 500w, https:\/\/www.enerjigazetesi.ist\/wp-content\/uploads\/2021\/03\/hakkari-nin-profesyonel-dagci-ve-kayakcilari-aratmayan-elektrik-ariza-ekipleri-80x43.jpg 80w\" sizes=\"(max-width: 340px) 100vw, 340px\" \/>Hakkari&#8217;de <strong>kar<\/strong> ve<strong> tipi<\/strong> nedeniyle meydana gelen elektrik ar\u0131zalar\u0131n\u0131 gidermeye \u00e7al\u0131\u015fan ekipler, vatanda\u015flara <strong>kesintisiz enerji verilmesi<\/strong> i\u00e7in g\u00f6sterdikleri yo\u011fun u\u011fra\u015f ve gayretlerinden dolay\u0131 halk\u0131n takdirini topluyor.<\/p>\n<p>Hakkari, co\u011frafi a\u00e7\u0131dan zor bir b\u00f6lge olurken bundan dolay\u0131 ekiplerin b\u00fcy\u00fck bir \u00f6zveriyle g\u00f6rev yapt\u0131\u011f\u0131n\u0131 belirten VEDA\u015e \u0130l M\u00fcd\u00fcr\u00fc Mehmet Salih Ero\u011fuz, <span style=\"text-decoration: underline;\">\u015funlar\u0131 dile getirdi:<\/span><\/p>\n<p><em>&#8220;Kar\u0131n \u00e7ok ya\u011fd\u0131\u011f\u0131 bir co\u011frafya. Karla beraber <strong>dondurucu so\u011fuklar, buzlanmalar<\/strong> ve<strong> f\u0131rt\u0131na<\/strong> oluyor. \u015eebekelerimiz bundan zarar g\u00f6r\u00fcyor. \u00d6zellikle rak\u0131m\u0131 y\u00fcksek yerlerde ekiplerimiz kar ara\u00e7lar\u0131yla, zaman zaman da kayak yaparak ar\u0131zan\u0131n oldu\u011fu b\u00f6lgeye ula\u015f\u0131yor. Ekiplerimizin gitti\u011fi \u00e7o\u011fu yerde ileti\u015fim imkan\u0131 olmuyor. Zaman zaman da askerlerden destek isteyerek <strong>helikopter<\/strong> ile rak\u0131m\u0131 y\u00fcksek k\u00f6ylerimize, \u00fcs b\u00f6lgelerimize giderek <strong>ar\u0131zalar\u0131 gidermeye<\/strong> \u00e7al\u0131\u015f\u0131yoruz. Bunlar art\u0131k bize s\u0131ra d\u0131\u015f\u0131 gelmiyor. Arkada\u015flar\u0131m\u0131z da bu konuda tecr\u00fcbe kazand\u0131. Her t\u00fcrl\u00fc <strong>k\u0131\u015f \u015fartlar\u0131na kar\u015f\u0131<\/strong> haz\u0131rl\u0131kl\u0131y\u0131z. Ekiplerimizin ger\u00e7ekten \u00f6zverili \u00e7al\u0131\u015fmalar\u0131 vatanda\u015flar\u0131m\u0131z\u0131 mutlu ediyor. Onlar <strong>mutlu oldu\u011funda, ayd\u0131nland\u0131\u011f\u0131nda, \u0131s\u0131nd\u0131\u011f\u0131nda<\/strong> biz de mutlu oluyoruz.<\/em><em>&#8220;<\/em> dedi.<\/p>","protected":false},"excerpt":{"rendered":"<p>Sorry, this entry is only available in Turkish. For the sake of viewer convenience, the content is shown below in the alternative language. You may click the link to switch the active language. Hakkari&#8217;de Vang\u00f6l\u00fc Elektrik Da\u011f\u0131t\u0131m A.\u015e. (VEDA\u015e) ekipleri taraf\u0131ndan y\u00fcksek rak\u0131ml\u0131 b\u00f6lgelerde ya\u015fanan elektrik ar\u0131zalar\u0131n\u0131 gidermeye y\u00f6nelik kimi zaman bir da\u011fc\u0131 gibi t\u0131rman\u0131larak [&hellip;]<\/p>\n","protected":false},"author":1,"featured_media":131656,"comment_status":"open","ping_status":"open","sticky":false,"template":"","format":"standard","meta":[],"categories":[51,53],"tags":[88306,53114,34923,88307,88305,88304],"views":105,"_links":{"self":[{"href":"https:\/\/www.enerjigazetesi.ist\/en\/wp-json\/wp\/v2\/posts\/131653"}],"collection":[{"href":"https:\/\/www.enerjigazetesi.ist\/en\/wp-json\/wp\/v2\/posts"}],"about":[{"href":"https:\/\/www.enerjigazetesi.ist\/en\/wp-json\/wp\/v2\/types\/post"}],"author":[{"embeddable":true,"href":"https:\/\/www.enerjigazetesi.ist\/en\/wp-json\/wp\/v2\/users\/1"}],"replies":[{"embeddable":true,"href":"https:\/\/www.enerjigazetesi.ist\/en\/wp-json\/wp\/v2\/comments?post=131653"}],"version-history":[{"count":0,"href":"https:\/\/www.enerjigazetesi.ist\/en\/wp-json\/wp\/v2\/posts\/131653\/revisions"}],"wp:featuredmedia":[{"embeddable":true,"href":"https:\/\/www.enerjigazetesi.ist\/en\/wp-json\/wp\/v2\/media\/131656"}],"wp:attachment":[{"href":"https:\/\/www.enerjigazetesi.ist\/en\/wp-json\/wp\/v2\/media?parent=131653"}],"wp:term":[{"taxonomy":"category","embeddable":true,"href":"https:\/\/www.enerjigazetesi.ist\/en\/wp-json\/wp\/v2\/categories?post=131653"},{"taxonomy":"post_tag","embeddable":true,"href":"https:\/\/www.enerjigazetesi.ist\/en\/wp-json\/wp\/v2\/tags?post=131653"}],"curies":[{"name":"wp","href":"https:\/\/api.w.org\/{rel}","templated":true}]}}