{"id":131624,"date":"2021-03-22T02:06:12","date_gmt":"2021-03-21T23:06:12","guid":{"rendered":"https:\/\/www.enerjigazetesi.ist\/?p=131624"},"modified":"2021-03-22T02:06:12","modified_gmt":"2021-03-21T23:06:12","slug":"1-000-000-litreyi-asan-su-tasarrufu-saglayan-yenilikci-arac-yikama-hizmeti","status":"publish","type":"post","link":"https:\/\/www.enerjigazetesi.ist\/en\/1-000-000-litreyi-asan-su-tasarrufu-saglayan-yenilikci-arac-yikama-hizmeti\/","title":{"rendered":"(Turkish) 1.000.000 Litreyi A\u015fan Su Tasarrufu Sa\u011flayan Yenilik\u00e7i Ara\u00e7 Y\u0131kama Hizmeti"},"content":{"rendered":"<p class=\"qtranxs-available-languages-message qtranxs-available-languages-message-en\">Sorry, this entry is only available in <a href=\"https:\/\/www.enerjigazetesi.ist\/tr\/wp-json\/wp\/v2\/posts\/131624\" class=\"qtranxs-available-language-link qtranxs-available-language-link-tr\" title=\"Turkish\">Turkish<\/a>. For the sake of viewer convenience, the content is shown below in the alternative language. You may click the link to switch the active language.<\/p><p><\/p>\n<h1><strong>Shell\u2019in \u015fu anda 4 istasyonundaki ara\u00e7 y\u0131kama \u00fcnitelerinde y\u00fcr\u00fctt\u00fc\u011f\u00fc pilot uygulama sayesinde, y\u0131kama esnas\u0131nda kullan\u0131lan suyun geri d\u00f6n\u00fc\u015ft\u00fcr\u00fclmesi ve rehabilite edilerek tekrar kullan\u0131lmas\u0131 ile binlerce ara\u00e7 ilave herhangi bir su t\u00fcketmeden y\u0131kanabiliyor. Projenin hayata ge\u00e7ti\u011fi g\u00fcnden bu yana 10.000\u2019in \u00fczerinde ara\u00e7, ara\u00e7 y\u0131kama \u00fcnitesinin mevcutta sahip oldu\u011fu su ile y\u0131kanarak 1.000.000 litreden fazla su tasarrufu sa\u011fland\u0131.<\/strong><\/h1>\n<p>Su, hayat\u0131n hem en temel kayna\u011f\u0131 hem de sa\u011fl\u0131k i\u00e7in vazge\u00e7ilmez bir ihtiya\u00e7. <strong>Su kaynaklar\u0131n\u0131n<\/strong> <strong>korunmas\u0131<\/strong> ve <strong>verimli<\/strong> bir \u015fekilde y\u00f6netimi,<strong> s\u00fcrd\u00fcr\u00fclebilir geli\u015fmenin<\/strong> ger\u00e7ekle\u015ftirilebilmesi a\u00e7\u0131s\u0131ndan \u00e7ok \u00f6nemli. <strong>Birle\u015fmi\u015f Milletler D\u00fcnya Su konseyi (UNCWW), D\u00fcnya Kaynaklar\u0131 <img loading=\"lazy\" class=\"alignright wp-image-131628\" src=\"https:\/\/www.enerjigazetesi.ist\/wp-content\/uploads\/2021\/03\/1-000-000-litreyi-asan-su-tasarrufu-saglayan-yenilikci-arac-yikama-hizmeti.jpg\" alt=\"\" width=\"340\" height=\"231\" srcset=\"https:\/\/www.enerjigazetesi.ist\/wp-content\/uploads\/2021\/03\/1-000-000-litreyi-asan-su-tasarrufu-saglayan-yenilikci-arac-yikama-hizmeti.jpg 550w, https:\/\/www.enerjigazetesi.ist\/wp-content\/uploads\/2021\/03\/1-000-000-litreyi-asan-su-tasarrufu-saglayan-yenilikci-arac-yikama-hizmeti-300x204.jpg 300w, https:\/\/www.enerjigazetesi.ist\/wp-content\/uploads\/2021\/03\/1-000-000-litreyi-asan-su-tasarrufu-saglayan-yenilikci-arac-yikama-hizmeti-500x340.jpg 500w, https:\/\/www.enerjigazetesi.ist\/wp-content\/uploads\/2021\/03\/1-000-000-litreyi-asan-su-tasarrufu-saglayan-yenilikci-arac-yikama-hizmeti-74x50.jpg 74w\" sizes=\"(max-width: 340px) 100vw, 340px\" \/>Enstit\u00fcs\u00fc (IWR)<\/strong> ve <strong>D\u00fcnya Sa\u011fl\u0131k \u00d6rg\u00fct\u00fc (WHO)<\/strong> gibi kurulu\u015flar, <strong>2050 y\u0131l\u0131nda<\/strong> d\u00fcnya n\u00fcfusunun <strong>2\/3<\/strong>&#8216;\u00fcn\u00fcn ya\u015fayaca\u011f\u0131 <strong>66<\/strong> \u00fclkede, \u015fiddetli su s\u0131k\u0131nt\u0131s\u0131n\u0131n g\u00f6r\u00fclece\u011fini belirterek k\u00fcresel <strong>su krizinin<\/strong> i\u015faretlerini veriyor.<\/p>\n<p>Shell, <strong>k\u00fcresel iklim kriziyle<\/strong> ba\u015f g\u00f6steren<strong> su sorunuyla m\u00fccadelede<\/strong>,<strong> su t\u00fcketimi<\/strong>nin \u00f6nemli bir par\u00e7as\u0131 olan ara\u00e7 y\u0131kama konusunda, <strong>4<\/strong> istasyonundaki <strong>ara\u00e7 y\u0131kama \u00fcnitelerinde<\/strong> y\u00fcr\u00fctt\u00fc\u011f\u00fc pilot uygulama ile \u00f6nemli bir ad\u0131m att\u0131. Hayata ge\u00e7irilen proje \u015fu anda <strong>Ac\u0131badem, Ka\u011f\u0131thane, Osmanpa\u015fa, Atakent <\/strong>ve<strong> S\u00f6\u011f\u00fct\u00f6z\u00fc<\/strong> olmak \u00fczere <strong>4 tane istasyonda<\/strong> uygulan\u0131yor. Ara\u00e7 y\u0131kama konusunda bir devrim niteli\u011finde olan ayn\u0131 <strong>su ile ara\u00e7lar\u0131n y\u0131kanabilmesi<\/strong> ile binlerce ara\u00e7 ilave su t\u00fcketimine ihtiya\u00e7 duymadan y\u0131kanabiliyor. Ara\u00e7 y\u0131kan\u0131rken a\u015fa\u011f\u0131ya akan <strong>kirli suyun<\/strong>, <strong>rehabilite edilmesi<\/strong> ile ayn\u0131 su tekrar kullan\u0131labiliyor.<\/p>\n<h2><strong>En ge\u00e7 2050\u2019de net s\u0131f\u0131r emisyon!<\/strong><\/h2>\n<p><strong>\u0130klim de\u011fi\u015fikli\u011fi<\/strong> ile <strong>m\u00fccadele<\/strong> konusunda t\u00fcm d\u00fcnyada <strong>k\u00fcresel s\u0131cakl\u0131k art\u0131\u015f\u0131<\/strong>n\u0131n <strong>1,5\u00b0C<\/strong> ile s\u0131n\u0131rland\u0131r\u0131lmas\u0131na odaklan\u0131l\u0131yor. Bu do\u011frultuda Shell k\u00fcresel d\u00fczeyde en ge\u00e7 <strong>2050\u2019de<\/strong> <strong>net s\u0131f\u0131r emisyonla<\/strong> faaliyet g\u00f6steren bir enerji \u015firketi olma hedefini a\u00e7\u0131klad\u0131.<\/p>\n<p><strong>\u0130klim de\u011fi\u015fikli\u011fi ile m\u00fccadele<\/strong> i\u00e7in<strong> elektrik \u00fcretiminden<\/strong> sanayiye ve nakliyeye kadar k\u00fcresel enerji sisteminin ciddi bir d\u00f6n\u00fc\u015f\u00fcme ihtiyac\u0131 var. Shell de <strong>iklim de\u011fi\u015fikli\u011finin<\/strong> \u00fcstesinden gelmenin tek bir \u00e7\u00f6z\u00fcm\u00fc olmad\u0131\u011f\u0131n\u0131n fark\u0131nda. Shell\u2019in yol haritas\u0131n\u0131 <strong>3 temel ba\u015fl\u0131k<\/strong> olu\u015fturuyor; <strong>1&#8217;incisi<\/strong>, en ge\u00e7 <strong>2050 y\u0131l\u0131na<\/strong> kadar t\u00fcm \u00fcr\u00fcnlerimizin \u00fcretiminden kaynaklanan <strong>emisyonlar\u0131 net s\u0131f\u0131ra indirmek<\/strong>. <strong>2&#8217;incisi;<\/strong> enerji \u00fcr\u00fcnlerinin <strong>net karbon ayak izini azaltmak<\/strong>. <strong>3&#8217;\u00fcnc\u00fcs\u00fc<\/strong>; m\u00fc\u015fterilerinin Shell\u2019den sat\u0131n alm\u0131\u015f olduklar\u0131 yak\u0131tlar\u0131 kulland\u0131klar\u0131nda \u00e7\u0131kan <strong>emisyonlar\u0131 azaltmak<\/strong> i\u00e7in m\u00fc\u015fterileriyle birlikte \u00e7al\u0131\u015fmak.<\/p>\n<p>Daha <strong>d\u00fc\u015f\u00fck karbonlu bir gelece\u011fe<\/strong> ge\u00e7i\u015f daha<strong> d\u00fc\u015f\u00fck karbon yo\u011funlu\u011funa<\/strong> sahip daha fazla \u00fcr\u00fcn satmak anlam\u0131na gelse de bu ayn\u0131 zamanda ka\u00e7\u0131n\u0131lamayan emisyonlarla <strong>do\u011fa<\/strong> veya <strong>teknoloji arac\u0131l\u0131\u011f\u0131yla<\/strong> ba\u015fa \u00e7\u0131kman\u0131n yollar\u0131n\u0131 bulmak da demek. \u0130\u015fte bu nedenle Shell, <strong>Do\u011fa Bazl\u0131 \u00c7\u00f6z\u00fcmler program\u0131<\/strong> kapsam\u0131nda, <strong>biyo\u00e7e\u015fitlili\u011fe<\/strong> ve <strong>yerel topluluklara<\/strong> fayda sa\u011flarken <strong>emisyonlar\u0131 azaltmak<\/strong> ve daha fazla <strong>CO<sub>2<\/sub> yakalamak<\/strong> i\u00e7in t\u00fcm d\u00fcnyada <strong>ormanlara, sulak alanlara<\/strong> ve <strong>di\u011fer do\u011fal ekosistemlere yat\u0131r\u0131m<\/strong> yap\u0131yor. Ayr\u0131ca<strong> do\u011fan\u0131n korunmas\u0131<\/strong> veya <strong>yenilenmesi<\/strong> kar\u015f\u0131l\u0131\u011f\u0131nda <strong>karbon kredisi<\/strong> sunan <strong>onaylanm\u0131\u015f projelere<\/strong> de yat\u0131r\u0131m yap\u0131yor.<\/p>\n<p>Aralar\u0131nda <strong>Earthwatch<\/strong>, <strong>Uluslararas\u0131 Do\u011fa Koruma Birli\u011fi, Do\u011fa Korumac\u0131l\u0131\u011f\u0131<\/strong> ve <strong>Sulak Alanlar Uluslararas\u0131 \u00d6rg\u00fct\u00fc<\/strong>&#8216;n\u00fcn de bulundu\u011fu <strong>sivil toplum kurulu\u015flar\u0131<\/strong> ile i\u015f birli\u011fi yapan Shell, <strong>biyolojik \u00e7e\u015fitlili\u011fi korumaya y\u00f6nelik<\/strong> projeler y\u00fcr\u00fct\u00fcyor, faaliyetlerinin yak\u0131n\u0131ndaki <strong>do\u011fal ya\u015fam alanlar\u0131n\u0131 koruma<\/strong> ve <strong>ekosistemleri<\/strong> yeniden kazand\u0131rmaya y\u00f6nelik \u00e7al\u0131\u015fmalar ger\u00e7ekle\u015ftiriyor.<\/p>\n<p>Bu do\u011frultuda T\u00fcrkiye\u2019de ge\u00e7ti\u011fimiz Haziran ay\u0131nda<strong> \u0130stanbul \u00dcniversitesi Orman Fak\u00fcltesi&#8217;<\/strong>nde g\u00f6rev yapan ve alanda se\u00e7kin iki profes\u00f6r\u00fcn liderli\u011finde <strong>3100 a\u011fac\u0131<\/strong> olan ilk <strong>Shell T\u00fcrkiye Orman\u0131<\/strong>m\u0131z\u0131 kuruldu. T\u00fcrkiye\u2019de her y\u0131l<strong> 1.300\u2019den<\/strong> fazla otomobilden sal\u0131nan yakla\u015f\u0131k <strong>105ton karbondioksitin n\u00f6trlenmesi<\/strong> hedefleniyor.<\/p>\n<p><strong>Shell<\/strong>, <strong>BM<\/strong>\u2019nin <strong>S\u00fcrd\u00fcr\u00fclebilir Kalk\u0131nma Hedefleri<\/strong>ni merkezine ald\u0131\u011f\u0131 \u00e7evre \u00e7al\u0131\u015fmalar\u0131yla herkes i\u00e7in <strong>daha ya\u015fanabilir<\/strong> ve <strong>s\u00fcrd\u00fcr\u00fclebilir<\/strong> bir d\u00fcnya olu\u015fturmak i\u00e7in, <strong>akaryak\u0131t sekt\u00f6r\u00fc<\/strong>n\u00fcn lider markas\u0131 olarak \u00fczerine d\u00fc\u015fen<strong> sorumlulu\u011fun bilinciyle<\/strong> \u00e7al\u0131\u015fmalar\u0131na\u0131 s\u00fcrd\u00fcr\u00fcyor.<\/p>","protected":false},"excerpt":{"rendered":"<p>Sorry, this entry is only available in Turkish. For the sake of viewer convenience, the content is shown below in the alternative language. You may click the link to switch the active language. Shell\u2019in \u015fu anda 4 istasyonundaki ara\u00e7 y\u0131kama \u00fcnitelerinde y\u00fcr\u00fctt\u00fc\u011f\u00fc pilot uygulama sayesinde, y\u0131kama esnas\u0131nda kullan\u0131lan suyun geri d\u00f6n\u00fc\u015ft\u00fcr\u00fclmesi ve rehabilite edilerek tekrar [&hellip;]<\/p>\n","protected":false},"author":1,"featured_media":131628,"comment_status":"open","ping_status":"open","sticky":false,"template":"","format":"standard","meta":[],"categories":[53,52,44],"tags":[52407,88276,88277,88278,53153,70554,80824,84665,51627,88275],"views":189,"_links":{"self":[{"href":"https:\/\/www.enerjigazetesi.ist\/en\/wp-json\/wp\/v2\/posts\/131624"}],"collection":[{"href":"https:\/\/www.enerjigazetesi.ist\/en\/wp-json\/wp\/v2\/posts"}],"about":[{"href":"https:\/\/www.enerjigazetesi.ist\/en\/wp-json\/wp\/v2\/types\/post"}],"author":[{"embeddable":true,"href":"https:\/\/www.enerjigazetesi.ist\/en\/wp-json\/wp\/v2\/users\/1"}],"replies":[{"embeddable":true,"href":"https:\/\/www.enerjigazetesi.ist\/en\/wp-json\/wp\/v2\/comments?post=131624"}],"version-history":[{"count":0,"href":"https:\/\/www.enerjigazetesi.ist\/en\/wp-json\/wp\/v2\/posts\/131624\/revisions"}],"wp:featuredmedia":[{"embeddable":true,"href":"https:\/\/www.enerjigazetesi.ist\/en\/wp-json\/wp\/v2\/media\/131628"}],"wp:attachment":[{"href":"https:\/\/www.enerjigazetesi.ist\/en\/wp-json\/wp\/v2\/media?parent=131624"}],"wp:term":[{"taxonomy":"category","embeddable":true,"href":"https:\/\/www.enerjigazetesi.ist\/en\/wp-json\/wp\/v2\/categories?post=131624"},{"taxonomy":"post_tag","embeddable":true,"href":"https:\/\/www.enerjigazetesi.ist\/en\/wp-json\/wp\/v2\/tags?post=131624"}],"curies":[{"name":"wp","href":"https:\/\/api.w.org\/{rel}","templated":true}]}}