{"id":131606,"date":"2021-03-20T21:25:24","date_gmt":"2021-03-20T18:25:24","guid":{"rendered":"https:\/\/www.enerjigazetesi.ist\/?p=131606"},"modified":"2021-03-20T21:34:18","modified_gmt":"2021-03-20T18:34:18","slug":"ataturk-orman-ciftligi-mudurlugu-enerjisini-gunesten-alacak","status":"publish","type":"post","link":"https:\/\/www.enerjigazetesi.ist\/en\/ataturk-orman-ciftligi-mudurlugu-enerjisini-gunesten-alacak\/","title":{"rendered":"(Turkish) &#8217;Atat\u00fcrk Orman \u00c7iftli\u011fi M\u00fcd\u00fcrl\u00fc\u011f\u00fc&#8217; Enerjisini G\u00fcne\u015ften Alacak"},"content":{"rendered":"<p class=\"qtranxs-available-languages-message qtranxs-available-languages-message-en\">Sorry, this entry is only available in <a href=\"https:\/\/www.enerjigazetesi.ist\/tr\/wp-json\/wp\/v2\/posts\/131606\" class=\"qtranxs-available-language-link qtranxs-available-language-link-tr\" title=\"Turkish\">Turkish<\/a>. For the sake of viewer convenience, the content is shown below in the alternative language. You may click the link to switch the active language.<\/p><p><\/p>\n<h1>Atat\u00fcrk Orman \u00c7iftli\u011fi M\u00fcd\u00fcrl\u00fc\u011f\u00fc taraf\u0131ndan enerji ihtiyac\u0131n\u0131n kar\u015f\u0131lanmas\u0131na y\u00f6nelik 2 MW kurulu g\u00fcce sahip G\u00fcne\u015f <img loading=\"lazy\" class=\"alignright wp-image-131608\" src=\"https:\/\/www.enerjigazetesi.ist\/wp-content\/uploads\/2021\/03\/ataturk-orman-ciftligi-mudurlugu-enerjisini-gunesten-alacak.jpg\" alt=\"\" width=\"320\" height=\"190\" srcset=\"https:\/\/www.enerjigazetesi.ist\/wp-content\/uploads\/2021\/03\/ataturk-orman-ciftligi-mudurlugu-enerjisini-gunesten-alacak.jpg 378w, https:\/\/www.enerjigazetesi.ist\/wp-content\/uploads\/2021\/03\/ataturk-orman-ciftligi-mudurlugu-enerjisini-gunesten-alacak-300x179.jpg 300w, https:\/\/www.enerjigazetesi.ist\/wp-content\/uploads\/2021\/03\/ataturk-orman-ciftligi-mudurlugu-enerjisini-gunesten-alacak-80x48.jpg 80w\" sizes=\"(max-width: 320px) 100vw, 320px\" \/>Enerji Santrali (GES) kurulumu yap\u0131lacak.<\/h1>\n<p>Ankara\u2019da\u00a0<strong>Atat\u00fcrk Orman \u00c7iftli\u011fi M\u00fcd\u00fcrl\u00fc\u011f\u00fc<\/strong>&#8216;nce yakla\u015f\u0131k <strong>25 bin m2<\/strong>\u2019lik alanda <strong>1,93392 MW<\/strong> kurulu g\u00fc\u00e7te\u00a0<strong>G\u00fcne\u015f Enerji Santrali (GES) kurulmas\u0131<\/strong> planlan\u0131yor.<\/p>\n<p>Yakla\u015f\u0131k <strong>10 milyon lira<\/strong> yat\u0131r\u0131m bedeline sahip projeyle\u00a0<strong>M\u00fcd\u00fcrl\u00fc\u011f\u00fcn<\/strong> kendisine ait olan\u00a0<strong>arsa vas\u0131fl\u0131 arazide<\/strong> <strong>1,2798 MW<\/strong> ve <strong>0,65412<\/strong> kapasiteye sahip\u00a0<strong>2 g\u00fcne\u015f enerjisi santrali<\/strong> kurulumu yap\u0131lacak. <strong>GES-1<\/strong> alan\u0131nda toplam da<strong> 3240 adet<\/strong> panel kullan\u0131lacak olup\u00a0<strong>GES-2<\/strong> lokasyonun da ise<strong>\u00a01656 adet<\/strong> panel yer alacak.<\/p>","protected":false},"excerpt":{"rendered":"<p>Sorry, this entry is only available in Turkish. For the sake of viewer convenience, the content is shown below in the alternative language. You may click the link to switch the active language. Atat\u00fcrk Orman \u00c7iftli\u011fi M\u00fcd\u00fcrl\u00fc\u011f\u00fc taraf\u0131ndan enerji ihtiyac\u0131n\u0131n kar\u015f\u0131lanmas\u0131na y\u00f6nelik 2 MW kurulu g\u00fcce sahip G\u00fcne\u015f Enerji Santrali (GES) kurulumu yap\u0131lacak. Ankara\u2019da\u00a0Atat\u00fcrk Orman [&hellip;]<\/p>\n","protected":false},"author":1,"featured_media":131608,"comment_status":"open","ping_status":"open","sticky":false,"template":"","format":"standard","meta":[],"categories":[51,53,49],"tags":[88269,88270,5070,1009,62292,53157,54979],"views":173,"_links":{"self":[{"href":"https:\/\/www.enerjigazetesi.ist\/en\/wp-json\/wp\/v2\/posts\/131606"}],"collection":[{"href":"https:\/\/www.enerjigazetesi.ist\/en\/wp-json\/wp\/v2\/posts"}],"about":[{"href":"https:\/\/www.enerjigazetesi.ist\/en\/wp-json\/wp\/v2\/types\/post"}],"author":[{"embeddable":true,"href":"https:\/\/www.enerjigazetesi.ist\/en\/wp-json\/wp\/v2\/users\/1"}],"replies":[{"embeddable":true,"href":"https:\/\/www.enerjigazetesi.ist\/en\/wp-json\/wp\/v2\/comments?post=131606"}],"version-history":[{"count":0,"href":"https:\/\/www.enerjigazetesi.ist\/en\/wp-json\/wp\/v2\/posts\/131606\/revisions"}],"wp:featuredmedia":[{"embeddable":true,"href":"https:\/\/www.enerjigazetesi.ist\/en\/wp-json\/wp\/v2\/media\/131608"}],"wp:attachment":[{"href":"https:\/\/www.enerjigazetesi.ist\/en\/wp-json\/wp\/v2\/media?parent=131606"}],"wp:term":[{"taxonomy":"category","embeddable":true,"href":"https:\/\/www.enerjigazetesi.ist\/en\/wp-json\/wp\/v2\/categories?post=131606"},{"taxonomy":"post_tag","embeddable":true,"href":"https:\/\/www.enerjigazetesi.ist\/en\/wp-json\/wp\/v2\/tags?post=131606"}],"curies":[{"name":"wp","href":"https:\/\/api.w.org\/{rel}","templated":true}]}}