{"id":13160,"date":"2013-07-19T06:13:33","date_gmt":"2013-07-19T03:13:33","guid":{"rendered":"https:\/\/www.enerjigazetesi.ist\/?p=13160"},"modified":"2013-07-19T06:13:33","modified_gmt":"2013-07-19T03:13:33","slug":"bakan-yildizdan-uzun-vadede-zam-yok-ifadesine-yalanlama","status":"publish","type":"post","link":"https:\/\/www.enerjigazetesi.ist\/en\/bakan-yildizdan-uzun-vadede-zam-yok-ifadesine-yalanlama\/","title":{"rendered":"(Turkish) Bakan Y\u0131ld\u0131z\u2019dan \u201cUzun Vadede Zam Yok\u201d \u0130fadesine Yalanlama"},"content":{"rendered":"<p class=\"qtranxs-available-languages-message qtranxs-available-languages-message-en\">Sorry, this entry is only available in <a href=\"https:\/\/www.enerjigazetesi.ist\/tr\/wp-json\/wp\/v2\/posts\/13160\" class=\"qtranxs-available-language-link qtranxs-available-language-link-tr\" title=\"Turkish\">Turkish<\/a>. For the sake of viewer convenience, the content is shown below in the alternative language. You may click the link to switch the active language.<\/p><p><strong>Enerji ve Tabii Kaynaklar Bakan\u0131 Taner Y\u0131ld\u0131z, Uluslararas\u0131 Enerji Ajans\u0131 \u0130cra Direkt\u00f6r\u00fc Maria Van Der Hoeven\u2019\u0131 Bakanl\u0131kta kabulu s\u0131ras\u0131nda bas\u0131n mensuplar\u0131n\u0131n sorular\u0131n\u0131 cevaplad\u0131. Petrol arama \u00e7al\u0131\u015fmalar\u0131na ili\u015fkin a\u00e7\u0131klamalarda bulunan Y\u0131ld\u0131z, Karadeniz\u2019deki aramalar\u0131n devam etti\u011fini vurgulad\u0131.<\/strong><\/p>\n<p>Y\u0131ld\u0131z, Akdeniz\u2019de de arama \u00e7al\u0131\u015fmalar\u0131n\u0131n ba\u015flat\u0131laca\u011f\u0131n\u0131 ifade ederek, \u015funlar\u0131 s\u00f6yledi: \u201c\u00d6n\u00fcm\u00fczdeki planlama<a href=\"https:\/\/www.enerjigazetesi.ist\/wp-content\/uploads\/2013\/07\/bakan-yildizdan-uzun-vadede-zam-yok-ifadesine-yalanlama.png\"><img loading=\"lazy\" class=\"alignright size-medium wp-image-13161\" title=\"bakan-yildizdan-uzun-vadede-zam-yok-ifadesine-yalanlama\" src=\"https:\/\/www.enerjigazetesi.ist\/wp-content\/uploads\/2013\/07\/bakan-yildizdan-uzun-vadede-zam-yok-ifadesine-yalanlama-300x188.png\" alt=\"\" width=\"300\" height=\"188\" srcset=\"https:\/\/www.enerjigazetesi.ist\/wp-content\/uploads\/2013\/07\/bakan-yildizdan-uzun-vadede-zam-yok-ifadesine-yalanlama-300x188.png 300w, https:\/\/www.enerjigazetesi.ist\/wp-content\/uploads\/2013\/07\/bakan-yildizdan-uzun-vadede-zam-yok-ifadesine-yalanlama-80x50.png 80w, https:\/\/www.enerjigazetesi.ist\/wp-content\/uploads\/2013\/07\/bakan-yildizdan-uzun-vadede-zam-yok-ifadesine-yalanlama.png 438w\" sizes=\"(max-width: 300px) 100vw, 300px\" \/><\/a>lar\u0131m\u0131zla \u00f6zellikle K\u0131br\u0131s\u2019\u0131n g\u00fcneyinde de, \u00f6nemli oldu\u011fu i\u00e7in s\u00f6yl\u00fcyorum, yakla\u015f\u0131k 10 bin 500 kilometrelik bir sismik arama yapmay\u0131 planl\u0131yoruz. Barbaros Hayrettin Pa\u015fa gemimiz in\u015fallah Akdeniz\u2019e ge\u00e7ti\u011finde ilk \u00e7al\u0131\u015fma alanlar\u0131ndan birisi K\u0131br\u0131s\u2019\u0131n g\u00fcneyinde olacak.\u201d<\/p>\n<h2>\u201cUzun vadede zam yok\u201d ifadesine yalanlama<\/h2>\n<p>Y\u0131ld\u0131z, bas\u0131nda yer alan \u201cdo\u011falgaza uzun vadede zam olmayaca\u011f\u0131\u201d ifadesinin ger\u00e7e\u011fi yans\u0131tmad\u0131\u011f\u0131n\u0131 belirtti.<\/p>\n<p>Bakan Y\u0131ld\u0131z, \u201c\u015eu ana kadar maliyetimizdeki art\u0131\u015flar\u0131 vatanda\u015f\u0131m\u0131za yans\u0131tmad\u0131k. Ama maliyetimizde bir art\u0131\u015f oldu\u011fu kesin. Ben bunun uzun d\u00f6nemde temenni etmedi\u011fimi s\u00f6yledim. Biz her ay do\u011falgaz, her \u00fc\u00e7 ayda bir elektrik fiyatlar\u0131 g\u00f6zden ge\u00e7iriyoruz. Benim uzun ve k\u0131sa d\u00f6nemli konu\u015fmam\u0131n do\u011fru olmayaca\u011f\u0131n\u0131, b\u00fct\u00fcn o de\u011ferlendirmelerinden sonra bunlar\u0131 kamuoyuyla payla\u015faca\u011f\u0131m\u0131 s\u00f6ylemi\u015ftim\u201d dedi.<\/p>\n<p>Kaynak: <a href=\"http:\/\/enerjienstitusu.com\/2013\/07\/18\/bakan-yildizdan-uzun-vadede-zam-yok-ifadesine-yalanlama\/\" target=\"_blank\">Enerji Enstit\u00fcs\u00fc<\/a><\/p>","protected":false},"excerpt":{"rendered":"<p>Sorry, this entry is only available in Turkish. For the sake of viewer convenience, the content is shown below in the alternative language. You may click the link to switch the active language.Enerji ve Tabii Kaynaklar Bakan\u0131 Taner Y\u0131ld\u0131z, Uluslararas\u0131 Enerji Ajans\u0131 \u0130cra Direkt\u00f6r\u00fc Maria Van Der Hoeven\u2019\u0131 Bakanl\u0131kta kabulu s\u0131ras\u0131nda bas\u0131n mensuplar\u0131n\u0131n sorular\u0131n\u0131 cevaplad\u0131. [&hellip;]<\/p>\n","protected":false},"author":1,"featured_media":13161,"comment_status":"open","ping_status":"open","sticky":false,"template":"","format":"standard","meta":[],"categories":[53],"tags":[710,7008,343,63,67,165,6847,81,667,7007],"views":586,"_links":{"self":[{"href":"https:\/\/www.enerjigazetesi.ist\/en\/wp-json\/wp\/v2\/posts\/13160"}],"collection":[{"href":"https:\/\/www.enerjigazetesi.ist\/en\/wp-json\/wp\/v2\/posts"}],"about":[{"href":"https:\/\/www.enerjigazetesi.ist\/en\/wp-json\/wp\/v2\/types\/post"}],"author":[{"embeddable":true,"href":"https:\/\/www.enerjigazetesi.ist\/en\/wp-json\/wp\/v2\/users\/1"}],"replies":[{"embeddable":true,"href":"https:\/\/www.enerjigazetesi.ist\/en\/wp-json\/wp\/v2\/comments?post=13160"}],"version-history":[{"count":1,"href":"https:\/\/www.enerjigazetesi.ist\/en\/wp-json\/wp\/v2\/posts\/13160\/revisions"}],"predecessor-version":[{"id":13162,"href":"https:\/\/www.enerjigazetesi.ist\/en\/wp-json\/wp\/v2\/posts\/13160\/revisions\/13162"}],"wp:featuredmedia":[{"embeddable":true,"href":"https:\/\/www.enerjigazetesi.ist\/en\/wp-json\/wp\/v2\/media\/13161"}],"wp:attachment":[{"href":"https:\/\/www.enerjigazetesi.ist\/en\/wp-json\/wp\/v2\/media?parent=13160"}],"wp:term":[{"taxonomy":"category","embeddable":true,"href":"https:\/\/www.enerjigazetesi.ist\/en\/wp-json\/wp\/v2\/categories?post=13160"},{"taxonomy":"post_tag","embeddable":true,"href":"https:\/\/www.enerjigazetesi.ist\/en\/wp-json\/wp\/v2\/tags?post=13160"}],"curies":[{"name":"wp","href":"https:\/\/api.w.org\/{rel}","templated":true}]}}