{"id":13154,"date":"2013-07-19T06:01:16","date_gmt":"2013-07-19T03:01:16","guid":{"rendered":"https:\/\/www.enerjigazetesi.ist\/?p=13154"},"modified":"2013-07-19T06:02:23","modified_gmt":"2013-07-19T03:02:23","slug":"isvecin-copu-bitti","status":"publish","type":"post","link":"https:\/\/www.enerjigazetesi.ist\/en\/isvecin-copu-bitti\/","title":{"rendered":"(Turkish) \u0130sve\u00e7\u2019in \u00c7\u00f6p\u00fc Bitti&#8230;"},"content":{"rendered":"<p class=\"qtranxs-available-languages-message qtranxs-available-languages-message-en\">Sorry, this entry is only available in <a href=\"https:\/\/www.enerjigazetesi.ist\/tr\/wp-json\/wp\/v2\/posts\/13154\" class=\"qtranxs-available-language-link qtranxs-available-language-link-tr\" title=\"Turkish\">Turkish<\/a>. For the sake of viewer convenience, the content is shown below in the alternative language. You may click the link to switch the active language.<\/p><p><strong>D\u00fcnya nefesini tuttu! ABD Merkez Bankas\u0131 (FED) Ba\u015fkan\u0131 Bernanke\u2018yi izliyor. \u201cGelecek veriler iyi olursa, hareket etmeye haz\u0131r\u0131z\u201d derse ortal\u0131k tutu\u015fur. Yava\u015f bile olsa ABD ekonomisi toparlan\u0131yor. AB\u2018de resesyon s\u00fcr\u00fcyor. \u00c7in\u2018de azalan \u00fcretim yeni korkular yarat\u0131yor. D\u00fcnya Bankas\u0131 ve IMF\u2019nin s\u0131k s\u0131k b\u00fcy\u00fcmesini revize etti\u011fi T\u00fcrkiye ise kafalar\u0131 kar\u0131\u015ft\u0131r\u0131yor.<\/strong><\/p>\n<p>Farkl\u0131 <strong>rekorlara <\/strong>imza at\u0131yoruz. <strong>OECD <\/strong>\u00fclkeleri aras\u0131nda en pahal\u0131 benzin ve <strong>benzine \u00f6denen \u00d6TV de <\/strong>bizde. Petrolde y\u00fczde 92, do\u011falgazda y\u00fczde 98 d\u0131\u015fa ba\u011f\u0131ml\u0131y\u0131z. T\u00fcketti\u011fimiz enerjinin <strong>y\u00fczde 63<\/strong>\u2018\u00fc petrol ve gazdan. E\u011fer tabloyu tersine \u00e7eviremezsek nefes alamay\u0131z.<\/p>\n<p><strong>***K\u0131ska\u00e7tan kurtulman\u0131n tek yolu yenilenebilir enerji.<\/strong><\/p>\n<p>10\u2032uncu <strong>be\u015f y\u0131ll\u0131k planda <\/strong>konulan yenilenebilir enerji hedefleri i\u00e7 a\u00e7\u0131c\u0131 de\u011fil. Uluslararas\u0131 Enerji Ajans\u0131 (<strong>U<a href=\"https:\/\/www.enerjigazetesi.ist\/wp-content\/uploads\/2013\/05\/copten-enerji-uretimine-son-3-yilda-ilgi-patlamasi-oldu.jpg\"><img loading=\"lazy\" class=\"alignright size-medium wp-image-10683\" title=\"kose-yazisi-isvecin-copu-bitti\" src=\"https:\/\/www.enerjigazetesi.ist\/wp-content\/uploads\/2013\/05\/copten-enerji-uretimine-son-3-yilda-ilgi-patlamasi-oldu-300x199.jpg\" alt=\"\" width=\"300\" height=\"199\" srcset=\"https:\/\/www.enerjigazetesi.ist\/wp-content\/uploads\/2013\/05\/copten-enerji-uretimine-son-3-yilda-ilgi-patlamasi-oldu-300x199.jpg 300w, https:\/\/www.enerjigazetesi.ist\/wp-content\/uploads\/2013\/05\/copten-enerji-uretimine-son-3-yilda-ilgi-patlamasi-oldu-75x50.jpg 75w, https:\/\/www.enerjigazetesi.ist\/wp-content\/uploads\/2013\/05\/copten-enerji-uretimine-son-3-yilda-ilgi-patlamasi-oldu.jpg 500w\" sizes=\"(max-width: 300px) 100vw, 300px\" \/><\/a>EA<\/strong>) bir a\u00e7\u0131klama yapt\u0131. \u201cT\u00fcrkiye finansal, teknik ve organizasyonda bekleneni veremedi, yenilenebilir enerjide hedefleri tutmaz\u201d dedi.<\/p>\n<p><strong>Yenilenebilir enerjinin merkezi \u0130sve\u00e7\u2026<\/strong><\/p>\n<p>9.5 milyon n\u00fcfuslu bu k\u00fc\u00e7\u00fck \u00fclke, 1990\u2032da \u00f6nemli bir karara imza att\u0131. Fosil enerjiden vazge\u00e7ti\u011fini, 2050\u2032de tamamen yenilenebilir enerji kayna\u011f\u0131n\u0131 kullanaca\u011f\u0131n\u0131 a\u00e7\u0131klad\u0131. \u00c7\u00f6p\u00fcnden elektrik \u00fcretiyor. <strong>250 bin <\/strong>konut elektrik ve \u0131s\u0131nma ihtiyac\u0131n\u0131 yak\u0131t olarak kullan\u0131lan \u00e7\u00f6pten sa\u011fl\u0131yor. H\u00fck\u00fcmet, \u00fclkede \u00fcretilen \u00e7\u00f6pten daha b\u00fcy\u00fck kapasiteli \u00e7\u00f6p d\u00f6n\u00fc\u015ft\u00fcrme tesisi kurdu. \u00c7\u00f6p\u00fc bitti \u00fclkenin\u2026<\/p>\n<p>Kom\u015fusu Norve\u00e7\u2019ten \u00e7\u00f6p ithal etmeye ba\u015flad\u0131. \u0130lk y\u0131lda <strong>80 bin ton \u00e7\u00f6p <\/strong>alacak.<\/p>\n<p><strong> Yesilist.com<\/strong>\u2018un haberine g\u00f6re, \u00fclkede \u00e7\u0131kan at\u0131klar\u0131n sadece <strong>y\u00fczde 4<\/strong>\u2018\u00fc geri d\u00f6n\u00fc\u015fmez durumda.<\/p>\n<p><strong>***\u00c7\u00f6p ithalat\u0131 farkl\u0131 bir al\u0131\u015fveri\u015fi do\u011furuyor. Norve\u00e7, fazla \u00e7\u00f6plerini yok etmesi i\u00e7in \u0130sve\u00e7\u2019e para \u00f6d\u00fcyor\u2026<\/strong><\/p>\n<p>\u0130sve\u00e7, para alarak elde etti\u011fi bu \u00e7\u00f6pleri geri d\u00f6n\u00fc\u015ft\u00fcr\u00fcp, vatanda\u015f\u0131na bedava <strong>elektrik <\/strong>ve <strong>\u0131s\u0131nma hizmeti <\/strong>olarak sunuyor. \u00dczerine bir de para kazan\u0131yor. \u0130sve\u00e7 \u015fimdi \u00e7\u00f6p ithalat\u0131n\u0131n \u00e7er\u00e7evesini geni\u015fletiyor. Norve\u00e7\u2019ten sonra Balkan \u00fclkelerinden \u0130talya ve Romanya gibi geri d\u00f6n\u00fc\u015f\u00fcm altyap\u0131s\u0131 olmayan \u00fclkelerden \u00e7\u00f6p alacak. Ke\u015fke T\u00fcrkiye\u2019yi de portf\u00f6y\u00fcne ekleyebilse!..<\/p>\n<p>Yazan: Meliha Okur<\/p>\n<p>Kaynak: <a href=\"http:\/\/enerjienstitusu.com\/2013\/07\/18\/kose-yazisi-isvecin-copu-bitti\/\" target=\"_blank\">Enerji Enstit\u00fcs\u00fc<\/a><\/p>","protected":false},"excerpt":{"rendered":"<p>Sorry, this entry is only available in Turkish. For the sake of viewer convenience, the content is shown below in the alternative language. You may click the link to switch the active language.D\u00fcnya nefesini tuttu! ABD Merkez Bankas\u0131 (FED) Ba\u015fkan\u0131 Bernanke\u2018yi izliyor. \u201cGelecek veriler iyi olursa, hareket etmeye haz\u0131r\u0131z\u201d derse ortal\u0131k tutu\u015fur. Yava\u015f bile olsa [&hellip;]<\/p>\n","protected":false},"author":1,"featured_media":10683,"comment_status":"open","ping_status":"open","sticky":false,"template":"","format":"standard","meta":[],"categories":[51,53],"tags":[1901,7001,2880,63,67,165,5390,6331,105],"views":960,"_links":{"self":[{"href":"https:\/\/www.enerjigazetesi.ist\/en\/wp-json\/wp\/v2\/posts\/13154"}],"collection":[{"href":"https:\/\/www.enerjigazetesi.ist\/en\/wp-json\/wp\/v2\/posts"}],"about":[{"href":"https:\/\/www.enerjigazetesi.ist\/en\/wp-json\/wp\/v2\/types\/post"}],"author":[{"embeddable":true,"href":"https:\/\/www.enerjigazetesi.ist\/en\/wp-json\/wp\/v2\/users\/1"}],"replies":[{"embeddable":true,"href":"https:\/\/www.enerjigazetesi.ist\/en\/wp-json\/wp\/v2\/comments?post=13154"}],"version-history":[{"count":2,"href":"https:\/\/www.enerjigazetesi.ist\/en\/wp-json\/wp\/v2\/posts\/13154\/revisions"}],"predecessor-version":[{"id":13156,"href":"https:\/\/www.enerjigazetesi.ist\/en\/wp-json\/wp\/v2\/posts\/13154\/revisions\/13156"}],"wp:featuredmedia":[{"embeddable":true,"href":"https:\/\/www.enerjigazetesi.ist\/en\/wp-json\/wp\/v2\/media\/10683"}],"wp:attachment":[{"href":"https:\/\/www.enerjigazetesi.ist\/en\/wp-json\/wp\/v2\/media?parent=13154"}],"wp:term":[{"taxonomy":"category","embeddable":true,"href":"https:\/\/www.enerjigazetesi.ist\/en\/wp-json\/wp\/v2\/categories?post=13154"},{"taxonomy":"post_tag","embeddable":true,"href":"https:\/\/www.enerjigazetesi.ist\/en\/wp-json\/wp\/v2\/tags?post=13154"}],"curies":[{"name":"wp","href":"https:\/\/api.w.org\/{rel}","templated":true}]}}