{"id":131538,"date":"2021-03-19T13:47:26","date_gmt":"2021-03-19T10:47:26","guid":{"rendered":"https:\/\/www.enerjigazetesi.ist\/?p=131538"},"modified":"2021-03-19T14:34:09","modified_gmt":"2021-03-19T11:34:09","slug":"iklim-aktivistleri-bosvaatleristemiyoruz-sloganiyla-yine-harekete-geciyor","status":"publish","type":"post","link":"https:\/\/www.enerjigazetesi.ist\/en\/iklim-aktivistleri-bosvaatleristemiyoruz-sloganiyla-yine-harekete-geciyor\/","title":{"rendered":"(Turkish) \u0130klim Aktivistleri 19 Mart&#8217;ta K\u00fcresel \u0130klim Grevi Kapsam\u0131nda Bulu\u015fuyor"},"content":{"rendered":"<p class=\"qtranxs-available-languages-message qtranxs-available-languages-message-en\">Sorry, this entry is only available in <a href=\"https:\/\/www.enerjigazetesi.ist\/tr\/wp-json\/wp\/v2\/posts\/131538\" class=\"qtranxs-available-language-link qtranxs-available-language-link-tr\" title=\"Turkish\">Turkish<\/a>. For the sake of viewer convenience, the content is shown below in the alternative language. You may click the link to switch the active language.<\/p><p><\/p>\n<h1>\u0130klim aktivistleri, d\u00fcnyan\u0131n kar\u015f\u0131 kar\u015f\u0131ya kald\u0131\u011f\u0131 halk sa\u011fl\u0131\u011f\u0131, sosyo-politik ve ekonomik krizleriyle bir arada s\u00fcregelen iklim krizine kar\u015f\u0131, d\u00fcnya liderlerinin acilen somut ve iddial\u0131 hedeflerle harekete ge\u00e7mesini talep etmek \u00fczere 19 Mart tarihinde <strong>K\u00fcresel \u0130klim Grevi<\/strong> kapsam\u0131nda bir araya geliyor.<\/h1>\n<p>Grevde, bu y\u0131l <strong>iklim de\u011fi\u015fikli\u011fi sebebiyle<\/strong> d\u00fcnyan\u0131n \u00e7e\u015fitli b\u00f6lgelerini harap eden felaketlere y\u00f6nelik acilen harekete ge\u00e7me talebi \u00f6ne \u00e7\u0131k\u0131yor. \u0130klim krizi, <strong>Teksas<\/strong>&#8216;ta en az<strong> 82 ki\u015fi<\/strong>nin hayat\u0131n\u0131 kaybetti\u011fi k\u0131\u015f f\u0131rt\u0131nas\u0131ndan, Arjantin&#8217;de \u015fimdiye kadar <strong>40.000 hektar\u0131n<\/strong> yok oldu\u011fu ve devam eden <strong>orman yang\u0131nlar\u0131na<\/strong> kadar \u00e7e\u015fitli etkileriyle d\u00fcnyan\u0131n bir\u00e7ok yerindeki<strong> insanlar<\/strong> ve <strong>ekosistemler<\/strong> \u00fczerinde <img loading=\"lazy\" class=\"alignright wp-image-131540\" src=\"https:\/\/www.enerjigazetesi.ist\/wp-content\/uploads\/2021\/03\/iklim-aktivistleri-bosvaatleristemiyoruz-sloganiyla-yine-harekete-geciyor-1.jpg\" alt=\"\" width=\"320\" height=\"180\" srcset=\"https:\/\/www.enerjigazetesi.ist\/wp-content\/uploads\/2021\/03\/iklim-aktivistleri-bosvaatleristemiyoruz-sloganiyla-yine-harekete-geciyor-1.jpg 550w, https:\/\/www.enerjigazetesi.ist\/wp-content\/uploads\/2021\/03\/iklim-aktivistleri-bosvaatleristemiyoruz-sloganiyla-yine-harekete-geciyor-1-300x169.jpg 300w, https:\/\/www.enerjigazetesi.ist\/wp-content\/uploads\/2021\/03\/iklim-aktivistleri-bosvaatleristemiyoruz-sloganiyla-yine-harekete-geciyor-1-500x281.jpg 500w, https:\/\/www.enerjigazetesi.ist\/wp-content\/uploads\/2021\/03\/iklim-aktivistleri-bosvaatleristemiyoruz-sloganiyla-yine-harekete-geciyor-1-80x45.jpg 80w\" sizes=\"(max-width: 320px) 100vw, 320px\" \/>olumsuz etkisini art\u0131r\u0131yor. <strong>\u0130klim aktivistleri<\/strong>, <strong>uzun vadeli iklim hedefleri yerine somut eylemlere \u00f6ncelik verilmesi<\/strong> gerekti\u011fini vurguluyor.<\/p>\n<p><strong>Arjantin&#8217;li iklim aktivist Nicki Becker<\/strong> <em>\u201cGer\u00e7ekle\u015ftirilen <strong>emisyon azalt\u0131m\u0131<\/strong> ile <strong>net emisyon azalt\u0131m\u0131<\/strong> ayn\u0131 anlama gelmiyor. Net azalt\u0131m, <strong>a\u011fa\u00e7 dikimi<\/strong> gibi g\u00fcvenilir olmayan y\u00f6ntemlerle <strong>s\u00fcregelen emisyonlar\u0131n telafi<\/strong> edilmesine olanak tan\u0131yor ve a\u00e7\u0131k\u00e7as\u0131 g\u00fcn\u00fcm\u00fczde gereken \u00f6l\u00e7ekte hayata ge\u00e7mesi m\u00fcmk\u00fcn olmayan teknolojilere dayal\u0131. <strong>Bilim insanlar\u0131<\/strong>, ihtiya\u00e7 duydu\u011fumuz hedeflerin i\u00e7inde bo\u015fluklar olan anlams\u0131z net s\u0131f\u0131r hedefler olmad\u0131\u011f\u0131n\u0131 a\u00e7\u0131k\u00e7a ortaya koyuyor. <strong>Adalet<\/strong> ve <strong>e\u015fitlik<\/strong> y\u00f6nlerinin hesaba kat\u0131ld\u0131\u011f\u0131<strong> \u015feffaf<\/strong> ve<strong> yasal a\u00e7\u0131dan<\/strong> ba\u011flay\u0131c\u0131l\u0131\u011f\u0131 bulunan hedeflere ihtiya\u00e7 duyuyoruz&#8221;<\/em> diyor.<\/p>\n<p>Ya\u015fanan t\u00fcm iklim felaketlerine ra\u011fmen, <strong>iklim aktivistleri<\/strong>nin sesleri duyulmas\u0131 bir yana, bu ki\u015filer susturuluyor. <a href=\"https:\/\/ecf.apms5.com\/anywhere\/m?s=ecf&amp;m=s_b50c3853-1b9a-406e-90e4-eaaa0030834e&amp;u=e1jq4wvfdtfk2d9k6mrmcc1r5mv32d255mu42ctr5n130hj55mum4e2168wm4chn68t44&amp;r2=d1u78w3k78qjytb4d5u6jvve5thpwvhecdqpubtj60t32btg68qk2d9fc5tpjr9fd5q68ub15nk62wkdcnt76bbge9qq8tbkegpp2rvmd5v6jwvm5nj6jwv8c4pq4rbpd4ppjvkmdgppgvkb5xmpwt35f0q6gx3ddg&amp;n=5\" target=\"_blank\" rel=\"nofollow noopener\"><strong>Hindistan, Uganda, Filipinler, <\/strong><strong>Hollanda<\/strong><\/a> ve daha bir\u00e7ok \u00fclkede iklim ve \u00e7evre aktivistlerine y\u00f6nelik zul\u00fcmlere ve tutuklamalara \u015fahit oluyoruz.<\/p>\n<p><strong>Filipinli iklim aktivisti Jon Bonifacio<\/strong>, <em>&#8220;D\u00fcnya liderleri, g\u00fcn\u00fcm\u00fcz sistemine kar\u015f\u0131 m\u00fccadele eden gen\u00e7lerin stat\u00fckoyu korumak a\u00e7\u0131s\u0131ndan tehdit unsuru olu\u015fturdu\u011funun fark\u0131ndalar. Ancak <strong>aktivistleri susturma<\/strong>n\u0131n, g\u00fc\u00e7 yerine <strong>zay\u0131fl\u0131\u011f\u0131n belirtisi<\/strong> oldu\u011funu bilmiyorlar. Bizleri bast\u0131rmaya y\u00f6nelik yap\u0131lanlar, \u00a0hareketimizi g\u00fc\u00e7lendiriyor. Bir ki\u015finin tutuklanmas\u0131yla kolektif hareketin tamam\u0131 bir araya gelerek onlar\u0131n arkas\u0131nda duruyor&#8221;<\/em> diyor.<\/p>\n<p><strong>\u0130klim grevi<\/strong> yapan aktivistler, daha fazla bo\u015f vaat istemediklerine y\u00f6nelik ba\u015flatt\u0131klar\u0131 <strong><em>#NoMoreEmptyPromises<\/em><\/strong> \u00e7a\u011fr\u0131s\u0131yla birlikte <a href=\"https:\/\/ecf.apms5.com\/anywhere\/m?s=ecf&amp;m=s_b50c3853-1b9a-406e-90e4-eaaa0030834e&amp;u=e1jq4wvfdtfk2d9k6mrmcc1r5mv32d255mu42ctr5n130hj55mum4e2168wm4chn68t44&amp;r2=d1u78w1u5wqpcwk9chgqjwv6dxt6cxbment6abkfe9kjyvb1e9hpgc9t&amp;n=9\" target=\"_blank\" rel=\"nofollow noopener\"><strong>acil eylem \u00f6nerilerini sunduklar\u0131 listeyi<\/strong><\/a> yay\u0131nlad\u0131. Meksika&#8217;dan <strong>Maria Reyes<\/strong>,<em> \u201c\u0130ktidardakilere bu kadar\u0131 yeter diyoruz. Karar vericiler her \u015feyin yap\u0131sal olarak ba\u011flant\u0131l\u0131 oldu\u011funun fark\u0131na varam\u0131yorlar. Verdikleri k\u00fc\u00e7\u00fck ve olduk\u00e7a ge\u00e7 olan kararlarla kendi mezarlar\u0131n\u0131 kaz\u0131yorlar. Ancak ilk zarar g\u00f6recek olanlar onlar de\u011fil, toplumun en savunmas\u0131z kesimleri. Acilen harekete ge\u00e7memiz gerekiyor ve bunun d\u0131\u015f\u0131nda hi\u00e7bir \u015feyi kabul etmeyece\u011fiz&#8221;<\/em> dedi.<\/p>\n<p><strong>2 y\u0131ldan fazla<\/strong> s\u00fcredir, d\u00fcnyan\u0131n d\u00f6rt bir yan\u0131ndaki gen\u00e7 iklim aktivistleri, iklim adaleti talebiyle grev yap\u0131yor ve sokaklara d\u00f6k\u00fcl\u00fcyor. Bug\u00fcn, <strong>COVID-19 salg\u0131n\u0131<\/strong> sebebiyle bir\u00e7ok yerde eylemler farkl\u0131 \u015fekillerde ger\u00e7ekle\u015fiyor. Ancak <strong><em>#NoMoreEmptyPromises<\/em> kampanyas\u0131<\/strong>n\u0131n talepleri, insanlar\u0131 s\u0131n\u0131r g\u00f6zetmeden acilen <strong>iklim de\u011fi\u015fikli\u011fine kar\u015f\u0131<\/strong> harekete ge\u00e7me hedefi alt\u0131nda birle\u015ftiriyor. <strong>Acilen harekete ge\u00e7ilmesi gerekli ilk alan olan fosil yak\u0131t end\u00fcstrisinden yat\u0131r\u0131mlar\u0131 geri \u00e7ekme kapsam\u0131nda<\/strong>, ondan fazla \u00fclkede yer alan <strong>iklim aktivistleri<\/strong>, <strong>Standard Chartered Bankas\u0131<\/strong>\u2019n\u0131n kendi \u00fclkelerindeki ofisleri \u00f6n\u00fcnde grev yap\u0131yorlar.<\/p>\n<p><strong>Endonezya&#8217;l\u0131 iklim aktivisti Salsabila Khairunisa<\/strong> <em>\u201cStandard Chartered Bankas\u0131 iklim katilidir. Bug\u00fcn\u00fcm\u00fc ve gelece\u011fimi yok eden <strong>k\u00f6m\u00fcr \u015firketlerine para<\/strong> aktararak <strong>\u00fclkemdeki y\u0131k\u0131m\u0131 s\u00fcrekli<\/strong> olarak finanse ediyorlar. <strong>Son 50 y\u0131lda<\/strong> G\u00fcney Kalimantan&#8217;da en b\u00fcy\u00fck selleri ya\u015fad\u0131k. Bu seller <strong>Standard Chartered Bank<\/strong> taraf\u0131ndan finanse edilen <strong>Adaro Energy<\/strong> gibi<strong> k\u00f6m\u00fcr \u015firketlerinin<\/strong> sebep oldu\u011fu ormans\u0131zla\u015fma nedeniyle meydana geldi. Bunun sona ermesi gerekiyor&#8221;<\/em> diyor.<\/p>\n<p><strong>\u0130sve\u00e7&#8217;li Greta Thunberg, <\/strong><em>&#8220;Eviniz yanarken, itfaiyeyi aramadan \u00f6nce <strong>10, 20 y\u0131l<\/strong> beklemiyorsunuz; olabildi\u011fince h\u0131zl\u0131 hareket ediyorsunuz ve elinizden gelen her \u015feyi yap\u0131yorsunuz&#8221;<\/em> diyor.<\/p>","protected":false},"excerpt":{"rendered":"<p>Sorry, this entry is only available in Turkish. For the sake of viewer convenience, the content is shown below in the alternative language. You may click the link to switch the active language. \u0130klim aktivistleri, d\u00fcnyan\u0131n kar\u015f\u0131 kar\u015f\u0131ya kald\u0131\u011f\u0131 halk sa\u011fl\u0131\u011f\u0131, sosyo-politik ve ekonomik krizleriyle bir arada s\u00fcregelen iklim krizine kar\u015f\u0131, d\u00fcnya liderlerinin acilen somut [&hellip;]<\/p>\n","protected":false},"author":1,"featured_media":131541,"comment_status":"open","ping_status":"open","sticky":false,"template":"","format":"standard","meta":[],"categories":[53,52],"tags":[88225,88223,23311,72250,36026,52510,55921,88222,88224,57125,37032],"views":76,"_links":{"self":[{"href":"https:\/\/www.enerjigazetesi.ist\/en\/wp-json\/wp\/v2\/posts\/131538"}],"collection":[{"href":"https:\/\/www.enerjigazetesi.ist\/en\/wp-json\/wp\/v2\/posts"}],"about":[{"href":"https:\/\/www.enerjigazetesi.ist\/en\/wp-json\/wp\/v2\/types\/post"}],"author":[{"embeddable":true,"href":"https:\/\/www.enerjigazetesi.ist\/en\/wp-json\/wp\/v2\/users\/1"}],"replies":[{"embeddable":true,"href":"https:\/\/www.enerjigazetesi.ist\/en\/wp-json\/wp\/v2\/comments?post=131538"}],"version-history":[{"count":0,"href":"https:\/\/www.enerjigazetesi.ist\/en\/wp-json\/wp\/v2\/posts\/131538\/revisions"}],"wp:featuredmedia":[{"embeddable":true,"href":"https:\/\/www.enerjigazetesi.ist\/en\/wp-json\/wp\/v2\/media\/131541"}],"wp:attachment":[{"href":"https:\/\/www.enerjigazetesi.ist\/en\/wp-json\/wp\/v2\/media?parent=131538"}],"wp:term":[{"taxonomy":"category","embeddable":true,"href":"https:\/\/www.enerjigazetesi.ist\/en\/wp-json\/wp\/v2\/categories?post=131538"},{"taxonomy":"post_tag","embeddable":true,"href":"https:\/\/www.enerjigazetesi.ist\/en\/wp-json\/wp\/v2\/tags?post=131538"}],"curies":[{"name":"wp","href":"https:\/\/api.w.org\/{rel}","templated":true}]}}