{"id":131372,"date":"2021-03-17T12:02:39","date_gmt":"2021-03-17T09:02:39","guid":{"rendered":"https:\/\/www.enerjigazetesi.ist\/?p=131372"},"modified":"2021-03-17T12:03:56","modified_gmt":"2021-03-17T09:03:56","slug":"sut-d-den-atiklarimizi-toplayalim-geri-donusum-seferberligi-cagrisi","status":"publish","type":"post","link":"https:\/\/www.enerjigazetesi.ist\/en\/sut-d-den-atiklarimizi-toplayalim-geri-donusum-seferberligi-cagrisi\/","title":{"rendered":"(Turkish) S\u00dcT-D&#8217;den At\u0131klar\u0131m\u0131z\u0131 Toplayal\u0131m, Geri D\u00f6n\u00fc\u015f\u00fcm Seferberli\u011fi \u00c7a\u011fr\u0131s\u0131!"},"content":{"rendered":"<p class=\"qtranxs-available-languages-message qtranxs-available-languages-message-en\">Sorry, this entry is only available in <a href=\"https:\/\/www.enerjigazetesi.ist\/tr\/wp-json\/wp\/v2\/posts\/131372\" class=\"qtranxs-available-language-link qtranxs-available-language-link-tr\" title=\"Turkish\">Turkish<\/a>. For the sake of viewer convenience, the content is shown below in the alternative language. You may click the link to switch the active language.<\/p><p><\/p>\n<h1><strong>18 Mart Geri D\u00f6n\u00fc\u015f\u00fcm G\u00fcn\u00fc olarak kutlan\u0131rken\u00a0<\/strong><strong>S\u00fcrd\u00fcr\u00fclebilir \u00dcretim ve T\u00fcketim Derne\u011fi, at\u0131klar\u0131m\u0131z\u0131n sanayi i\u00e7in k\u0131ymetini belirterek, at\u0131k toplama ve geri d\u00f6n\u00fc\u015f\u00fcm seferberli\u011fi \u00e7a\u011fr\u0131s\u0131 yapt\u0131.<img loading=\"lazy\" class=\"alignright wp-image-131374\" src=\"https:\/\/www.enerjigazetesi.ist\/wp-content\/uploads\/2021\/03\/sut-dden-atiklarimizi-toplayalim-geri-donusum-seferberligi-cagrisi.jpg\" alt=\"\" width=\"320\" height=\"287\" srcset=\"https:\/\/www.enerjigazetesi.ist\/wp-content\/uploads\/2021\/03\/sut-dden-atiklarimizi-toplayalim-geri-donusum-seferberligi-cagrisi.jpg 835w, https:\/\/www.enerjigazetesi.ist\/wp-content\/uploads\/2021\/03\/sut-dden-atiklarimizi-toplayalim-geri-donusum-seferberligi-cagrisi-300x269.jpg 300w, https:\/\/www.enerjigazetesi.ist\/wp-content\/uploads\/2021\/03\/sut-dden-atiklarimizi-toplayalim-geri-donusum-seferberligi-cagrisi-768x688.jpg 768w, https:\/\/www.enerjigazetesi.ist\/wp-content\/uploads\/2021\/03\/sut-dden-atiklarimizi-toplayalim-geri-donusum-seferberligi-cagrisi-447x400.jpg 447w, https:\/\/www.enerjigazetesi.ist\/wp-content\/uploads\/2021\/03\/sut-dden-atiklarimizi-toplayalim-geri-donusum-seferberligi-cagrisi-56x50.jpg 56w, https:\/\/www.enerjigazetesi.ist\/wp-content\/uploads\/2021\/03\/sut-dden-atiklarimizi-toplayalim-geri-donusum-seferberligi-cagrisi-500x448.jpg 500w\" sizes=\"(max-width: 320px) 100vw, 320px\" \/><\/strong><\/h1>\n<p><strong>K\u00e2\u011f\u0131t, ah\u015fap, cam, metal, plastik, g\u0131da,\u00a0ya\u011f, lastik, ak\u00fc, otomobil, elektrikli-elektronik e\u015fyalar\u0131<\/strong>m\u0131z \u00f6mr\u00fcn\u00fc tamamlad\u0131klar\u0131nda ve<strong> sanayide \u00fcretim<\/strong>le,<strong> imalatla a\u00e7\u0131\u011fa \u00e7\u0131kan at\u0131klar<\/strong>; birer at\u0131k de\u011fil <strong>\u00fclkemiz i\u00e7in k\u0131ymetli ham maddelerdir<\/strong> vurgusunu yapan <strong>\u0130stanbul Teknik \u00dcniversitesi \u00d6\u011fretim \u00dcyesi ve\u00a0S\u00fcrd\u00fcr\u00fclebilir \u00dcretim ve T\u00fcketim Derne\u011fi (S\u00dcT-D) Ba\u015fkan\u0131 Prof. Dr. Filiz Karaosmano\u011flu<\/strong>, bu y\u0131l <strong>3&#8217;\u00fcnc\u00fcs\u00fc<\/strong> kutlanan, <strong>18 Mart K\u00fcresel Geri D\u00f6n\u00fc\u015f\u00fcm G\u00fcn\u00fc<\/strong>\u2019ne dikkat \u00e7ekme ve yayg\u0131n etki yaratma S\u00dcT-D olarak \u00f6nceliklerimizden biri a\u00e7\u0131klamas\u0131n\u0131 yapt\u0131.<\/p>\n<h2><strong>Geri d\u00f6n\u00fc\u015f\u00fcm sekt\u00f6r\u00fcne her y\u0131l 20 milyon dolar yat\u0131r\u0131m yap\u0131l\u0131yor<\/strong><\/h2>\n<p><em>\u201cEn iyi <strong>at\u0131k y\u00f6netimi<\/strong> ba\u015far\u0131ld\u0131\u011f\u0131nda, at\u0131\u011f\u0131n <strong>\u00e7evre<\/strong> ve <strong>iklim de\u011fi\u015fimine etkisi<\/strong>ni azaltarak <strong>insan\u00a0<\/strong>ve <strong>do\u011fa sa\u011fl\u0131\u011f\u0131<\/strong> i\u00e7in s\u00fcrd\u00fcr\u00fclebilir ya\u015famda ilerleyebiliriz. At\u0131k \u00c7\u0131karmama, En Az At\u0131k Olu\u015fturma; At\u0131\u011f\u0131 Yeniden Kullanma; At\u0131k Geri D\u00f6n\u00fc\u015f\u00fcm\u00fc\/\u0130leri D\u00f6n\u00fc\u015f\u00fcm\u00fc; At\u0131ktan Malzeme\/Enerji Geri Kazan\u0131m\u0131; At\u0131k Bertaraf\u0131 \u00f6ncelikleme s\u0131ras\u0131nda sanayimiz i\u00e7in b\u00fcy\u00fck bir f\u0131rsat bulunmakta\u201d<\/em> diyen Prof. Dr. Filiz Karaosmano\u011flu, geri d\u00f6n\u00fc\u015ft\u00fcr\u00fclebilirler i\u015flenerek, d\u00fcnyada yakla\u015f\u0131k <strong>1,6 milyon ki\u015fi<\/strong> istihdam edilirken, halen geri d\u00f6n\u00fc\u015ft\u00fcr\u00fclebilirlerle d\u00fcnyan\u0131n ham madde ihtiyac\u0131n\u0131n <strong>% 40<\/strong>&#8216;\u0131 kar\u015f\u0131lan\u0131p, geri d\u00f6n\u00fc\u015f\u00fcm sekt\u00f6r\u00fcne her y\u0131l<strong> 20 milyon dolar yat\u0131r\u0131m<\/strong> yap\u0131l\u0131rken, yeni i\u015fler yarat\u0131l\u0131yor. Sekt\u00f6r\u00fcn\u00fcn <strong>K\u00fcresel Gayri Safi Yurt \u0130\u00e7i Has\u0131laya<\/strong> katk\u0131s\u0131n\u0131n gelecek<strong> 10 y\u0131l<\/strong>da <strong>400 milyar dolar de\u011ferini a\u015faca\u011f\u0131<\/strong> tahmin edilmekte \u00e7arp\u0131c\u0131 rakamsal a\u00e7\u0131klamas\u0131n\u0131 da yaparak, <strong>at\u0131klar su, hava, k\u00f6m\u00fcr, petrol, do\u011fal gaz<\/strong> ve <strong>minerallerden<\/strong> sonra yedinci do\u011fal kaynakt\u0131r dedi.<\/p>\n<h2><strong>Geri d\u00f6n\u00fc\u015ft\u00fcr\u00fclebilirler iklim diren\u00e7li T\u00fcrkiye i\u00e7in m\u00fchim<\/strong><\/h2>\n<p>Prof. Karaosmano\u011flu <em>\u201cGeri d\u00f6n\u00fc\u015ft\u00fcr\u00fclebilirler ile her y\u0131l <strong>sera gaz\u0131 emisyonlar\u0131<\/strong>nda <strong>700 milyon ton \u00fczerinde,\u00a0<\/strong>di\u011fer deyi\u015fle havac\u0131l\u0131k k\u00f6kenli sera gaz\u0131 emisyonlar\u0131n\u0131 dengeleyecek miktarda<strong> azalt\u0131m<\/strong> sa\u011flanmakta ve bu rakam\u0131n <strong>2030<\/strong> y\u0131l\u0131nda <strong>1 milyar ton<\/strong>\u2019a ula\u015fmas\u0131 \u00f6ng\u00f6r\u00fclmekte.<strong> Geri d\u00f6n\u00fc\u015f\u00fcm iklim diren\u00e7li<\/strong> \u00fclkemiz i\u00e7in m\u00fchim\u201d<\/em> bilgisini verdi.<\/p>\n<h2><strong>Atmayal\u0131m, yurtta\u015f ve sanayici hep beraber geri d\u00f6n\u00fc\u015f\u00fcm seferberli\u011fi yapal\u0131m\u00a0<\/strong><\/h2>\n<p>G\u00fcnl\u00fck ya\u015fam\u0131m\u0131zda t\u00fcketimimizle sebep oldu\u011fumuz at\u0131klar\u0131 atmayal\u0131m. <strong>Evde, okulda, i\u015fte, tarlada, ormanda, yolda at\u0131klar\u0131m\u0131z<\/strong> i\u00e7in <strong>geri d\u00f6n\u00fc\u015f\u00fcm kutular\u0131<\/strong> arayal\u0131m. Geri d\u00f6n\u00fc\u015f\u00fcm zincirine katt\u0131\u011f\u0131m\u0131z her bir at\u0131k \u00fclkemiz ekonomisini geli\u015ftirmek, gelece\u011fimizi g\u00fc\u00e7lendirmek i\u00e7in \u00f6nemli. Sanayicimiz at\u0131ktaki, d\u00f6ng\u00fcsel ekonomideki f\u0131rsat\u0131 g\u00f6rmeli, <strong>\u00fclkemizdeki geri d\u00f6n\u00fc\u015f\u00fcm yat\u0131r\u0131mlar\u0131 artmal\u0131<\/strong> diyen Dr. Karaosmano\u011flu <strong>geri d\u00f6n\u00fc\u015f\u00fcm seferberli\u011fi \u00e7a\u011fr\u0131s\u0131<\/strong> yapt\u0131.<\/p>","protected":false},"excerpt":{"rendered":"<p>Sorry, this entry is only available in Turkish. For the sake of viewer convenience, the content is shown below in the alternative language. You may click the link to switch the active language. 18 Mart Geri D\u00f6n\u00fc\u015f\u00fcm G\u00fcn\u00fc olarak kutlan\u0131rken\u00a0S\u00fcrd\u00fcr\u00fclebilir \u00dcretim ve T\u00fcketim Derne\u011fi, at\u0131klar\u0131m\u0131z\u0131n sanayi i\u00e7in k\u0131ymetini belirterek, at\u0131k toplama ve geri d\u00f6n\u00fc\u015f\u00fcm seferberli\u011fi [&hellip;]<\/p>\n","protected":false},"author":1,"featured_media":131376,"comment_status":"open","ping_status":"open","sticky":false,"template":"","format":"standard","meta":[],"categories":[53,52],"tags":[68765,58913,88072,46369,18346,10368,88071,57125],"views":161,"_links":{"self":[{"href":"https:\/\/www.enerjigazetesi.ist\/en\/wp-json\/wp\/v2\/posts\/131372"}],"collection":[{"href":"https:\/\/www.enerjigazetesi.ist\/en\/wp-json\/wp\/v2\/posts"}],"about":[{"href":"https:\/\/www.enerjigazetesi.ist\/en\/wp-json\/wp\/v2\/types\/post"}],"author":[{"embeddable":true,"href":"https:\/\/www.enerjigazetesi.ist\/en\/wp-json\/wp\/v2\/users\/1"}],"replies":[{"embeddable":true,"href":"https:\/\/www.enerjigazetesi.ist\/en\/wp-json\/wp\/v2\/comments?post=131372"}],"version-history":[{"count":0,"href":"https:\/\/www.enerjigazetesi.ist\/en\/wp-json\/wp\/v2\/posts\/131372\/revisions"}],"wp:featuredmedia":[{"embeddable":true,"href":"https:\/\/www.enerjigazetesi.ist\/en\/wp-json\/wp\/v2\/media\/131376"}],"wp:attachment":[{"href":"https:\/\/www.enerjigazetesi.ist\/en\/wp-json\/wp\/v2\/media?parent=131372"}],"wp:term":[{"taxonomy":"category","embeddable":true,"href":"https:\/\/www.enerjigazetesi.ist\/en\/wp-json\/wp\/v2\/categories?post=131372"},{"taxonomy":"post_tag","embeddable":true,"href":"https:\/\/www.enerjigazetesi.ist\/en\/wp-json\/wp\/v2\/tags?post=131372"}],"curies":[{"name":"wp","href":"https:\/\/api.w.org\/{rel}","templated":true}]}}