{"id":131353,"date":"2021-03-16T14:56:21","date_gmt":"2021-03-16T11:56:21","guid":{"rendered":"https:\/\/www.enerjigazetesi.ist\/?p=131353"},"modified":"2021-03-16T14:57:41","modified_gmt":"2021-03-16T11:57:41","slug":"elder-de-kivanc-zaimler-donemi-basladi","status":"publish","type":"post","link":"https:\/\/www.enerjigazetesi.ist\/en\/elder-de-kivanc-zaimler-donemi-basladi\/","title":{"rendered":"(Turkish) ELDER\u2019de &#8216;K\u0131van\u00e7 Zaimler&#8217; D\u00f6nemi Ba\u015flad\u0131!"},"content":{"rendered":"<p class=\"qtranxs-available-languages-message qtranxs-available-languages-message-en\">Sorry, this entry is only available in <a href=\"https:\/\/www.enerjigazetesi.ist\/tr\/wp-json\/wp\/v2\/posts\/131353\" class=\"qtranxs-available-language-link qtranxs-available-language-link-tr\" title=\"Turkish\">Turkish<\/a>. For the sake of viewer convenience, the content is shown below in the alternative language. You may click the link to switch the active language.<\/p><p><\/p>\n<h1><strong>Elektrik Da\u011f\u0131t\u0131m Hizmetleri Derne\u011fi \u2013 ELDER 9&#8217;uncu Ola\u011fan Genel Kurulu\u2019nda, Sabanc\u0131 Holding Enerji Grup Ba\u015fkan\u0131 K\u0131van\u00e7 Zaimler Y\u00f6netim Kurulu Ba\u015fkanl\u0131\u011f\u0131&#8217;na se\u00e7ildi.<\/strong><\/h1>\n<p>T\u00fcrkiye\u2019de faaliyet g\u00f6steren <strong>Elektrik Da\u011f\u0131t\u0131m \u015firketleri<\/strong>nin \u00e7at\u0131 \u00f6rg\u00fct\u00fc olan Elektrik Da\u011f\u0131t\u0131m Hizmetleri Derne\u011fi \u2013 ELDER\u2019in,<strong> 9&#8217;uncu Ola\u011fan Genel Kurulu<\/strong> <strong>Ankara\u2019da<\/strong> ger\u00e7ekle\u015ftirildi. Genel <img loading=\"lazy\" class=\"alignright wp-image-131355\" src=\"https:\/\/www.enerjigazetesi.ist\/wp-content\/uploads\/2021\/03\/elder-de-kivanc-zaimler-donemi-basladi.jpg\" alt=\"\" width=\"320\" height=\"213\" srcset=\"https:\/\/www.enerjigazetesi.ist\/wp-content\/uploads\/2021\/03\/elder-de-kivanc-zaimler-donemi-basladi.jpg 550w, https:\/\/www.enerjigazetesi.ist\/wp-content\/uploads\/2021\/03\/elder-de-kivanc-zaimler-donemi-basladi-300x200.jpg 300w, https:\/\/www.enerjigazetesi.ist\/wp-content\/uploads\/2021\/03\/elder-de-kivanc-zaimler-donemi-basladi-500x333.jpg 500w, https:\/\/www.enerjigazetesi.ist\/wp-content\/uploads\/2021\/03\/elder-de-kivanc-zaimler-donemi-basladi-75x50.jpg 75w, https:\/\/www.enerjigazetesi.ist\/wp-content\/uploads\/2021\/03\/elder-de-kivanc-zaimler-donemi-basladi-450x300.jpg 450w\" sizes=\"(max-width: 320px) 100vw, 320px\" \/>Kurul sonucunda <strong>Serhat \u00c7e\u00e7en<\/strong>, Y\u00f6netim Kurulu Ba\u015fkanl\u0131\u011f\u0131 g\u00f6revini <strong>K\u0131van\u00e7 Zaimler<\/strong>\u2019e devretti. Zaimler <strong>2021-2024 y\u0131llar\u0131<\/strong> aras\u0131nda, <strong>3 y\u0131l<\/strong> s\u00fcre ile ELDER Y\u00f6netim Kurulu Ba\u015fkan\u0131 olarak g\u00f6rev yapacak. Y\u00f6netim Kurulu Ba\u015fkan Yard\u0131mc\u0131l\u0131\u011f\u0131 g\u00f6revlerini ise <strong>Batuhan \u00d6zdemir<\/strong> ve <strong>Bar\u0131\u015f Erdeniz<\/strong> \u00fcstlenecek.<\/p>\n<p>Genel Kurul sonras\u0131 a\u00e7\u0131klamada bulunan <em>ELDER Y\u00f6netim Kurulu Ba\u015fkan\u0131<\/em> <strong>K\u0131van\u00e7 Zaimler,<\/strong> <em>\u201c<strong>Elektrik Da\u011f\u0131t\u0131m sekt\u00f6r\u00fc<\/strong>nde <strong>s\u00fcrd\u00fcr\u00fclebilir, kaliteli<\/strong> ve <strong>kesintisiz elektrik da\u011f\u0131t\u0131m hizmeti<\/strong> verme misyonumuzu devam ettirece\u011fiz. Yeni d\u00f6nemde <strong>yat\u0131r\u0131mlar\u0131m\u0131z<\/strong> ile <strong>t\u00fcketici<\/strong> odakl\u0131 <strong>\u00e7al\u0131\u015fmalara<\/strong> imza ataca\u011f\u0131z.\u201d<\/em> ifadelerini kulland\u0131.<\/p>\n<h2><strong>K\u0131van\u00e7 Zaimler Kimdir?<\/strong><\/h2>\n<p>K\u0131van\u00e7 Zaimler \u0130stanbul Erkek Lisesi ve \u0130stanbul Teknik \u00dcniversitesi End\u00fcstri M\u00fchendisli\u011fi b\u00f6l\u00fcm\u00fcnde \u00f6\u011frenim g\u00f6rd\u00fckten sonra kariyerine 1992 y\u0131l\u0131nda ba\u015flad\u0131.<\/p>\n<p>Ticaret Direkt\u00f6r\u00fc olarak <strong>2008<\/strong> Enerjisa\u2019ya kat\u0131lan Zaimler, <strong>2013<\/strong> <strong>y\u0131l\u0131na<\/strong> kadar Enerjisa\u2019n\u0131n Do\u011fal Gaz i\u015f kolunun koordinasyonunu \u00fcstlendi. <strong>2013-2015 y\u0131llar\u0131<\/strong> aras\u0131nda Enerjisa Da\u011f\u0131t\u0131m \u015eirketleri Genel M\u00fcd\u00fcr\u00fc olarak g\u00f6rev ald\u0131. Bu g\u00f6revinde 14 ili kapsayan 3 da\u011f\u0131t\u0131m b\u00f6lgesinde, 9 milyon m\u00fc\u015fteri ve 20 milyon n\u00fcfusa elektrik da\u011f\u0131t\u0131m\u0131n\u0131 \u00fcstlenen bir organizasyonun yeniden yap\u0131lanma ve entegrasyon s\u00fcrecini y\u00f6netti. <strong>A\u011fustos 2015 \u2013 Mart 2016<\/strong> tarihlerinde Enerjisa Sat\u0131\u015f \u015eirketleri Genel M\u00fcd\u00fcrl\u00fc\u011f\u00fc g\u00f6revinde Enerjisa\u2019n\u0131n <strong>serbest piyasaya haz\u0131rl\u0131k s\u00fcreci<\/strong>nde t\u00fcketici odakl\u0131 yeni marka konumland\u0131rma \u00e7al\u0131\u015fmalar\u0131n\u0131 y\u00fcr\u00fctt\u00fc. Ard\u0131ndan T\u00fcrkiye\u2019nin \u00f6zel sekt\u00f6r taraf\u0131ndan yap\u0131lan en b\u00fcy\u00fck <strong>halka arz s\u00fcreci<\/strong> olan Enerjisa Enerji\u2019nin <strong>halka arz\u0131n\u0131<\/strong> ba\u015far\u0131yla y\u00f6netti. <strong>Temmuz 2018<\/strong> tarihinden itibaren <strong>Sabanc\u0131 Holding Enerji Grup Ba\u015fkan\u0131<\/strong> olarak g\u00f6rev yapt\u0131.<\/p>","protected":false},"excerpt":{"rendered":"<p>Sorry, this entry is only available in Turkish. For the sake of viewer convenience, the content is shown below in the alternative language. You may click the link to switch the active language. Elektrik Da\u011f\u0131t\u0131m Hizmetleri Derne\u011fi \u2013 ELDER 9&#8217;uncu Ola\u011fan Genel Kurulu\u2019nda, Sabanc\u0131 Holding Enerji Grup Ba\u015fkan\u0131 K\u0131van\u00e7 Zaimler Y\u00f6netim Kurulu Ba\u015fkanl\u0131\u011f\u0131&#8217;na se\u00e7ildi. T\u00fcrkiye\u2019de [&hellip;]<\/p>\n","protected":false},"author":1,"featured_media":131355,"comment_status":"open","ping_status":"open","sticky":false,"template":"","format":"standard","meta":[],"categories":[51,53],"tags":[80600,81303,52566,1079,53114,1009,34923],"views":135,"_links":{"self":[{"href":"https:\/\/www.enerjigazetesi.ist\/en\/wp-json\/wp\/v2\/posts\/131353"}],"collection":[{"href":"https:\/\/www.enerjigazetesi.ist\/en\/wp-json\/wp\/v2\/posts"}],"about":[{"href":"https:\/\/www.enerjigazetesi.ist\/en\/wp-json\/wp\/v2\/types\/post"}],"author":[{"embeddable":true,"href":"https:\/\/www.enerjigazetesi.ist\/en\/wp-json\/wp\/v2\/users\/1"}],"replies":[{"embeddable":true,"href":"https:\/\/www.enerjigazetesi.ist\/en\/wp-json\/wp\/v2\/comments?post=131353"}],"version-history":[{"count":0,"href":"https:\/\/www.enerjigazetesi.ist\/en\/wp-json\/wp\/v2\/posts\/131353\/revisions"}],"wp:featuredmedia":[{"embeddable":true,"href":"https:\/\/www.enerjigazetesi.ist\/en\/wp-json\/wp\/v2\/media\/131355"}],"wp:attachment":[{"href":"https:\/\/www.enerjigazetesi.ist\/en\/wp-json\/wp\/v2\/media?parent=131353"}],"wp:term":[{"taxonomy":"category","embeddable":true,"href":"https:\/\/www.enerjigazetesi.ist\/en\/wp-json\/wp\/v2\/categories?post=131353"},{"taxonomy":"post_tag","embeddable":true,"href":"https:\/\/www.enerjigazetesi.ist\/en\/wp-json\/wp\/v2\/tags?post=131353"}],"curies":[{"name":"wp","href":"https:\/\/api.w.org\/{rel}","templated":true}]}}