{"id":131349,"date":"2021-03-16T14:46:38","date_gmt":"2021-03-16T11:46:38","guid":{"rendered":"https:\/\/www.enerjigazetesi.ist\/?p=131349"},"modified":"2021-03-16T14:47:03","modified_gmt":"2021-03-16T11:47:03","slug":"elektrik-faturalarinda-bilinmesi-gerekenler-enerji-bulusmalarinda-ele-alindi","status":"publish","type":"post","link":"https:\/\/www.enerjigazetesi.ist\/en\/elektrik-faturalarinda-bilinmesi-gerekenler-enerji-bulusmalarinda-ele-alindi\/","title":{"rendered":"(Turkish) Elektrik Faturalar\u0131nda Bilinmesi Gerekenler &#8216;Enerji Bulu\u015fmalar\u0131&#8217;nda Ele Al\u0131nd\u0131"},"content":{"rendered":"<p class=\"qtranxs-available-languages-message qtranxs-available-languages-message-en\">Sorry, this entry is only available in <a href=\"https:\/\/www.enerjigazetesi.ist\/tr\/wp-json\/wp\/v2\/posts\/131349\" class=\"qtranxs-available-language-link qtranxs-available-language-link-tr\" title=\"Turkish\">Turkish<\/a>. For the sake of viewer convenience, the content is shown below in the alternative language. You may click the link to switch the active language.<\/p><p><\/p>\n<h1><strong>Enerji sekt\u00f6r\u00fcne dair merak edilenlerin yan\u0131tland\u0131\u011f\u0131 \u201cSepa\u015f Enerji Bulu\u015fmalar\u0131\u201dnda elektrik faturalar\u0131 ele al\u0131nd\u0131. Programa konuk olan Sepa\u015f Enerji Faturaland\u0131rma M\u00fcd\u00fcr\u00fc M\u00fccevher Y\u0131ld\u0131z \u00d6zt\u00fcrk, elektrik faturalar\u0131nda kullan\u0131c\u0131lar\u0131n dikkat etmesi gerekenleri anlatt\u0131.<\/strong><\/h1>\n<p><img loading=\"lazy\" class=\"alignright wp-image-131351\" src=\"https:\/\/www.enerjigazetesi.ist\/wp-content\/uploads\/2021\/03\/elektrik-faturalarinda-bilinmesi-gerekenler-enerji-bulusmalarinda-ele-alindi.jpg\" alt=\"\" width=\"320\" height=\"191\" srcset=\"https:\/\/www.enerjigazetesi.ist\/wp-content\/uploads\/2021\/03\/elektrik-faturalarinda-bilinmesi-gerekenler-enerji-bulusmalarinda-ele-alindi.jpg 550w, https:\/\/www.enerjigazetesi.ist\/wp-content\/uploads\/2021\/03\/elektrik-faturalarinda-bilinmesi-gerekenler-enerji-bulusmalarinda-ele-alindi-300x179.jpg 300w, https:\/\/www.enerjigazetesi.ist\/wp-content\/uploads\/2021\/03\/elektrik-faturalarinda-bilinmesi-gerekenler-enerji-bulusmalarinda-ele-alindi-500x298.jpg 500w, https:\/\/www.enerjigazetesi.ist\/wp-content\/uploads\/2021\/03\/elektrik-faturalarinda-bilinmesi-gerekenler-enerji-bulusmalarinda-ele-alindi-80x48.jpg 80w\" sizes=\"(max-width: 320px) 100vw, 320px\" \/><strong>\u201cEnerjiyi konu\u015fmak i\u00e7in bulu\u015fuyoruz\u201d<\/strong> mottosuyla <strong>YouTube, Instagram, Spotify <\/strong>ve<strong> iTunes<\/strong> \u00fczerinden yay\u0131nlanan <strong>Sepa\u015f Enerji Bulu\u015fmalar\u0131<\/strong>\u2019n\u0131n <strong>5&#8217;inci b\u00f6l\u00fcm\u00fc<\/strong>n\u00fcn konusu elektrik faturalar\u0131 oldu. Program konu\u011fu Sepa\u015f Enerji Faturaland\u0131rma M\u00fcd\u00fcr\u00fc <strong>M\u00fccevher Y\u0131ld\u0131z \u00d6zt\u00fcrk<\/strong>, faturalara dair bilinmesi gerekenleri ele alarak, enerji okuryazarl\u0131\u011f\u0131n\u0131n \u00f6nemini dile getirdi.<\/p>\n<h2><strong>\u201cElektrik faturalar\u0131m\u0131z\u0131 tan\u0131yor muyuz?\u201d<\/strong><\/h2>\n<p>Sepa\u015f Enerji Kurumsal \u0130leti\u015fim Y\u00f6neticisi <strong>Muhsine K\u00fc\u00e7\u00fck<\/strong>\u2019\u00fcn sundu\u011fu programda \u00d6zt\u00fcrk, elektrik faturalar\u0131yla ilgili ayr\u0131nt\u0131lardan s\u00f6z etti. <strong>Elektrik Piyasas\u0131 T\u00fcketici Hizmetleri Y\u00f6netmeli\u011fi<\/strong> uyar\u0131nca fatura \u00fczerinde yer almas\u0131 <strong>zorunlu<\/strong> olan<strong> abonelik bilgilerini<\/strong> anlatan \u00d6zt\u00fcrk, t\u00fcketicilerin bu verileri <strong>EPDK<\/strong>\u2019n\u0131n web sitesi \u00fczerinden <strong>kontrol edebilece\u011fini<\/strong> belirtti.<\/p>\n<p>Enerji t\u00fcketim bedelinde birim fiyat\u0131n EPDK taraf\u0131ndan belirlendi\u011fini s\u00f6yleyen \u00d6zt\u00fcrk, <em>\u201c<strong>D\u00fczenlemeye tabi tarifeler<\/strong>\u201d i\u00e7in fiyatlar\u0131n y\u0131l boyunca <strong>4 defa<\/strong> yay\u0131nland\u0131\u011f\u0131n\u0131n alt\u0131n\u0131 \u00e7izdi. Kamuoyunda merak edilen <strong>\u201cT\u00fcketim \u00fccretinde g\u00fcnd\u00fcz-ak\u015fam de\u011fi\u015fikli\u011fi bulunuyor mu?\u201d<\/strong><\/em> sorusunu yan\u0131tlayan \u00d6zt\u00fcrk,<strong> tek zamanl\u0131<\/strong> veya<strong> \u00e7ok zamanl\u0131 tarifeye<\/strong> g\u00f6re <strong>fiyat de\u011fi\u015fikli\u011fi<\/strong> olabilece\u011fini a\u00e7\u0131klayarak, tedarik\u00e7iye bildirilerek <strong>bu tarifeler aras\u0131nda se\u00e7im<\/strong> yap\u0131labilece\u011fini ifade etti.<\/p>\n<h2><strong>Online i\u015flemleri kullanma \u00e7a\u011fr\u0131s\u0131<\/strong><\/h2>\n<p>\u00d6zt\u00fcrk son olarak, <strong>elektrik faturalar\u0131<\/strong>n\u0131 <strong>e-posta<\/strong> \u00fczerinden alma \u00e7a\u011fr\u0131s\u0131nda bulundu. <strong>Abonelik i\u015flemleri<\/strong>nin <strong>online hizmetler<\/strong> arac\u0131l\u0131\u011f\u0131yla kolayca yap\u0131labildi\u011fini dile getiren \u00d6zt\u00fcrk, bilgilerini g\u00fcncelleyen t\u00fcketicilerin <strong>evden \u00e7\u0131kmaya gerek kalmadan<\/strong> g\u00fcvenli bi\u00e7imde <strong>dijital uygulamalar\u0131<\/strong> kullanabileceklerini dile getirdi.<\/p>","protected":false},"excerpt":{"rendered":"<p>Sorry, this entry is only available in Turkish. For the sake of viewer convenience, the content is shown below in the alternative language. You may click the link to switch the active language. Enerji sekt\u00f6r\u00fcne dair merak edilenlerin yan\u0131tland\u0131\u011f\u0131 \u201cSepa\u015f Enerji Bulu\u015fmalar\u0131\u201dnda elektrik faturalar\u0131 ele al\u0131nd\u0131. Programa konuk olan Sepa\u015f Enerji Faturaland\u0131rma M\u00fcd\u00fcr\u00fc M\u00fccevher Y\u0131ld\u0131z [&hellip;]<\/p>\n","protected":false},"author":1,"featured_media":131351,"comment_status":"open","ping_status":"open","sticky":false,"template":"","format":"standard","meta":[],"categories":[51,53],"tags":[69934,53114,4061,88061,88062,88060,88064,72894,88058,88059,88063],"views":77,"_links":{"self":[{"href":"https:\/\/www.enerjigazetesi.ist\/en\/wp-json\/wp\/v2\/posts\/131349"}],"collection":[{"href":"https:\/\/www.enerjigazetesi.ist\/en\/wp-json\/wp\/v2\/posts"}],"about":[{"href":"https:\/\/www.enerjigazetesi.ist\/en\/wp-json\/wp\/v2\/types\/post"}],"author":[{"embeddable":true,"href":"https:\/\/www.enerjigazetesi.ist\/en\/wp-json\/wp\/v2\/users\/1"}],"replies":[{"embeddable":true,"href":"https:\/\/www.enerjigazetesi.ist\/en\/wp-json\/wp\/v2\/comments?post=131349"}],"version-history":[{"count":0,"href":"https:\/\/www.enerjigazetesi.ist\/en\/wp-json\/wp\/v2\/posts\/131349\/revisions"}],"wp:featuredmedia":[{"embeddable":true,"href":"https:\/\/www.enerjigazetesi.ist\/en\/wp-json\/wp\/v2\/media\/131351"}],"wp:attachment":[{"href":"https:\/\/www.enerjigazetesi.ist\/en\/wp-json\/wp\/v2\/media?parent=131349"}],"wp:term":[{"taxonomy":"category","embeddable":true,"href":"https:\/\/www.enerjigazetesi.ist\/en\/wp-json\/wp\/v2\/categories?post=131349"},{"taxonomy":"post_tag","embeddable":true,"href":"https:\/\/www.enerjigazetesi.ist\/en\/wp-json\/wp\/v2\/tags?post=131349"}],"curies":[{"name":"wp","href":"https:\/\/api.w.org\/{rel}","templated":true}]}}