{"id":131322,"date":"2021-03-16T13:25:21","date_gmt":"2021-03-16T10:25:21","guid":{"rendered":"https:\/\/www.enerjigazetesi.ist\/?p=131322"},"modified":"2021-03-16T13:36:15","modified_gmt":"2021-03-16T10:36:15","slug":"verimlilik-odakli-ab-projesi-enchant-kapsaminda-calismalar-surduruluyor","status":"publish","type":"post","link":"https:\/\/www.enerjigazetesi.ist\/en\/verimlilik-odakli-ab-projesi-enchant-kapsaminda-calismalar-surduruluyor\/","title":{"rendered":"(Turkish) Verimlilik Odakl\u0131 AB Projesi \u2018Enchant\u2019 Kapsam\u0131nda \u00c7al\u0131\u015fmalar S\u00fcrd\u00fcr\u00fcl\u00fcyor"},"content":{"rendered":"<p class=\"qtranxs-available-languages-message qtranxs-available-languages-message-en\">Sorry, this entry is only available in <a href=\"https:\/\/www.enerjigazetesi.ist\/tr\/wp-json\/wp\/v2\/posts\/131322\" class=\"qtranxs-available-language-link qtranxs-available-language-link-tr\" title=\"Turkish\">Turkish<\/a>. For the sake of viewer convenience, the content is shown below in the alternative language. You may click the link to switch the active language.<\/p><p><\/p>\n<h1><strong>Enerji t\u00fcketim davran\u0131\u015flar\u0131n\u0131n d\u00f6n\u00fc\u015f\u00fcm\u00fcne y\u00f6nelik \u00e7\u00f6z\u00fcmlerin \u00fcretilmesini hedefleyen Avrupa Birli\u011fi destekli \u2018Enchant\u2019 proje g\u00f6r\u00fc\u015fmesi, Aydem ve Gediz Perakende proje ekibi, \u0130zmir Ekonomi \u00dcniversitesi (\u0130E\u00dc) S\u00fcrd\u00fcr\u00fclebilir Enerji Anabilim Dal\u0131 Ba\u015fkan\u0131 Prof. Dr. Mehmet Efe Biresselio\u011flu ve \u0130zmir B\u00fcy\u00fck\u015fehir Belediyesi (\u0130BB) Ba\u015fkan\u0131 Tun\u00e7 Soyer\u2019in kat\u0131l\u0131m\u0131yla ger\u00e7ekle\u015fti.<\/strong><\/h1>\n<p>T\u00fcrkiye\u2019de, toplam elektri\u011fin yakla\u015f\u0131k <strong>%6<\/strong>\u2019s\u0131n\u0131n t\u00fcketildi\u011fi <strong>\u0130zmir<\/strong>\u2019de; <strong>enerji verimlili\u011fi<\/strong>ni art\u0131rmak, <strong>yenilenebilir enerji yat\u0131r\u0131m\u0131<\/strong> i\u00e7in uygun zemini olu\u015fturmak ve il toplam\u0131nda<strong> 5 milyon avroluk<\/strong> <img loading=\"lazy\" class=\"alignright wp-image-131327\" src=\"https:\/\/www.enerjigazetesi.ist\/wp-content\/uploads\/2021\/03\/aydem-verimlilik-odakli-ab-projesi-enchant-kapsaminda-calismalarini-surduruyor.jpg\" alt=\"\" width=\"320\" height=\"216\" srcset=\"https:\/\/www.enerjigazetesi.ist\/wp-content\/uploads\/2021\/03\/aydem-verimlilik-odakli-ab-projesi-enchant-kapsaminda-calismalarini-surduruyor.jpg 550w, https:\/\/www.enerjigazetesi.ist\/wp-content\/uploads\/2021\/03\/aydem-verimlilik-odakli-ab-projesi-enchant-kapsaminda-calismalarini-surduruyor-300x202.jpg 300w, https:\/\/www.enerjigazetesi.ist\/wp-content\/uploads\/2021\/03\/aydem-verimlilik-odakli-ab-projesi-enchant-kapsaminda-calismalarini-surduruyor-500x337.jpg 500w, https:\/\/www.enerjigazetesi.ist\/wp-content\/uploads\/2021\/03\/aydem-verimlilik-odakli-ab-projesi-enchant-kapsaminda-calismalarini-surduruyor-74x50.jpg 74w\" sizes=\"(max-width: 320px) 100vw, 320px\" \/><strong>tasarruf sa\u011flamak<\/strong> amac\u0131yla harekete ge\u00e7ildi. <strong>Avrupa Birli\u011fi<\/strong>\u2019nden (AB) <strong>2 milyon avro destek<\/strong> almaya hak kazan\u0131lan proje kapsam\u0131nda,<em> \u0130E\u00dc S\u00fcrd\u00fcr\u00fclebilir Enerji Anabilim Dal\u0131 Ba\u015fkan\u0131<\/em> <strong>Prof. Dr. Mehmet Efe Biresselio\u011flu<\/strong> ile Ege B\u00f6lgesi elektrik tedarik \u015firketleri <strong>Aydem<\/strong> ve <strong>Gediz Perakende proje ekipleri,<\/strong> \u0130BB Ba\u015fkan\u0131 <strong>Tun\u00e7 Soyer<\/strong>\u2019in makam\u0131nda <strong>projenin detaylar\u0131n\u0131<\/strong> konu\u015fmak \u00fczere topland\u0131.<\/p>\n<p>Avrupa\u2019daki<strong> 5 \u00fclkeden akademisyenler<\/strong> ile i\u015f birli\u011fi yaparak <strong>\u2018Enchant\u2019 projesini<\/strong> haz\u0131rlayan \u0130E\u00dc S\u00fcrd\u00fcr\u00fclebilir Enerji Anabilim Dal\u0131, <strong>Aydem <\/strong>ve<strong> Gediz Perakende<\/strong> ve <strong>\u0130BB<\/strong> ile ortak y\u00fcr\u00fctt\u00fc\u011f\u00fc proje sayesinde, karbon sal\u0131m\u0131n\u0131n en az <strong>1 milyon ton azalt\u0131lmas\u0131<\/strong>n\u0131 ve hane halk\u0131n\u0131n <strong>enerji t\u00fcketimi<\/strong>nde <strong>% 15<\/strong> oran\u0131nda tasarruf sa\u011flanmas\u0131n\u0131 hedefliyor.<\/p>\n<p>T\u00fcketicilerde <strong>enerji t\u00fcketimi<\/strong> hakk\u0131nda fark\u0131ndal\u0131k yarat\u0131lmas\u0131 hedeflenen projede, evlerdeki <strong>beyaz e\u015fya<\/strong> ve<strong> elektrikli ev aletleri<\/strong> gibi e\u015fyalar\u0131n, <strong>enerji verimlili\u011fi standartlar\u0131<\/strong>na uygun kullan\u0131lmas\u0131 ama\u00e7lan\u0131yor.<\/p>\n<h2><strong>\u201cEnerji Tasarrufunda \u00d6d\u00fcllendirme ve Te\u015fvik Sistemi\u201d<\/strong><\/h2>\n<p>Proje kapsam\u0131nda g\u00f6r\u00fc\u015flerini payla\u015fan Aydem ve Gediz Perakende Genel M\u00fcd\u00fcr\u00fc <strong>\u00c7a\u011fda\u015f Demira\u011f<\/strong>, <strong>\u201cAydem Perakende Ailesi olarak s\u00fcrd\u00fcr\u00fclebilirlik yakla\u015f\u0131m\u0131m\u0131z\u0131 t\u00fcm i\u015f s\u00fcre\u00e7lerimize entegre ediyoruz. Kurumsal vatanda\u015fl\u0131k g\u00f6revimizi destekleyen Enchant projesinde \u0130zmir B\u00fcy\u00fck\u015fehir Belediyesi ve \u0130zmir Ekonomi \u00dcniversitesiyle proje orta\u011f\u0131 olmak gurur verici. Ege B\u00f6lgesi\u2019nde ve t\u00fcm T\u00fcrkiye\u2019de g\u00f6revli elektrik tedarik \u015firketi olarak yakla\u015f\u0131k 5 milyon m\u00fc\u015fteriye hizmet verdiklerini belirten \u00c7a\u011fda\u015f Demira\u011f, Enchant\u2019\u0131n enerji tasarrufu i\u00e7in toplumsal bir bilin\u00e7 yarataca\u011f\u0131na inanc\u0131m\u0131z b\u00fcy\u00fck. Bu proje \u00e7er\u00e7evesinde \u00fczerimize d\u00fc\u015fen sorumluluklar\u0131 almaya haz\u0131r\u0131z\u201d<\/strong> dedi.<\/p>\n<p>Projenin, <strong>karbon sal\u0131m\u0131n\u0131n\u0131 azaltma<\/strong> hedefiyle de <strong>\u0130zmir<\/strong> i\u00e7in pozitif bir \u00e7\u0131kt\u0131 sa\u011flanaca\u011f\u0131n\u0131 s\u00f6yleyen Demira\u011f, <strong>\u0130zmir B\u00fcy\u00fck\u015fehir Belediyesi<\/strong>\u2019nin enerji kayna\u011f\u0131ndan istifade ederek <strong>elektrik kullananlara<\/strong> <strong>te\u015fvik<\/strong> ve <strong>\u00f6d\u00fcllendirme sistemleri<\/strong> \u00fczerine \u00e7al\u0131\u015facaklar\u0131n\u0131 payla\u015ft\u0131.<\/p>\n<h2><strong>\u201cT\u00fcketicileri tasarruf ve enerji verimlili\u011fine y\u00f6nlendirece\u011fiz\u201d<\/strong><\/h2>\n<p>\u0130E\u00dc S\u00fcrd\u00fcr\u00fclebilir Enerji Anabilim Dal\u0131 Ba\u015fkan\u0131 P<strong>rof. Dr. Mehmet Efe Biresselio\u011flu<\/strong>, Avrupa Birli\u011fi nezdinde \u00fclkemizi temsil etmekten ve \u00fclkemize katma de\u011fer sa\u011flayacak bu projede yer almaktan b\u00fcy\u00fck gurur duydu\u011funu belirtti. Biresselio\u011flu \u015f\u00f6yle devam etti: <em>\u201cBu projede ana amac\u0131m\u0131z <strong>enerji t\u00fcketimini<\/strong> ve <strong>karbon yo\u011funlu\u011funu<\/strong> azaltmak. Bug\u00fcn, g\u00f6revli elektrik tedarik \u015firketi <strong>Aydem Perakende Ailesi<\/strong> ile birlikte <strong>enerji verimlili\u011finin art\u0131r\u0131lmas\u0131na<\/strong> y\u00f6nelik \u00e7\u00f6z\u00fcm \u00f6nerilerimizi <strong>\u0130zmir B\u00fcy\u00fck\u015fehir Belediyesi (\u0130BB)<\/strong> Ba\u015fkan\u0131 Tun\u00e7 Soyer\u2019e sunduk. \u0130E\u00dc S\u00fcrd\u00fcr\u00fclebilir Enerji Anabilim Dal\u0131 ad\u0131na pozitif toplumsal d\u00f6n\u00fc\u015f\u00fcm hareketi ba\u015flatacak Enchant\u2019a katk\u0131lardan dolay\u0131; \u0130zmir B\u00fcy\u00fck\u015fehir Belediyesi\u2019ne ve <strong>s\u00fcrd\u00fcr\u00fclebilirlik konusundaki hassasiyetiyle<\/strong> projeye sahip \u00e7\u0131kan<strong> Aydem Perakende Ailesi<\/strong>\u2019ne te\u015fekk\u00fcrlerimizi iletiyorum.\u201d<\/em><\/p>","protected":false},"excerpt":{"rendered":"<p>Sorry, this entry is only available in Turkish. For the sake of viewer convenience, the content is shown below in the alternative language. You may click the link to switch the active language. Enerji t\u00fcketim davran\u0131\u015flar\u0131n\u0131n d\u00f6n\u00fc\u015f\u00fcm\u00fcne y\u00f6nelik \u00e7\u00f6z\u00fcmlerin \u00fcretilmesini hedefleyen Avrupa Birli\u011fi destekli \u2018Enchant\u2019 proje g\u00f6r\u00fc\u015fmesi, Aydem ve Gediz Perakende proje ekibi, \u0130zmir Ekonomi [&hellip;]<\/p>\n","protected":false},"author":1,"featured_media":131330,"comment_status":"open","ping_status":"open","sticky":false,"template":"","format":"standard","meta":[],"categories":[53,52],"tags":[88043,88046,53114,88048,26559,13522,88047,88050,88044,88049,358],"views":220,"_links":{"self":[{"href":"https:\/\/www.enerjigazetesi.ist\/en\/wp-json\/wp\/v2\/posts\/131322"}],"collection":[{"href":"https:\/\/www.enerjigazetesi.ist\/en\/wp-json\/wp\/v2\/posts"}],"about":[{"href":"https:\/\/www.enerjigazetesi.ist\/en\/wp-json\/wp\/v2\/types\/post"}],"author":[{"embeddable":true,"href":"https:\/\/www.enerjigazetesi.ist\/en\/wp-json\/wp\/v2\/users\/1"}],"replies":[{"embeddable":true,"href":"https:\/\/www.enerjigazetesi.ist\/en\/wp-json\/wp\/v2\/comments?post=131322"}],"version-history":[{"count":0,"href":"https:\/\/www.enerjigazetesi.ist\/en\/wp-json\/wp\/v2\/posts\/131322\/revisions"}],"wp:featuredmedia":[{"embeddable":true,"href":"https:\/\/www.enerjigazetesi.ist\/en\/wp-json\/wp\/v2\/media\/131330"}],"wp:attachment":[{"href":"https:\/\/www.enerjigazetesi.ist\/en\/wp-json\/wp\/v2\/media?parent=131322"}],"wp:term":[{"taxonomy":"category","embeddable":true,"href":"https:\/\/www.enerjigazetesi.ist\/en\/wp-json\/wp\/v2\/categories?post=131322"},{"taxonomy":"post_tag","embeddable":true,"href":"https:\/\/www.enerjigazetesi.ist\/en\/wp-json\/wp\/v2\/tags?post=131322"}],"curies":[{"name":"wp","href":"https:\/\/api.w.org\/{rel}","templated":true}]}}