{"id":131156,"date":"2021-03-13T13:27:15","date_gmt":"2021-03-13T10:27:15","guid":{"rendered":"https:\/\/www.enerjigazetesi.ist\/?p=131156"},"modified":"2021-03-13T13:28:50","modified_gmt":"2021-03-13T10:28:50","slug":"mw-100-turkiye-nin-en-buyuk-100-elektrik-ureticisi-17-martta-aciklaniyor","status":"publish","type":"post","link":"https:\/\/www.enerjigazetesi.ist\/en\/mw-100-turkiye-nin-en-buyuk-100-elektrik-ureticisi-17-martta-aciklaniyor\/","title":{"rendered":"(Turkish) &#8217;MW 100 &#8211; T\u00fcrkiye&#8217;nin En B\u00fcy\u00fck 100 Elektrik \u00dcreticisi 17 Mart&#8217;ta A\u00e7\u0131klan\u0131yor"},"content":{"rendered":"<p class=\"qtranxs-available-languages-message qtranxs-available-languages-message-en\">Sorry, this entry is only available in <a href=\"https:\/\/www.enerjigazetesi.ist\/tr\/wp-json\/wp\/v2\/posts\/131156\" class=\"qtranxs-available-language-link qtranxs-available-language-link-tr\" title=\"Turkish\">Turkish<\/a>. For the sake of viewer convenience, the content is shown below in the alternative language. You may click the link to switch the active language.<\/p><p><\/p>\n<h1>T\u00fcrkiye\u2019nin en b\u00fcy\u00fck 100 elektrik \u00fcreticisi kurulu\u015funun belirlendi\u011fi &#8220;MW 100 &#8211; T\u00fcrkiye&#8217;nin En B\u00fcy\u00fck 100 Elektrik \u00dcreticisi&#8221; ara\u015ft\u0131rmas\u0131n\u0131n sonu\u00e7lar\u0131 canl\u0131 yay\u0131n\u0131 17 Mart \u00c7ar\u015famba g\u00fcn\u00fc Saat 10:00\u2019da ba\u015fl\u0131yor.<\/h1>\n<p><strong><img loading=\"lazy\" class=\"alignright wp-image-131158\" src=\"https:\/\/www.enerjigazetesi.ist\/wp-content\/uploads\/2021\/03\/mw-100-turkiye-nin-en-buyuk-100-elektrik-ureticisi-17-martta-aciklaniyor-2.jpg\" alt=\"\" width=\"340\" height=\"209\" srcset=\"https:\/\/www.enerjigazetesi.ist\/wp-content\/uploads\/2021\/03\/mw-100-turkiye-nin-en-buyuk-100-elektrik-ureticisi-17-martta-aciklaniyor-2.jpg 700w, https:\/\/www.enerjigazetesi.ist\/wp-content\/uploads\/2021\/03\/mw-100-turkiye-nin-en-buyuk-100-elektrik-ureticisi-17-martta-aciklaniyor-2-300x184.jpg 300w, https:\/\/www.enerjigazetesi.ist\/wp-content\/uploads\/2021\/03\/mw-100-turkiye-nin-en-buyuk-100-elektrik-ureticisi-17-martta-aciklaniyor-2-500x307.jpg 500w, https:\/\/www.enerjigazetesi.ist\/wp-content\/uploads\/2021\/03\/mw-100-turkiye-nin-en-buyuk-100-elektrik-ureticisi-17-martta-aciklaniyor-2-80x50.jpg 80w\" sizes=\"(max-width: 340px) 100vw, 340px\" \/>Enerji G\u00fcnl\u00fc\u011f\u00fc<\/strong> ve <strong>Kearney<\/strong>&#8216;in bu y\u0131l <strong>2&#8217;incisini<\/strong> haz\u0131rlad\u0131\u011f\u0131\u00a0<strong>\u201cMW 100 TR &#8211; T\u00fcrkiye&#8217;nin En B\u00fcy\u00fck 100 Elektrik \u00dcreticisi\u201d<\/strong> ara\u015ft\u0131rma sonu\u00e7lar\u0131\u00a0<strong>17 Mart \u00c7ar\u015famba<\/strong> g\u00fcn\u00fc a\u00e7\u0131klan\u0131rken\u00a0<strong>megawatt baz\u0131nda<\/strong> kurulu g\u00fcce g\u00f6re T\u00fcrkiye\u2019nin en b\u00fcy\u00fck <strong>100 elektrik \u00fcreticisi<\/strong> kurulu\u015fu belirleniyor. <strong>\u201cMW 100 &#8211; T\u00fcrkiye&#8217;nin En B\u00fcy\u00fck 100 Elektrik \u00dcreticisi\u201d<\/strong> ara\u015ft\u0131rmas\u0131 kapsam\u0131nda, <strong>hidroelektrik, do\u011fal gaz, r\u00fczgar, k\u00f6m\u00fcr<\/strong> ve <strong>jeotermalde<\/strong> T\u00fcrkiye\u2019nin en b\u00fcy\u00fck <strong>10 elektrik \u00fcreticisi<\/strong> de a\u00e7\u0131klanacak.<\/p>\n<h2><strong>YOUTUBE\u2019DAN CANLI YAYIN YAPILACAK<\/strong><\/h2>\n<p><strong><em>\u201cMW 100 TR \/ T\u00fcrkiye&#8217;nin En B\u00fcy\u00fck 100 Elektrik \u00dcreticisi\u201d<\/em> ara\u015ft\u0131rmas\u0131<\/strong>\u00a0tan\u0131t\u0131m toplant\u0131s\u0131 <strong>17 Mart \u00c7ar\u015famba g\u00fcn\u00fc\u00a0<\/strong>saat<strong> 10:00\u2019da ba\u015fl\u0131yor. Canl\u0131 Yay\u0131n <\/strong>Enerji G\u00fcnl\u00fc\u011f\u00fc\u2019n\u00fcn <strong>YouTube adresi<\/strong>nden yay\u0131nlanacakt\u0131r.<\/p>\n<p><strong>\u00c7evrimi\u00e7i Toplant\u0131:<\/strong>\u00a0<a href=\"https:\/\/www.youtube.com\/watch?v=tdDthxvhh7o&amp;feature=youtu.be\" target=\"_blank\" rel=\"nofollow noopener\">https:\/\/www.youtube.com\/watch?v=tdDthxvhh7o&amp;feature=youtu.be<\/a>\u00a0\u00fczerinden izlenebilecektir.<\/p>","protected":false},"excerpt":{"rendered":"<p>Sorry, this entry is only available in Turkish. For the sake of viewer convenience, the content is shown below in the alternative language. You may click the link to switch the active language. T\u00fcrkiye\u2019nin en b\u00fcy\u00fck 100 elektrik \u00fcreticisi kurulu\u015funun belirlendi\u011fi &#8220;MW 100 &#8211; T\u00fcrkiye&#8217;nin En B\u00fcy\u00fck 100 Elektrik \u00dcreticisi&#8221; ara\u015ft\u0131rmas\u0131n\u0131n sonu\u00e7lar\u0131 canl\u0131 yay\u0131n\u0131 17 [&hellip;]<\/p>\n","protected":false},"author":1,"featured_media":131158,"comment_status":"open","ping_status":"open","sticky":false,"template":"","format":"standard","meta":[],"categories":[46,51,53,47,48,24649,50],"tags":[87865,68733,5291,53114,5070,87868,87869,52259,70,58,1675,87866,69,87867],"views":1067,"_links":{"self":[{"href":"https:\/\/www.enerjigazetesi.ist\/en\/wp-json\/wp\/v2\/posts\/131156"}],"collection":[{"href":"https:\/\/www.enerjigazetesi.ist\/en\/wp-json\/wp\/v2\/posts"}],"about":[{"href":"https:\/\/www.enerjigazetesi.ist\/en\/wp-json\/wp\/v2\/types\/post"}],"author":[{"embeddable":true,"href":"https:\/\/www.enerjigazetesi.ist\/en\/wp-json\/wp\/v2\/users\/1"}],"replies":[{"embeddable":true,"href":"https:\/\/www.enerjigazetesi.ist\/en\/wp-json\/wp\/v2\/comments?post=131156"}],"version-history":[{"count":0,"href":"https:\/\/www.enerjigazetesi.ist\/en\/wp-json\/wp\/v2\/posts\/131156\/revisions"}],"wp:featuredmedia":[{"embeddable":true,"href":"https:\/\/www.enerjigazetesi.ist\/en\/wp-json\/wp\/v2\/media\/131158"}],"wp:attachment":[{"href":"https:\/\/www.enerjigazetesi.ist\/en\/wp-json\/wp\/v2\/media?parent=131156"}],"wp:term":[{"taxonomy":"category","embeddable":true,"href":"https:\/\/www.enerjigazetesi.ist\/en\/wp-json\/wp\/v2\/categories?post=131156"},{"taxonomy":"post_tag","embeddable":true,"href":"https:\/\/www.enerjigazetesi.ist\/en\/wp-json\/wp\/v2\/tags?post=131156"}],"curies":[{"name":"wp","href":"https:\/\/api.w.org\/{rel}","templated":true}]}}