{"id":131053,"date":"2021-03-11T14:44:48","date_gmt":"2021-03-11T11:44:48","guid":{"rendered":"https:\/\/www.enerjigazetesi.ist\/?p=131053"},"modified":"2021-03-11T14:53:15","modified_gmt":"2021-03-11T11:53:15","slug":"turkiye-deki-gunes-enerjisi-ve-depolama-gelismeleri-pv-magazin-de-yer-aldi","status":"publish","type":"post","link":"https:\/\/www.enerjigazetesi.ist\/en\/turkiye-deki-gunes-enerjisi-ve-depolama-gelismeleri-pv-magazin-de-yer-aldi\/","title":{"rendered":"(Turkish) T\u00fcrkiye\u2019deki G\u00fcne\u015f Enerjisi ve Depolama Geli\u015fmeleri PV Magazine&#8217;de Yer Ald\u0131"},"content":{"rendered":"<p class=\"qtranxs-available-languages-message qtranxs-available-languages-message-en\">Sorry, this entry is only available in <a href=\"https:\/\/www.enerjigazetesi.ist\/tr\/wp-json\/wp\/v2\/posts\/131053\" class=\"qtranxs-available-language-link qtranxs-available-language-link-tr\" title=\"Turkish\">Turkish<\/a>. For the sake of viewer convenience, the content is shown below in the alternative language. You may click the link to switch the active language.<\/p><p><\/p>\n<h1>T\u00fcrkiye PV pazar\u0131n\u0131n son 3 y\u0131lda\u00a0gerilemesi hayal k\u0131r\u0131kl\u0131\u011f\u0131 yarat\u0131rken\u00a0G\u00fcnder Ba\u015fkan\u0131 Kutay Kaleli yapt\u0131\u011f\u0131 a\u00e7\u0131klamada,\u00a0<img loading=\"lazy\" class=\"alignright wp-image-131055\" src=\"https:\/\/www.enerjigazetesi.ist\/wp-content\/uploads\/2021\/03\/turkiye-nin-gunes-enerjisi-ve-depolama-gelismeleri-pv-magazinede-yer-aldi.jpg\" alt=\"\" width=\"320\" height=\"240\" srcset=\"https:\/\/www.enerjigazetesi.ist\/wp-content\/uploads\/2021\/03\/turkiye-nin-gunes-enerjisi-ve-depolama-gelismeleri-pv-magazinede-yer-aldi.jpg 448w, https:\/\/www.enerjigazetesi.ist\/wp-content\/uploads\/2021\/03\/turkiye-nin-gunes-enerjisi-ve-depolama-gelismeleri-pv-magazinede-yer-aldi-300x225.jpg 300w, https:\/\/www.enerjigazetesi.ist\/wp-content\/uploads\/2021\/03\/turkiye-nin-gunes-enerjisi-ve-depolama-gelismeleri-pv-magazinede-yer-aldi-67x50.jpg 67w\" sizes=\"(max-width: 320px) 100vw, 320px\" \/>k\u00fc\u00e7\u00fck \u00e7apl\u0131 &#8220;Mini YEKA&#8221; ihaleleri ve bunlar\u0131n desteklenmesine y\u00f6nelik bir politika rejiminin olu\u015fturulmas\u0131yla birlikte elektrik sat\u0131n alma anla\u015fmalar\u0131n\u0131n yap\u0131lmas\u0131 gerekti\u011fine dikkat \u00e7ekti.<\/h1>\n<p><em>G\u00fcnder&#8217;in Enerji Depolama ve E-Mobility Komisyonu Ba\u015fkan\u0131<\/em> <strong>Eren Engur<\/strong> ise; &#8220;D\u00fcnyadaki b\u00fcy\u00fck geli\u015fmelerle birlikte \u00fclkemizde PV sekt\u00f6r\u00fcnde de buna \u015fahit oluyoruz. Enerji depolama ve e-mobilite sistemleri i\u00e7in olumlu ve s\u00fcrd\u00fcr\u00fclebilir pazar geli\u015fimi mevcut ve yeni d\u00fczenlemelerle birlikte\u00a0<strong>C &amp; I<\/strong>&#8216;nin do\u011fu\u015funu da g\u00f6rece\u011fiz. &#8220;dedi.<\/p>\n<p>G\u00dcNDER Ba\u015fkan\u0131 <strong>Kutay KALEL\u0130<\/strong>\u2019nin ve Y\u00f6netim Kurulu \u00dcyesi <strong>Eren ENG\u00dcR<\/strong>\u2019\u00fcn <strong>PV Magazine<\/strong> dergisinin<strong> Mart 2021<\/strong> say\u0131s\u0131nda r\u00f6portajlar\u0131 yay\u0131mland\u0131.<\/p>\n<p><em><strong>PV Magazine&#8217;in Mart 2021 say\u0131s\u0131nda yay\u0131mlanan r\u00f6portajlar \u0130\u00e7in\u00a0<a href=\"https:\/\/www.solar.ist\/wp-content\/uploads\/2021\/03\/Gunder-PV_Total.pdf\" target=\"_blank\" rel=\"nofollow noopener\">TIKLAYIN &gt;&gt;&gt;<\/a><\/strong><\/em><\/p>","protected":false},"excerpt":{"rendered":"<p>Sorry, this entry is only available in Turkish. For the sake of viewer convenience, the content is shown below in the alternative language. You may click the link to switch the active language. T\u00fcrkiye PV pazar\u0131n\u0131n son 3 y\u0131lda\u00a0gerilemesi hayal k\u0131r\u0131kl\u0131\u011f\u0131 yarat\u0131rken\u00a0G\u00fcnder Ba\u015fkan\u0131 Kutay Kaleli yapt\u0131\u011f\u0131 a\u00e7\u0131klamada,\u00a0k\u00fc\u00e7\u00fck \u00e7apl\u0131 &#8220;Mini YEKA&#8221; ihaleleri ve bunlar\u0131n desteklenmesine y\u00f6nelik [&hellip;]<\/p>\n","protected":false},"author":1,"featured_media":131056,"comment_status":"open","ping_status":"open","sticky":false,"template":"","format":"standard","meta":[],"categories":[51,53,49],"tags":[5070,47276,52259,48227,53157,35120,48949,49300,64834,54979],"views":229,"_links":{"self":[{"href":"https:\/\/www.enerjigazetesi.ist\/en\/wp-json\/wp\/v2\/posts\/131053"}],"collection":[{"href":"https:\/\/www.enerjigazetesi.ist\/en\/wp-json\/wp\/v2\/posts"}],"about":[{"href":"https:\/\/www.enerjigazetesi.ist\/en\/wp-json\/wp\/v2\/types\/post"}],"author":[{"embeddable":true,"href":"https:\/\/www.enerjigazetesi.ist\/en\/wp-json\/wp\/v2\/users\/1"}],"replies":[{"embeddable":true,"href":"https:\/\/www.enerjigazetesi.ist\/en\/wp-json\/wp\/v2\/comments?post=131053"}],"version-history":[{"count":0,"href":"https:\/\/www.enerjigazetesi.ist\/en\/wp-json\/wp\/v2\/posts\/131053\/revisions"}],"wp:featuredmedia":[{"embeddable":true,"href":"https:\/\/www.enerjigazetesi.ist\/en\/wp-json\/wp\/v2\/media\/131056"}],"wp:attachment":[{"href":"https:\/\/www.enerjigazetesi.ist\/en\/wp-json\/wp\/v2\/media?parent=131053"}],"wp:term":[{"taxonomy":"category","embeddable":true,"href":"https:\/\/www.enerjigazetesi.ist\/en\/wp-json\/wp\/v2\/categories?post=131053"},{"taxonomy":"post_tag","embeddable":true,"href":"https:\/\/www.enerjigazetesi.ist\/en\/wp-json\/wp\/v2\/tags?post=131053"}],"curies":[{"name":"wp","href":"https:\/\/api.w.org\/{rel}","templated":true}]}}