{"id":130943,"date":"2021-03-10T11:19:21","date_gmt":"2021-03-10T08:19:21","guid":{"rendered":"https:\/\/www.enerjigazetesi.ist\/?p=130943"},"modified":"2021-03-10T11:31:25","modified_gmt":"2021-03-10T08:31:25","slug":"surdurulebilirlik-liderleri-7-8-nisanda-yesil-is-zirvesi-nde-bulusuyor","status":"publish","type":"post","link":"https:\/\/www.enerjigazetesi.ist\/en\/surdurulebilirlik-liderleri-7-8-nisanda-yesil-is-zirvesi-nde-bulusuyor\/","title":{"rendered":"(Turkish) S\u00fcrd\u00fcr\u00fclebilirlik Liderleri 7-8 Nisan&#8217;da Ye\u015fil \u0130\u015f Zirvesi\u2019nde Bulu\u015fuyor!"},"content":{"rendered":"<p class=\"qtranxs-available-languages-message qtranxs-available-languages-message-en\">Sorry, this entry is only available in <a href=\"https:\/\/www.enerjigazetesi.ist\/tr\/wp-json\/wp\/v2\/posts\/130943\" class=\"qtranxs-available-language-link qtranxs-available-language-link-tr\" title=\"Turkish\">Turkish<\/a>. For the sake of viewer convenience, the content is shown below in the alternative language. You may click the link to switch the active language.<\/p><p><\/p>\n<h1><strong>S\u00fcrd\u00fcr\u00fclebilir i<\/strong><strong>\u015f<\/strong><strong> liderleri ve profesyonelleri i\u00e7in en \u00f6nemli bulu<\/strong><strong>\u015f<\/strong><strong>ma yeri YE<\/strong><strong>\u015e\u0130<\/strong><strong>L <\/strong><strong>\u0130\u015e<\/strong><strong> 2021, 8&#8217;inci y<\/strong><strong>\u0131<\/strong><strong>l<\/strong><strong>\u0131<\/strong><strong>nda 7-8 Nisan 2021&#8217;de farkl<\/strong><strong>\u0131<\/strong><strong> sekt\u00f6rlerden t\u00fcm payda<\/strong><strong>\u015f<\/strong><strong>lar<\/strong><strong>\u0131<\/strong><strong> online olarak bir araya getirecek. Zirvede, \u2018De<\/strong><strong>\u011f<\/strong><strong>i<\/strong><strong>\u015f<\/strong><strong>imin Yeni Paradigmalar<\/strong><strong>\u0131<\/strong><strong>\u2019 temas<\/strong><strong>\u0131<\/strong><strong>yla pandemi sonras<\/strong><strong>\u0131<\/strong><strong> \u00f6ne \u00e7<\/strong><strong>\u0131<\/strong><strong>kan k\u00fcresel trendler de<\/strong><strong>\u011f<\/strong><strong>erlendirilecek.<\/strong><\/h1>\n<p><strong>S\u00fcrd\u00fcr\u00fclebilir i\u015f<\/strong>, ortaya \u00e7\u0131kan <strong>yeni kayg\u0131lar<\/strong> ve kavramlarla birlikte her zamankinden daha h\u0131zl\u0131 geli\u015fiyor. Pandemi sonras\u0131 geli\u015fen<strong> yeni ekonomik d\u00fczende rekabet\u00e7i g\u00fcc\u00fcn\u00fc<\/strong> devam ettirmek isteyen \u015firketlerin, en son geli\u015fmeler \u0131\u015f\u0131\u011f\u0131nda <strong>riskleri<\/strong> ve <strong>f\u0131rsatlar\u0131 de\u011ferlendirerek<\/strong> uyum sa\u011flamalar\u0131, her <img loading=\"lazy\" class=\"alignright wp-image-130945\" src=\"https:\/\/www.enerjigazetesi.ist\/wp-content\/uploads\/2021\/03\/surdurulebilirlik-liderleri-7-8-nisanda-yesil-is-zirvesinde-bir-araya-geliyor.jpg\" alt=\"\" width=\"340\" height=\"182\" srcset=\"https:\/\/www.enerjigazetesi.ist\/wp-content\/uploads\/2021\/03\/surdurulebilirlik-liderleri-7-8-nisanda-yesil-is-zirvesinde-bir-araya-geliyor.jpg 550w, https:\/\/www.enerjigazetesi.ist\/wp-content\/uploads\/2021\/03\/surdurulebilirlik-liderleri-7-8-nisanda-yesil-is-zirvesinde-bir-araya-geliyor-300x161.jpg 300w, https:\/\/www.enerjigazetesi.ist\/wp-content\/uploads\/2021\/03\/surdurulebilirlik-liderleri-7-8-nisanda-yesil-is-zirvesinde-bir-araya-geliyor-500x268.jpg 500w, https:\/\/www.enerjigazetesi.ist\/wp-content\/uploads\/2021\/03\/surdurulebilirlik-liderleri-7-8-nisanda-yesil-is-zirvesinde-bir-araya-geliyor-80x43.jpg 80w\" sizes=\"(max-width: 340px) 100vw, 340px\" \/>zamankinden daha \u00f6nemli hale geliyor.<\/p>\n<p><strong>2009<\/strong> y\u0131l\u0131ndan bu yana <strong>8.500\u2019\u00fcn<\/strong> \u00fczerinde kat\u0131l\u0131mc\u0131, <strong>470<\/strong> \u00e7\u00f6z\u00fcm orta\u011f\u0131,<strong> 300<\/strong> oturumda <strong>585<\/strong>\u2019i a\u015fk\u0131n konu\u015fmac\u0131yla <strong>s\u00fcrd\u00fcr\u00fclebilir i\u015f liderleri<\/strong> ve <strong>profesyonelleri<\/strong> i\u00e7in en \u00f6nemli <strong>bulu\u015fma adresi<\/strong> olan <strong>YE\u015e\u0130L \u0130\u015e Zirvesi<\/strong>, <strong>8&#8217;inci<\/strong> y\u0131l\u0131nda<strong> 7-8 Nisan 2021<\/strong> tarihlerinde farkl\u0131 sekt\u00f6rlerden t\u00fcm payda\u015flar\u0131 online olarak bir araya getirecek.<\/p>\n<p>De\u011fi\u015fen d\u00fcnyada <strong>iklim de\u011fi\u015fikli\u011fi etkileri, ekonomide net-zero, karbon<\/strong> ve <strong>enerji d\u00f6n\u00fc\u015f\u00fcm\u00fc<\/strong>, <strong>d\u00f6ng\u00fcsel ekonomi, inovasyon<\/strong>,<strong> s\u00fcrd\u00fcr\u00fclebilir finansman, ye\u015fil fonlar ,ye\u015fil mutabakat<\/strong> ve <strong>y\u00f6neti\u015fime<\/strong> kadar bir\u00e7ok konuya \u00a0odaklanacak <strong>Ye\u015fil \u0130\u015f Zirvesi<\/strong> \u00e7ok say\u0131da uluslararas\u0131 konu\u015fmac\u0131y\u0131 da \u00a0a\u011f\u0131rlayacak.<\/p>\n<p>Global ve yerel i\u015f d\u00fcnyas\u0131n\u0131n liderleri, <strong>s\u00fcrd\u00fcr\u00fclebilir b\u00fcy\u00fcme<\/strong>nin uzmanlar\u0131, b\u00fcy\u00fck sermayeli \u015firketlerden <strong>KOB\u0130\u2019lere<\/strong> kadar t\u00fcm <strong>\u00f6zel sekt\u00f6r, kamu sekt\u00f6r\u00fc, sivil toplum kurulu\u015flar\u0131<\/strong> ve <strong>akademi d\u00fcnyas\u0131, pandemi sonras\u0131<\/strong> <strong>\u2018De\u011fi\u015fimin Yeni Paradigmalar\u0131\u2019<\/strong> temas\u0131yla k\u00fcresel trendleri de\u011ferlendirecek.<\/p>\n<p>Kat\u0131l\u0131mc\u0131lar, konular\u0131n t\u00fcm boyutlar\u0131yla ele al\u0131nd\u0131\u011f\u0131 ilham veren oturumlarda; <strong>s\u00fcrd\u00fcr\u00fclebilir i\u015f modelleri<\/strong>nde <strong>yasal d\u00fczenlemeleri, politikalar\u0131, yenilik\u00e7i yakla\u015f\u0131mlar\u0131, liderlik tecr\u00fcbelerini,<\/strong> <strong>yeni i\u015f f\u0131rsatlar\u0131n\u0131<\/strong> ve <strong>ba\u015far\u0131l\u0131 uygulama \u00f6rneklerin<\/strong>i \u00f6\u011frenme ve payla\u015fma bulacak.<\/p>\n<p><strong>YE\u015e\u0130L \u0130\u015e Zirvesi<\/strong>, Stratejik \u00c7\u00f6z\u00fcm Orta\u011f\u0131 <strong>Schnedier Electric<\/strong>, Ana Sponsor<strong> Shell<\/strong> ve<strong> Akademi \u00c7evre<\/strong>, Alt\u0131n sponsor<strong> Denizbank<\/strong>, \u00a0<strong>Korozo<\/strong> olmak \u00fczere \u00f6nemli sponsorlar\u0131n destekleriyle ger\u00e7ekle\u015fecek.<\/p>","protected":false},"excerpt":{"rendered":"<p>Sorry, this entry is only available in Turkish. For the sake of viewer convenience, the content is shown below in the alternative language. You may click the link to switch the active language. S\u00fcrd\u00fcr\u00fclebilir i\u015f liderleri ve profesyonelleri i\u00e7in en \u00f6nemli bulu\u015fma yeri YE\u015e\u0130L \u0130\u015e 2021, 8&#8217;inci y\u0131l\u0131nda 7-8 Nisan 2021&#8217;de farkl\u0131 sekt\u00f6rlerden t\u00fcm payda\u015flar\u0131 [&hellip;]<\/p>\n","protected":false},"author":1,"featured_media":130945,"comment_status":"open","ping_status":"open","sticky":false,"template":"","format":"standard","meta":[],"categories":[51,53,52],"tags":[1564,52259,26559,2372,77499,43467,42753,57125,87758,87757,8168,85540],"views":97,"_links":{"self":[{"href":"https:\/\/www.enerjigazetesi.ist\/en\/wp-json\/wp\/v2\/posts\/130943"}],"collection":[{"href":"https:\/\/www.enerjigazetesi.ist\/en\/wp-json\/wp\/v2\/posts"}],"about":[{"href":"https:\/\/www.enerjigazetesi.ist\/en\/wp-json\/wp\/v2\/types\/post"}],"author":[{"embeddable":true,"href":"https:\/\/www.enerjigazetesi.ist\/en\/wp-json\/wp\/v2\/users\/1"}],"replies":[{"embeddable":true,"href":"https:\/\/www.enerjigazetesi.ist\/en\/wp-json\/wp\/v2\/comments?post=130943"}],"version-history":[{"count":0,"href":"https:\/\/www.enerjigazetesi.ist\/en\/wp-json\/wp\/v2\/posts\/130943\/revisions"}],"wp:featuredmedia":[{"embeddable":true,"href":"https:\/\/www.enerjigazetesi.ist\/en\/wp-json\/wp\/v2\/media\/130945"}],"wp:attachment":[{"href":"https:\/\/www.enerjigazetesi.ist\/en\/wp-json\/wp\/v2\/media?parent=130943"}],"wp:term":[{"taxonomy":"category","embeddable":true,"href":"https:\/\/www.enerjigazetesi.ist\/en\/wp-json\/wp\/v2\/categories?post=130943"},{"taxonomy":"post_tag","embeddable":true,"href":"https:\/\/www.enerjigazetesi.ist\/en\/wp-json\/wp\/v2\/tags?post=130943"}],"curies":[{"name":"wp","href":"https:\/\/api.w.org\/{rel}","templated":true}]}}