{"id":130924,"date":"2021-03-09T15:04:21","date_gmt":"2021-03-09T12:04:21","guid":{"rendered":"https:\/\/www.enerjigazetesi.ist\/?p=130924"},"modified":"2021-03-10T16:16:35","modified_gmt":"2021-03-10T13:16:35","slug":"demirdokum-2021-yili-hedeflerini-liderler-zirvesi-nde-belirledi","status":"publish","type":"post","link":"https:\/\/www.enerjigazetesi.ist\/en\/demirdokum-2021-yili-hedeflerini-liderler-zirvesi-nde-belirledi\/","title":{"rendered":"(Turkish) DemirD\u00f6k\u00fcm 2021 Y\u0131l\u0131 Hedeflerini &#8216;Liderler Zirvesi&#8217;nde Belirledi"},"content":{"rendered":"<p class=\"qtranxs-available-languages-message qtranxs-available-languages-message-en\">Sorry, this entry is only available in <a href=\"https:\/\/www.enerjigazetesi.ist\/tr\/wp-json\/wp\/v2\/posts\/130924\" class=\"qtranxs-available-language-link qtranxs-available-language-link-tr\" title=\"Turkish\">Turkish<\/a>. For the sake of viewer convenience, the content is shown below in the alternative language. You may click the link to switch the active language.<\/p><p><\/p>\n<h1><strong>DemirD\u00f6k\u00fcm\u2019\u00fcn yetkili sat\u0131c\u0131lar\u0131 ve sat\u0131\u015f noktalar\u0131 i\u00e7in geleneksel olarak d\u00fczenledi\u011fi &#8220;Liderler Zirvesi&#8221;, bu y\u0131l dijital ortamda<\/strong>\u00a0<strong>canl\u0131 yay\u0131n format\u0131nda ger\u00e7ekle\u015ftirildi. Teknolojinin deste\u011fiyle pandemiye ra\u011fmen mesafeleri ortadan kald\u0131ran DemirD\u00f6k\u00fcm, \u201cDahas\u0131 DemirD\u00f6k\u00fcm\u201d temas\u0131yla d\u00fczenlenen organizasyonda 2020 y\u0131l\u0131 i\u015f sonu\u00e7lar\u0131 ve 2021 y\u0131l\u0131 hedeflerini de\u011ferlendirdi.<\/strong><\/h1>\n<p><strong>\u0130klimlendirme sekt\u00f6r\u00fc<\/strong>n\u00fcn \u00f6nc\u00fc markalar\u0131ndan <strong>DemirD\u00f6k\u00fcm<\/strong>\u2019\u00fcn i\u015f ortaklar\u0131yla ili\u015fkilerini g\u00fc\u00e7lendirmek amac\u0131yla geleneksel olarak d\u00fczenledi\u011fi <strong>Liderler Zirvesi<\/strong>, bu y\u0131l <strong>koronavir\u00fcs pandemisi<\/strong> nedeniyle <strong>dijital ortamda<\/strong> ger\u00e7ekle\u015ftirildi. Teknolojinin deste\u011fiyle<strong> yenilik\u00e7i<\/strong> ve sekt\u00f6rde benzersiz dijital bir ortamda <strong>webcast altyap\u0131s\u0131<\/strong>yla <strong>canl\u0131 yay\u0131n format\u0131nda<\/strong> d\u00fczenlenen etkinlikte i\u015f ortaklar\u0131n\u0131 <strong>\u201cDahas\u0131 DemirD\u00f6k\u00fcm\u201d temas\u0131yla<\/strong> a\u011f\u0131rlad\u0131. T\u00fcrkiye\u2019nin d\u00f6rt bir yan\u0131ndan DemirD\u00f6k\u00fcm <img loading=\"lazy\" class=\"alignright wp-image-130926\" src=\"https:\/\/www.enerjigazetesi.ist\/wp-content\/uploads\/2021\/03\/demirdokum-2021-yili-hedeflerini-liderler-zirvesinde-belirledi.jpg\" alt=\"\" width=\"340\" height=\"220\" srcset=\"https:\/\/www.enerjigazetesi.ist\/wp-content\/uploads\/2021\/03\/demirdokum-2021-yili-hedeflerini-liderler-zirvesinde-belirledi.jpg 550w, https:\/\/www.enerjigazetesi.ist\/wp-content\/uploads\/2021\/03\/demirdokum-2021-yili-hedeflerini-liderler-zirvesinde-belirledi-300x194.jpg 300w, https:\/\/www.enerjigazetesi.ist\/wp-content\/uploads\/2021\/03\/demirdokum-2021-yili-hedeflerini-liderler-zirvesinde-belirledi-500x324.jpg 500w, https:\/\/www.enerjigazetesi.ist\/wp-content\/uploads\/2021\/03\/demirdokum-2021-yili-hedeflerini-liderler-zirvesinde-belirledi-77x50.jpg 77w\" sizes=\"(max-width: 340px) 100vw, 340px\" \/>yetkili sat\u0131c\u0131lar\u0131 ve sat\u0131\u015f noktalar\u0131 ile DemirD\u00f6k\u00fcm \u00e7al\u0131\u015fanlar\u0131ndan olu\u015fan <strong>500 ki\u015finin<\/strong> kat\u0131ld\u0131\u011f\u0131 Liderler Zirvesi&#8217;nde; CEO\u00a0<strong>Alper Avdel<\/strong>, Sat\u0131\u015ftan Sorumlu Genel M\u00fcd\u00fcr Yard\u0131mc\u0131s\u0131\u00a0<strong>Erol Kayao\u011flu<\/strong>, Pazarlamadan Sorumlu Genel M\u00fcd\u00fcr Yard\u0131mc\u0131s\u0131\u00a0<strong>Ufuk Atan<\/strong>, Pazarlama Direkt\u00f6r\u00fc\u00a0<strong>Bilge K\u0131ran<\/strong>\u00a0ve Sat\u0131\u015f Direkt\u00f6r\u00fc\u00a0<strong>F\u0131rat \u0130rfano\u011flu\u00a0<\/strong>\u015firketin <strong>2020 y\u0131l\u0131 i\u015f sonu\u00e7lar\u0131<\/strong> ile <strong>2021 y\u0131l\u0131 hedeflerini<\/strong> payla\u015ft\u0131.<\/p>\n<p>Ekranlar\u0131n sevilen y\u00fczleri\u00a0<strong>Ali Sunal<\/strong>\u00a0ve\u00a0<strong>Do\u011fa Rutkay<\/strong>&#8216;\u0131n sunuculu\u011funu payla\u015ft\u0131\u011f\u0131, <strong>300 m2<\/strong>\u2019lik dev bir sahnede ger\u00e7ekle\u015ftirilen zirvenin a\u00e7\u0131l\u0131\u015f\u0131nda, 2020\u2019de b\u00fct\u00fcn <strong>d\u00fcnyay\u0131 etkileyen pandemiyle<\/strong> birlikte k\u00fcresel \u00f6l\u00e7ekte b\u00fcy\u00fck kay\u0131plar ya\u015fand\u0131\u011f\u0131, T\u00fcrkiye i\u00e7in de olduk\u00e7a zor ge\u00e7en bir y\u0131l\u0131n geride kald\u0131\u011f\u0131n\u0131 belirten\u00a0<strong>CEO Alper Avdel<\/strong>; DemirD\u00f6k\u00fcm ailesi,<strong> i\u015f ortaklar\u0131<\/strong> ve<strong> m\u00fc\u015fterilerinin ki\u015fisel<\/strong> ve <strong>ekonomik<\/strong> sa\u011fl\u0131\u011f\u0131n\u0131 korumak i\u00e7in <strong>at\u0131lan ad\u0131mlar\u0131n sonucund<\/strong>a dengeli bir y\u0131l\u0131 geride b\u0131rakt\u0131klar\u0131n\u0131 kaydetti.<\/p>\n<h2><strong>&#8220;KURUMSAL BA\u011eI\u015eIKLI\u011eIMIZ Y\u00dcKSEK&#8221;<\/strong><\/h2>\n<p>\u015eirketlerin de <strong>t\u0131pk\u0131 insanlar gibi de\u011ferlendirilmesi<\/strong> gerekti\u011fini vurgulayan\u00a0<strong>Alper Avdel<\/strong>, <em>&#8220;Gerekli \u00f6nlemleri alan, beslenmesine dikkat eden, sporunu aksatmayan, uyku d\u00fczenine dikkat eden yani bu s\u00fcre\u00e7te <strong>kendisine yat\u0131r\u0131m yapan<\/strong> bireyler pandemi s\u00fcrecinden daha az etkilendi. Bu durum asl\u0131nda kurumlar i\u00e7in de ge\u00e7erli oldu. <strong>Riskleri da\u011f\u0131tan<\/strong> ve<strong> iyi y\u00f6neten, IT altyap\u0131s\u0131na yat\u0131r\u0131m<\/strong> yapan, <strong>tedarik zincirini<\/strong> kuvvetlendiren, <strong>\u00e7al\u0131\u015fan motivasyonunu<\/strong> art\u0131ran ve <strong>i\u015f ortaklar\u0131yla<\/strong> ili\u015fkilerini g\u00fc\u00e7lendiren; yani\u00a0<strong>kurumsal ba\u011f\u0131\u015f\u0131kl\u0131\u011f\u0131 y\u00fcksek<\/strong>\u00a0\u015firketler bu s\u00fcre\u00e7te daha sa\u011fl\u0131kl\u0131 kalabildi. Biz de DemirD\u00f6k\u00fcm olarak <strong>kurumsal ba\u011f\u0131\u015f\u0131kl\u0131\u011f\u0131 y\u00fcksek<\/strong> bir aileyiz. Pandemi s\u00fcrecine b\u00f6yle girdik, sahip oldu\u011fumuz de\u011ferlerle bu s\u00fcre\u00e7ten daha az etkilenen bir noktada yer al\u0131yoruz\u201d<\/em> dedi.<\/p>\n<h2><strong>&#8220;KOMB\u0130DE L\u0130DERL\u0130\u011e\u0130M\u0130Z\u0130 PER\u00c7\u0130NLED\u0130K&#8221;<\/strong><\/h2>\n<p>Globalde DemirD\u00f6k\u00fcm\u2019\u00fcn mensubu oldu\u011fu<strong> Vaillant Group<\/strong> ile <strong>Vaillant Group T\u00fcrkiye<\/strong>&#8216;nin 2020 y\u0131l\u0131 sonu\u00e7lar\u0131n\u0131 de\u011ferlendiren\u00a0<strong>Avdel<\/strong>;<em> &#8220;\u0130klimlendirme sekt\u00f6r\u00fc olarak \u015fansl\u0131 sekt\u00f6rler aras\u0131nday\u0131z. \u00dcr\u00fcnlerimize talep hi\u00e7 ortadan kalkmad\u0131 sadece birka\u00e7 ay \u00f6telendi.<strong> Vaillant Group<\/strong> ve <strong>Vaillant Group T\u00fcrkiye<\/strong>, \u015firketleriyle birlikte pozitif ayr\u0131\u015ft\u0131. Grup kapsam\u0131nda de\u011ferlendirildi\u011finde, 2020 y\u0131l\u0131nda <strong>3 \u00fclke<\/strong> y\u00fcksek ba\u015far\u0131 g\u00f6sterdi. Bunlar aras\u0131nda<strong> Almanya<\/strong> ve<strong> Polonya<\/strong>\u2019n\u0131n yan\u0131 s\u0131ra \u00f6ne \u00e7\u0131kan bir di\u011fer \u00fclke <strong>T\u00fcrkiye<\/strong> oldu. Euro baz\u0131nda<strong> % 8<\/strong> b\u00fcy\u00fcme ger\u00e7ekle\u015ftirdik. <strong>Karl\u0131l\u0131\u011f\u0131m\u0131z\u0131, nakit ak\u0131\u015f\u0131m\u0131z\u0131, risk y\u00f6netimimizi, m\u00fc\u015fteri memnuniyeti<\/strong>ni ve i\u015f ortaklar\u0131m\u0131z\u0131n karl\u0131l\u0131\u011f\u0131n\u0131 dengede tutarak y\u0131l\u0131 ba\u015far\u0131l\u0131 bir \u015fekilde tamamlad\u0131k. <strong>Kombide sekt\u00f6r ortalamas\u0131<\/strong> \u00fczerinde b\u00fcy\u00fcyerek <strong>2020\u2019de<\/strong> liderli\u011fimizi bir kez daha per\u00e7inledik. Geleneksel i\u015f kollar\u0131m\u0131zdaki \u00f6nemli b\u00fcy\u00fcmenin yan\u0131nda, <strong>kaskad, \u0131s\u0131 pompas\u0131, VRF<\/strong> gibi yeni i\u015f alanlar\u0131nda b\u00fcy\u00fcme rekorlar\u0131m\u0131z\u0131 tazelemeye devam ettik. Y\u00fcksek kapasiteli <strong>kaskad<\/strong> ve<strong> split klima \u00fcr\u00fcnlerimizin<\/strong> sat\u0131\u015f\u0131n\u0131 bir \u00f6nceki y\u0131la g\u00f6re <strong>2 kat<\/strong> art\u0131rd\u0131k, <strong>\u0131s\u0131 pompas\u0131<\/strong> sat\u0131\u015f\u0131m\u0131z ise <strong>% 50<\/strong> seviyesinde artt\u0131. Bu ba\u015far\u0131lardan daha da \u00f6nemlisi, m\u00fc\u015fteri memnuniyetimiz yine <strong>% 90<\/strong>&#8216;\u0131n \u00fczerinde ger\u00e7ekle\u015fti\u201d<\/em> a\u00e7\u0131klamas\u0131n\u0131 yapt\u0131.<\/p>\n<h2><strong>\u201c\u0130HRACATTA AGRES\u0130F B\u00dcY\u00dcME HEDEF\u0130NE SAH\u0130B\u0130Z\u201d<\/strong><\/h2>\n<p>2021 y\u0131l\u0131na organizasyon de\u011fi\u015fim ile ba\u015flayan DemirD\u00f6k\u00fcm\u2019\u00fcn sahada daha \u00f6nce hi\u00e7 olmad\u0131\u011f\u0131 kadar aktif ve dinamik olaca\u011f\u0131n\u0131 belirten\u00a0<strong>CEO Alper Avdel<\/strong>;<em> &#8220;Stratejilerini ve hedeflerini uzun vadeli belirleyen bir grubuz. Yeni d\u00f6nemde kendi i\u00e7imizden \u00e7\u0131kan yeni y\u00f6neticilerimiz ve i\u015f ortaklar\u0131m\u0131zla lider oldu\u011fumuz alanlar\u0131 geli\u015ftirmeye devam edece\u011fiz. Yeni i\u015f kollar\u0131nda yakalad\u0131\u011f\u0131m\u0131z b\u00fcy\u00fcme h\u0131z\u0131n\u0131 ayn\u0131 \u015fekilde devam ettirmeyi hedefliyoruz. <strong>% 90<\/strong>\u2019\u0131n \u00fczerinde olan m\u00fc\u015fteri memnuniyeti oran\u0131m\u0131z\u0131 daha da yukar\u0131 \u00e7ekme hedefimiz var. T\u00fcm bunlara ek olarak da ihracatta <strong>agresif b\u00fcy\u00fcme hedefine<\/strong> sahibiz. \u00dcr\u00fcnlerimiz, hizmet kalitemiz ve bu y\u0131l hayata ge\u00e7irece\u011fimiz projelerle sekt\u00f6rde pozitif ayr\u0131\u015faca\u011f\u0131m\u0131z bir y\u0131l olmas\u0131n\u0131 hedefliyoruz. Sekt\u00f6rde <strong>67 y\u0131ll\u0131k<\/strong> bir eser olan DemirD\u00f6k\u00fcm\u2019\u00fcn \u00f6n\u00fcm\u00fczdeki y\u0131llarda da <strong>yeni<\/strong> ve <strong>yarat\u0131c\u0131 eserler<\/strong> b\u0131rakabilmesi,<strong> liderli\u011fini s\u00fcrd\u00fcrmesi<\/strong> ve<strong> liderlik alanlar\u0131na yenilerini eklemesi<\/strong> i\u00e7in t\u00fcm haz\u0131rl\u0131klar\u0131 yapt\u0131k\u201d<\/em> dedi.<\/p>\n<h2><strong>\u201c\u00c7\u00d6Z\u00dcM ODAKLI MARKALAR M\u00dc\u015eTER\u0130 TERC\u0130H\u0130 OLACAK\u201d<\/strong><\/h2>\n<p>Konu\u015fmas\u0131nda <strong>20<\/strong> ve<strong> 21&#8217;inci y\u00fczy\u0131l\u0131n<\/strong> marka ve t\u00fcketici yakla\u015f\u0131mlar\u0131n\u0131 payla\u015fan<strong>\u00a0Sat\u0131\u015ftan Sorumlu Genel M\u00fcd\u00fcr Yard\u0131mc\u0131s\u0131 Erol Kayao\u011flu<\/strong>, \u00f6n\u00fcm\u00fczdeki d\u00f6nemde sa\u011fl\u0131\u011f\u0131n\u0131, \u00e7al\u0131\u015fanlar\u0131n\u0131 ve ekosistemini ayakta tutabilen; empati kabiliyeti y\u00fcksek firmalar\u0131n ba\u015far\u0131l\u0131 olabilece\u011fini belirtti. \u00dcr\u00fcn \u00fcretmenin g\u00fcn\u00fcm\u00fcz ko\u015fullar\u0131nda yeterli olmad\u0131\u011f\u0131n\u0131 belirten\u00a0<strong>Kayao\u011flu<\/strong>; <em>&#8220;\u0130\u00e7inde bulundu\u011fumuz yeni d\u00fcnyada<strong> iyilik<\/strong> ve<strong> yarat\u0131c\u0131l\u0131k<\/strong> \u00f6n planda. <strong>M\u00fc\u015fteri fayday\u0131 g\u00f6rmek<\/strong> ve <strong>marka<\/strong> ile<strong> ba\u011f kurmak<\/strong> istiyor. \u00c7\u00fcnk\u00fc yeni d\u00fcnyada pazar pay\u0131n\u0131n yerini g\u00f6n\u00fcl pay\u0131 ald\u0131. G\u00f6n\u00fcl pay\u0131n\u0131 kazanmak ise pazar pay\u0131ndan \u00e7ok daha zor. Bunun i\u00e7in <strong>g\u00fc\u00e7l\u00fc bir tak\u0131m<\/strong> ruhuyla hareket etmek ve ko\u015fulsuz g\u00fcveni var etmek gerekiyor. Uzla\u015fmac\u0131 bir tutumla kar\u015f\u0131l\u0131kl\u0131 <strong>fikir al\u0131\u015fveri\u015fi yapabilmek<\/strong> ve ortak bir kazan\u0131m noktas\u0131nda bulu\u015fmak yeni d\u00fcnyada \u00e7ok \u00f6nemli bir hale geldi. Bunun yan\u0131nda <strong>veriye dayal\u0131 konu\u015fmak<\/strong> olmazsa olmazlardan birisi. <strong>Veriye, analiti\u011fe<\/strong> veya<strong> senteze<\/strong> d\u00f6n\u00fc\u015fmeyen fikirlerin \u00f6mr\u00fc uzun olmuyor. Art\u0131k t\u00fcketicilerin ilk tercihi, tek bir g\u00fc\u00e7 olarak <strong>maksimum eforla<\/strong> hareket eden, <strong>i\u015f ortaklar\u0131n\u0131, m\u00fc\u015fterisini<\/strong> dinleyen, <strong>empati becerisi<\/strong> y\u00fcksek ve<strong> \u00e7\u00f6z\u00fcm odakl\u0131 markalar<\/strong> olacak\u201d<\/em> dedi.<\/p>\n<h2><strong>\u201cBAS\u0130T ANLATACA\u011eIZ AMA BAS\u0130T \u015eEYLER ANLATMAYACA\u011eIZ\u201d<\/strong><\/h2>\n<p>T\u00fcm zorluklara ra\u011fmen muhte\u015fem bir y\u0131l\u0131 geride b\u0131rakt\u0131klar\u0131n\u0131n alt\u0131n\u0131 \u00e7izen\u00a0<strong>Erol Kayao\u011flu<\/strong>, \u201cDemirD\u00f6k\u00fcm\u2019\u00fc 67 y\u0131ld\u0131r, <strong>Vaillant Group<\/strong>\u2019u ise <strong>147 y\u0131ld\u0131r<\/strong> ba\u015far\u0131l\u0131 k\u0131lan en \u00f6nemli unsurlardan birisi odakl\u0131 bir \u015fekilde kendi i\u015fine, kendi uzmanl\u0131\u011f\u0131na yat\u0131r\u0131m yapmak. \u0130\u015fimize duydu\u011fumuz tutkuyla kendi odak alan\u0131m\u0131za yat\u0131r\u0131m yapmaya devam ediyoruz. Yeni d\u00fcnyan\u0131n geli\u015fmeleri do\u011frultusunda bu y\u0131l sekt\u00f6rdeki iddiam\u0131z\u0131 daha da art\u0131r\u0131yoruz. <strong>Daha iddial\u0131<\/strong> bir \u015fekilde<strong> hareket ederek<\/strong> iddial\u0131 sonu\u00e7lar hedefleyece\u011fiz. Daha <strong>esnek<\/strong>, daha <strong>h\u0131zl\u0131<\/strong>, daha <strong>\u00fcretken bir d\u00f6nem<\/strong> bizleri bekliyor.\u00a0Her zaman daha iyisinin oldu\u011funa inan\u0131yoruz. Bunun i\u00e7in organizasyonumuzun mottosunu <strong>&#8216;Dahas\u0131&#8217;<\/strong> olarak belirledik. Dahas\u0131 i\u00e7in \u00e7al\u0131\u015faca\u011f\u0131z. Bu, DemirD\u00f6k\u00fcm olarak bizim olmazsa olmaz\u0131m\u0131z. Her zaman bir \u00fcst\u00fc hedefleyip kendimizi geli\u015ftirmeye devam edece\u011fiz. T\u00fcketiciye basit anlataca\u011f\u0131z ama basit \u015feyler anlatmayaca\u011f\u0131z. Daha <strong>anla\u015f\u0131l\u0131r<\/strong>, daha <strong>entegre<\/strong>, ortak <strong>i\u015f planlar\u0131yla,<\/strong> m\u00fc\u015fterilerimizin memnuniyetini, deneyimini <strong>% 90<\/strong>&#8216;\u0131n \u00e7ok daha \u00fczerine \u00e7\u0131kararak, ortak hedeflere <strong>proaktif bir \u015fekilde<\/strong> i\u015f ortaklar\u0131m\u0131zla birlikte y\u00fcr\u00fcyece\u011fiz.\u201d a\u00e7\u0131klamas\u0131n\u0131 yapt\u0131.<\/p>\n<h2><strong>\u201cM\u00dc\u015eTER\u0130 MEMNUN\u0130YET\u0130NDE REFERANS NOKTASI\u201d<\/strong><\/h2>\n<p><strong>Pazarlamadan Sorumlu Genel M\u00fcd\u00fcr Yard\u0131mc\u0131s\u0131 Ufuk Atan<\/strong>, DemirD\u00f6k\u00fcm&#8217;\u00fcn <strong>m\u00fc\u015fteri memnuniyeti<\/strong> ve <strong>m\u00fc\u015fteri deneyimi<\/strong> alanlar\u0131nda y\u00fcr\u00fctt\u00fc\u011f\u00fc \u00e7al\u0131\u015fmalarla sekt\u00f6rde <strong>referans noktas\u0131 konumuna<\/strong> ula\u015ft\u0131\u011f\u0131n\u0131 kaydetti. Yeni d\u00f6nemde belirlenen vizyon ve hedeflenen faaliyetlerle DemirD\u00f6k\u00fcm&#8217;\u00fcn <strong>\u201ckullan\u0131c\u0131lar\u0131n\u0131n markas\u0131\u201d<\/strong> olmay\u0131 s\u00fcrd\u00fcrece\u011fini belirten\u00a0<strong>Ufuk Atan<\/strong>; &#8220;T\u00fcm ekiplerimizin, i\u015f ortaklar\u0131m\u0131zla ve kullan\u0131c\u0131lar\u0131m\u0131zla daha \u00e7ok sahada olaca\u011f\u0131 bir d\u00f6nem bizi bekliyor. Hep birlikte daha <strong>proaktif, b\u00fct\u00fcnsel, verisel, odakl\u0131<\/strong> ve<strong> yarat\u0131c\u0131 i\u015flere<\/strong> imza ataca\u011f\u0131m\u0131z bir d\u00f6neme giriyoruz. Oda\u011f\u0131m\u0131zda m\u00fc\u015fterilerimiz ve i\u015f ortaklar\u0131m\u0131z ile birlikte ger\u00e7ekle\u015ftirece\u011fimiz etkin ve yarat\u0131c\u0131 aksiyonlar\u0131m\u0131z olacak.<\/p>\n<h2><strong>\u201c2021 YILINDA Y\u0130NE SEKT\u00d6R\u00dcN YILDIZLARI OLACAK YEN\u0130 \u00dcR\u00dcNLER\u0130M\u0130Z PORTF\u00d6Y\u00dcM\u00dcZE ALINACAK\u201d<\/strong><\/h2>\n<p><strong>\u0130\u015f ortaklar\u0131<\/strong> i\u00e7in kurgulanan<strong> etkin kampanyalar\u0131n<\/strong> 2021\u2019de de sekt\u00f6rde tek olaca\u011f\u0131n\u0131n alt\u0131n\u0131 \u00e7izen\u00a0<strong>Ufuk Atan<\/strong>\u00a0konu\u015fmas\u0131n\u0131 \u015f\u00f6yle s\u00fcrd\u00fcrd\u00fc: <em>&#8220;<strong>K\u00fcresel \u0131s\u0131nma g\u00fcndemi<\/strong> de pandemi gibi t\u00fcm d\u00fcnyay\u0131 ilgilendiren konular\u0131n ba\u015f\u0131nda geliyor. Bu alanda sekt\u00f6r\u00fcm\u00fcze de \u00f6nemli g\u00f6revler d\u00fc\u015f\u00fcyor. Ge\u00e7ti\u011fimiz 20 y\u0131ll\u0131k s\u00fcre\u00e7te sekt\u00f6rde \u00f6nemli bir d\u00f6n\u00fc\u015f\u00fcm ya\u015fand\u0131.<strong> Kombiler<\/strong> ve sonras\u0131nda <strong>yo\u011fu\u015fmal\u0131 kombiler<\/strong> ana oyuncular oldu. Bu d\u00f6n\u00fc\u015f\u00fcm s\u00fcreci t\u00fcm h\u0131z\u0131yla devam edecek. D\u00fcnyan\u0131n g\u00fcndeminde olan <strong>y\u00fcksek verimli kombilerde<\/strong> ve<strong> kaskad sistemler, \u0131s\u0131 pompas\u0131<\/strong> gibi di\u011fer y\u00fcksek verimli cihazlarda DemirD\u00f6k\u00fcm y\u0131l i\u00e7inde devreye alaca\u011f\u0131 yeni \u00fcr\u00fcnler ile de \u00f6nc\u00fcl\u00fc\u011f\u00fcn\u00fc geli\u015ftirerek s\u00fcrd\u00fcrecek. <strong>DemirD\u00f6k\u00fcm ailesi<\/strong> olarak g\u00fcvene, istikrara, <strong>s\u00fcrd\u00fcr\u00fclebilirli\u011fe<\/strong> dayal\u0131 kurdu\u011fumuz sistemde e\u011fitim de en \u00f6nemli ba\u015fl\u0131klar\u0131m\u0131zdan biri.<strong> Dijital ortamda<\/strong> devam eden e\u011fitimlerimize yenilerini ekliyoruz. T\u00fcm bunlar\u0131n yan\u0131nda, <strong>son 3 y\u0131ld\u0131r<\/strong> d\u00fczenledi\u011fimiz ileti\u015fim kampanyalar\u0131yla milyonlarca t\u00fcketicimizin y\u00fcre\u011fine dokunabilmeyi ba\u015farmak bize b\u00fcy\u00fck mutluluk veriyor, bu y\u0131l da hayata ge\u00e7irece\u011fimiz yeni ileti\u015fim kampanyalar\u0131 ile <strong>ilk tercih edilme oran\u0131m\u0131z\u0131<\/strong> daha da yukar\u0131 ta\u015f\u0131may\u0131 hedefliyoruz.\u201d<\/em><\/p>\n<p>Toplant\u0131n\u0131n son k\u0131sm\u0131nda 2020 y\u0131l\u0131nda <strong>&#8220;M\u00fc\u015fterinin Y\u0131ld\u0131zlar\u0131&#8221;<\/strong> olan b\u00f6lge birincileri, hedef kategorilerde y\u00fcksek performansa sahip <strong>i\u015f ortaklar\u0131<\/strong> ve<strong> m\u00fc\u015fteri memnuniyetinde liderli\u011fi<\/strong> elde eden <strong>platinum sat\u0131\u015f noktalar\u0131<\/strong> \u00f6d\u00fcllerine kavu\u015ftu.<strong> 2021 Liderler Zirvesi<\/strong>&#8216;nde ayr\u0131ca <strong>DemirD\u00f6k\u00fcm<\/strong>\u2019 \u00fcn <strong>10, 20, 30 ve 40 y\u0131ll\u0131k<\/strong> i\u015f ortaklar\u0131 da \u00f6d\u00fcllendirildi ve kendileri ile <strong>canl\u0131 ba\u011flant\u0131<\/strong> ile <strong>\u201cDemirD\u00f6k\u00fcm\u2019l\u00fc olmak\u201d<\/strong> konusunda <strong>keyifli sohbetler<\/strong> ger\u00e7ekle\u015ftirildi.<\/p>","protected":false},"excerpt":{"rendered":"<p>Sorry, this entry is only available in Turkish. For the sake of viewer convenience, the content is shown below in the alternative language. You may click the link to switch the active language. DemirD\u00f6k\u00fcm\u2019\u00fcn yetkili sat\u0131c\u0131lar\u0131 ve sat\u0131\u015f noktalar\u0131 i\u00e7in geleneksel olarak d\u00fczenledi\u011fi &#8220;Liderler Zirvesi&#8221;, bu y\u0131l dijital ortamda\u00a0canl\u0131 yay\u0131n format\u0131nda ger\u00e7ekle\u015ftirildi. Teknolojinin deste\u011fiyle pandemiye [&hellip;]<\/p>\n","protected":false},"author":1,"featured_media":130927,"comment_status":"open","ping_status":"open","sticky":false,"template":"","format":"standard","meta":[],"categories":[46,53],"tags":[36997,78746,80435,54036,52259,53499,10457,68551,87752,41408,38205,25779,41101,12280,87753],"views":98,"_links":{"self":[{"href":"https:\/\/www.enerjigazetesi.ist\/en\/wp-json\/wp\/v2\/posts\/130924"}],"collection":[{"href":"https:\/\/www.enerjigazetesi.ist\/en\/wp-json\/wp\/v2\/posts"}],"about":[{"href":"https:\/\/www.enerjigazetesi.ist\/en\/wp-json\/wp\/v2\/types\/post"}],"author":[{"embeddable":true,"href":"https:\/\/www.enerjigazetesi.ist\/en\/wp-json\/wp\/v2\/users\/1"}],"replies":[{"embeddable":true,"href":"https:\/\/www.enerjigazetesi.ist\/en\/wp-json\/wp\/v2\/comments?post=130924"}],"version-history":[{"count":0,"href":"https:\/\/www.enerjigazetesi.ist\/en\/wp-json\/wp\/v2\/posts\/130924\/revisions"}],"wp:featuredmedia":[{"embeddable":true,"href":"https:\/\/www.enerjigazetesi.ist\/en\/wp-json\/wp\/v2\/media\/130927"}],"wp:attachment":[{"href":"https:\/\/www.enerjigazetesi.ist\/en\/wp-json\/wp\/v2\/media?parent=130924"}],"wp:term":[{"taxonomy":"category","embeddable":true,"href":"https:\/\/www.enerjigazetesi.ist\/en\/wp-json\/wp\/v2\/categories?post=130924"},{"taxonomy":"post_tag","embeddable":true,"href":"https:\/\/www.enerjigazetesi.ist\/en\/wp-json\/wp\/v2\/tags?post=130924"}],"curies":[{"name":"wp","href":"https:\/\/api.w.org\/{rel}","templated":true}]}}