{"id":130871,"date":"2021-03-09T12:11:46","date_gmt":"2021-03-09T09:11:46","guid":{"rendered":"https:\/\/www.enerjigazetesi.ist\/?p=130871"},"modified":"2021-03-09T12:11:59","modified_gmt":"2021-03-09T09:11:59","slug":"dogus-otomotiv-enerjisi-nin-yuzde-62-sini-yenilenebilir-enerjiden-saglayacak","status":"publish","type":"post","link":"https:\/\/www.enerjigazetesi.ist\/en\/dogus-otomotiv-enerjisi-nin-yuzde-62-sini-yenilenebilir-enerjiden-saglayacak\/","title":{"rendered":"(Turkish) &#8217;Do\u011fu\u015f Otomotiv&#8217; Enerjisinin % 62\u2019sini Yenilenebilir Enerjiden Sa\u011flayacak"},"content":{"rendered":"<p class=\"qtranxs-available-languages-message qtranxs-available-languages-message-en\">Sorry, this entry is only available in <a href=\"https:\/\/www.enerjigazetesi.ist\/tr\/wp-json\/wp\/v2\/posts\/130871\" class=\"qtranxs-available-language-link qtranxs-available-language-link-tr\" title=\"Turkish\">Turkish<\/a>. For the sake of viewer convenience, the content is shown below in the alternative language. You may click the link to switch the active language.<\/p><p><\/p>\n<h1><strong>Do<\/strong><strong>\u011f<\/strong><strong>u<\/strong><strong>\u015f<\/strong><strong> Otomotiv, Birle<\/strong><strong>\u015f<\/strong><strong>mi<\/strong><strong>\u015f<\/strong><strong> Milletler S\u00fcrd\u00fcr\u00fclebilir Kalk<\/strong><strong>\u0131<\/strong><strong>nma Ama\u00e7lar<\/strong><strong>\u0131<\/strong><strong> do<\/strong><strong>\u011f<\/strong><strong>rultusunda \u00f6nemli bir ad<\/strong><strong>\u0131<\/strong><strong>m daha atarak <\/strong><strong>\u015e<\/strong><strong>ekerp<\/strong><strong>\u0131<\/strong><strong>nar\u2019da bulunan merkezinde elektrik ihtiyac<\/strong><strong>\u0131<\/strong><strong>n<\/strong><strong>\u0131<\/strong><strong> \u00fcretmek i\u00e7in solar enerji sistemi kuruyor.\u00a0<\/strong><strong>Projenin ilk faz<\/strong><strong>\u0131<\/strong><strong>nda, Do<\/strong><strong>\u011f<\/strong><strong>u<\/strong><strong>\u015f<\/strong><strong> Otomotiv Lojistik merkezine yakla<\/strong><strong>\u015f\u0131<\/strong><strong>k 12.5 milyon TL\u2019lik yat<\/strong><strong>\u0131<\/strong><strong>r<\/strong><strong>\u0131<\/strong><strong>mla 11 bin 500 adet solar panel yerle<\/strong><strong>\u015f<\/strong><strong>tirilerek <\/strong><strong>\u015f<\/strong><strong>irketin y<\/strong><strong>\u0131<\/strong><strong>ll<\/strong><strong>\u0131<\/strong><strong>k enerji ihtiyac<\/strong><strong>\u0131<\/strong><strong>n<\/strong><strong>\u0131<\/strong><strong>n % 62\u2019sinin kar<\/strong><strong>\u015f\u0131<\/strong><strong>lanmas<\/strong><strong>\u0131<\/strong><strong> hedefleniyor. Projenin 2&#8217;inci faz<\/strong><strong>\u0131<\/strong><strong>nda ise T\u00fcrkiye genelindeki t\u00fcm yetkili sat<\/strong><strong>\u0131<\/strong><strong>c<\/strong><strong>\u0131<\/strong><strong>lar<\/strong><strong>\u0131<\/strong><strong>na solar sistem kurulmas<\/strong><strong>\u0131<\/strong><strong> planlan<\/strong><strong>\u0131<\/strong><strong>yor.\u00a0<\/strong><\/h1>\n<p><strong>\u0130klim de\u011fi\u015fikli\u011fi<\/strong>nin etkilerinin t\u00fcm d\u00fcnyada daha fazla hissedilmeye ba\u015fland\u0131\u011f\u0131 g\u00fcn\u00fcm\u00fczde, kurumlar\u0131n <strong>ekolojik \u00e7evreye<\/strong> olan etkilerini <strong>azaltmaya y\u00f6nelik<\/strong> uygulamalar, <strong>Birle\u015fmi\u015f Milletler S\u00fcrd\u00fcr\u00fclebilir Kalk\u0131nma Ama\u00e7lar\u0131<\/strong> kapsam\u0131nda ele al\u0131narak bir\u00e7ok \u00fclkede <strong>kamu<\/strong> ve <strong>\u00f6zel <img loading=\"lazy\" class=\"alignright wp-image-130873\" src=\"https:\/\/www.enerjigazetesi.ist\/wp-content\/uploads\/2021\/03\/dogus-otomotiv-enerjisi-nin-yuzde-62-sini-yenilenebilir-enerjiden-saglayacak-1.jpg\" alt=\"\" width=\"340\" height=\"226\" srcset=\"https:\/\/www.enerjigazetesi.ist\/wp-content\/uploads\/2021\/03\/dogus-otomotiv-enerjisi-nin-yuzde-62-sini-yenilenebilir-enerjiden-saglayacak-1.jpg 550w, https:\/\/www.enerjigazetesi.ist\/wp-content\/uploads\/2021\/03\/dogus-otomotiv-enerjisi-nin-yuzde-62-sini-yenilenebilir-enerjiden-saglayacak-1-300x200.jpg 300w, https:\/\/www.enerjigazetesi.ist\/wp-content\/uploads\/2021\/03\/dogus-otomotiv-enerjisi-nin-yuzde-62-sini-yenilenebilir-enerjiden-saglayacak-1-500x333.jpg 500w, https:\/\/www.enerjigazetesi.ist\/wp-content\/uploads\/2021\/03\/dogus-otomotiv-enerjisi-nin-yuzde-62-sini-yenilenebilir-enerjiden-saglayacak-1-75x50.jpg 75w, https:\/\/www.enerjigazetesi.ist\/wp-content\/uploads\/2021\/03\/dogus-otomotiv-enerjisi-nin-yuzde-62-sini-yenilenebilir-enerjiden-saglayacak-1-450x300.jpg 450w\" sizes=\"(max-width: 340px) 100vw, 340px\" \/>sekt\u00f6r\u00fcn<\/strong> s\u00fcrd\u00fcr\u00fclebilirlik politikalar\u0131nda ilk s\u0131ray\u0131 al\u0131yor.<\/p>\n<p>Do\u011fu\u015f Otomotiv de <strong>s\u00fcrd\u00fcr\u00fclebilirlik stratejisi<\/strong> ve <strong>\u00c7evre ve Enerji Y\u00f6netimi Politikas\u0131<\/strong> do\u011frultusunda ger\u00e7ekle\u015ftirdi\u011fi \u00e7al\u0131\u015fmalara, <strong>\u015eekerp\u0131nar\u2019da<\/strong> yer alan lojistik merkezinin <strong>\u00e7at\u0131s\u0131na g\u00fcne\u015f enerjisi panelleri kurarak<\/strong> bir yenisini daha ekliyor.<\/p>\n<p>Solar panellerle ihtiya\u00e7 duydu\u011fu elektri\u011fin \u00f6nemli bir k\u0131sm\u0131n\u0131 kendisi \u00fcretecek \u015firket, y\u0131ll\u0131k \u00fcretilecek enerjinin yakla\u015f\u0131k yar\u0131s\u0131 kadar <strong>karbon ayak izini de azaltmay\u0131<\/strong> ama\u00e7l\u0131yor.<\/p>\n<h2><strong>12,5 milyonluk yat<\/strong><strong>\u0131<\/strong><strong>r<\/strong><strong>\u0131<\/strong><strong>m<\/strong><\/h2>\n<p>\u015eekerp\u0131nar\u2019da yer alan Do\u011fu\u015f Otomotiv <strong>Lojistik Merkezi\u2019<\/strong>nin <strong>19 bin metrekarelik<\/strong> alan\u0131nda, yakla\u015f\u0131k <strong>12,5 milyon TL<\/strong>\u2019l\u0131k yat\u0131r\u0131mla kurulacak 1<strong>1 bin 500 adet<\/strong> solar panel, \u015firketin y\u0131ll\u0131k elektrik ihtiyac\u0131n\u0131n <strong>% 62<\/strong>\u2019sini kar\u015f\u0131layacak. Kurulumun <strong>2021\u2019de tamamlanmas\u0131<\/strong> hedefleniyor.<\/p>\n<h2><strong>Ali Bilalo<\/strong><strong>\u011f<\/strong><strong>lu : \u201d<\/strong><strong>\u0130<\/strong><strong>klim de<\/strong><strong>\u011f<\/strong><strong>i<\/strong><strong>\u015f<\/strong><strong>ikli<\/strong><strong>\u011f<\/strong><strong>i finansal bir risk\u201d<\/strong><\/h2>\n<p>Ekonomik kalk\u0131nma ve d\u00fcnyadaki e\u015fitsizlik fakt\u00f6rleri \u00fczerinde do\u011frudan bir etkisi olmas\u0131 nedeniyle iklim de\u011fi\u015fikli\u011fini finansal bir risk olarak kabul ettiklerini belirten\u00a0Do\u011fu\u015f Otomotiv \u0130cra ve Y\u00f6netim Kurulu Ba\u015fkan\u0131 <strong>Ali Bilalo\u011flu<\/strong>, <strong>orta<\/strong> ve <strong>uzun<\/strong> vadede \u00f6ng\u00f6r\u00fclen <strong>bu riskleri azaltmak<\/strong> ve gerekli <strong>iyile\u015ftirmeleri hayata ge\u00e7irmek<\/strong> konusunda sekt\u00f6re rol model\u00a0olduklar\u0131n\u0131 belirtti. Bilalo\u011flu, <em>\u201cBa\u015fta yat\u0131r\u0131mc\u0131lar\u0131m\u0131z olmak \u00fczere t\u00fcm kilit payda\u015flar\u0131m\u0131z\u0131n en \u00f6nemli beklentileri aras\u0131nda ekolojik \u00e7evrenin korunmas\u0131, <strong>kaynaklar\u0131n tasarruflu kullan\u0131lmas\u0131<\/strong> ve <strong>s\u0131f\u0131r at\u0131k uygulamalar\u0131<\/strong> yer al\u0131yor. Biz de hedef odakl\u0131 s\u00fcrd\u00fcr\u00fclebilirlik ve payda\u015f kat\u0131l\u0131m\u0131 \u00e7al\u0131\u015fmalar\u0131n\u0131n bir par\u00e7as\u0131 olarak <strong>ISO 14001 \u00c7evre Y\u00f6netim Sistemi<\/strong>\u2019nin kurulumunu yapt\u0131k ve sertifikasyona giriyoruz. Ard\u0131ndan <strong>SIFIR ATIK Belgesi<\/strong>\u2019ne ba\u015fvuraca\u011f\u0131z\u201d<\/em> dedi.<\/p>\n<h2><strong>\u00dclke vizyonuna paralel ilerliyoruz, bayilerimizi de te<\/strong><strong>\u015f<\/strong><strong>vik ediyoruz<\/strong><\/h2>\n<p>Do\u011fal kaynaklar\u0131n kullan\u0131m\u0131n\u0131 azaltarak \u00e7evrenin korunmas\u0131 konusunda somut ad\u0131mlar atmay\u0131 en \u00f6nemli hedefleri aras\u0131nda g\u00f6rd\u00fcklerini s\u00f6yleyen Ali Bilalo\u011flu, bu ama\u00e7la <strong>su<\/strong> ve<strong> enerji t\u00fcketimi<\/strong>, <strong>at\u0131k y\u00f6netimi<\/strong> alanlar\u0131nda <strong>\u00e7evresel etkilerini azaltmak<\/strong> i\u00e7in \u00e7al\u0131\u015ft\u0131klar\u0131n\u0131 belirtti.<\/p>\n<p>Enerji stratejilerinin, T\u00fcrkiye\u2019nin <strong>2023 y\u0131l\u0131<\/strong> i\u00e7in koydu\u011fu <strong>enerji vizyonu<\/strong> ile paralel ilerledi\u011fini ifade eden Ali Bilalo\u011flu,<em> \u201cSadece genel merkezimizin de\u011fil T\u00fcrkiye genelindeki yetkili sat\u0131c\u0131lar\u0131m\u0131z\u0131n da kendi enerjilerini \u00fcretmelerini sa\u011flamak istiyoruz. Program\u0131n 2&#8217;inci aya\u011f\u0131nda yetkili sat\u0131c\u0131lar\u0131m\u0131z\u0131n da kat\u0131l\u0131m\u0131yla toplamda yakla\u015f\u0131k<strong> 235 bin metrekare<\/strong> alanda g\u00fcne\u015f enerjisi panelleri kurmay\u0131 planl\u0131yoruz. Y\u0131ll\u0131k enerji ihtiyac\u0131m\u0131z\u0131n yakla\u015f\u0131k <strong>% 97<\/strong>\u2019sinin yenilenebilir enerji kaynaklar\u0131ndan kar\u015f\u0131lanma potansiyeli bulunuyor\u201d<\/em> diye konu\u015ftu.<\/p>\n<p>Bilalo\u011flu, <strong>2021 y\u0131l\u0131 sonuna<\/strong> kadar <strong>ISO 140001 \u00c7evre Y\u00f6netimi\u2019<\/strong>nin ard\u0131ndan <strong>ISO 50001 Enerji Y\u00f6netim Sistemi<\/strong> ve <strong>ISO 14064 Karbon Ayak \u0130zi Raporlama Sistemi<\/strong>\u2019ni kurmay\u0131 hedeflediklerini de s\u00f6zlerine ekledi.<\/p>","protected":false},"excerpt":{"rendered":"<p>Sorry, this entry is only available in Turkish. For the sake of viewer convenience, the content is shown below in the alternative language. You may click the link to switch the active language. Do\u011fu\u015f Otomotiv, Birle\u015fmi\u015f Milletler S\u00fcrd\u00fcr\u00fclebilir Kalk\u0131nma Ama\u00e7lar\u0131 do\u011frultusunda \u00f6nemli bir ad\u0131m daha atarak \u015eekerp\u0131nar\u2019da bulunan merkezinde elektrik ihtiyac\u0131n\u0131 \u00fcretmek i\u00e7in solar enerji [&hellip;]<\/p>\n","protected":false},"author":1,"featured_media":130874,"comment_status":"open","ping_status":"open","sticky":false,"template":"","format":"standard","meta":[],"categories":[51,53,49],"tags":[87713,87714,5070,52259,53157,33017,87716,53669,87715],"views":132,"_links":{"self":[{"href":"https:\/\/www.enerjigazetesi.ist\/en\/wp-json\/wp\/v2\/posts\/130871"}],"collection":[{"href":"https:\/\/www.enerjigazetesi.ist\/en\/wp-json\/wp\/v2\/posts"}],"about":[{"href":"https:\/\/www.enerjigazetesi.ist\/en\/wp-json\/wp\/v2\/types\/post"}],"author":[{"embeddable":true,"href":"https:\/\/www.enerjigazetesi.ist\/en\/wp-json\/wp\/v2\/users\/1"}],"replies":[{"embeddable":true,"href":"https:\/\/www.enerjigazetesi.ist\/en\/wp-json\/wp\/v2\/comments?post=130871"}],"version-history":[{"count":0,"href":"https:\/\/www.enerjigazetesi.ist\/en\/wp-json\/wp\/v2\/posts\/130871\/revisions"}],"wp:featuredmedia":[{"embeddable":true,"href":"https:\/\/www.enerjigazetesi.ist\/en\/wp-json\/wp\/v2\/media\/130874"}],"wp:attachment":[{"href":"https:\/\/www.enerjigazetesi.ist\/en\/wp-json\/wp\/v2\/media?parent=130871"}],"wp:term":[{"taxonomy":"category","embeddable":true,"href":"https:\/\/www.enerjigazetesi.ist\/en\/wp-json\/wp\/v2\/categories?post=130871"},{"taxonomy":"post_tag","embeddable":true,"href":"https:\/\/www.enerjigazetesi.ist\/en\/wp-json\/wp\/v2\/tags?post=130871"}],"curies":[{"name":"wp","href":"https:\/\/api.w.org\/{rel}","templated":true}]}}