{"id":130860,"date":"2021-03-09T10:19:02","date_gmt":"2021-03-09T07:19:02","guid":{"rendered":"https:\/\/www.enerjigazetesi.ist\/?p=130860"},"modified":"2021-03-09T10:19:44","modified_gmt":"2021-03-09T07:19:44","slug":"elektrik-dagitim-sektorunun-odak-noktasi-verimlilik","status":"publish","type":"post","link":"https:\/\/www.enerjigazetesi.ist\/en\/elektrik-dagitim-sektorunun-odak-noktasi-verimlilik\/","title":{"rendered":"(Turkish) Elektrik Da\u011f\u0131t\u0131m Sekt\u00f6r\u00fcn\u00fcn Odak Noktas\u0131 &#8220;Verimlilik&#8221;"},"content":{"rendered":"<p class=\"qtranxs-available-languages-message qtranxs-available-languages-message-en\">Sorry, this entry is only available in <a href=\"https:\/\/www.enerjigazetesi.ist\/tr\/wp-json\/wp\/v2\/posts\/130860\" class=\"qtranxs-available-language-link qtranxs-available-language-link-tr\" title=\"Turkish\">Turkish<\/a>. For the sake of viewer convenience, the content is shown below in the alternative language. You may click the link to switch the active language.<\/p><p><\/p>\n<h1><strong>Elektrik Sekt\u00f6r\u00fc Da\u011f\u0131t\u0131m ve Perakende Taraf\u0131 Enerji Verimlili\u011fi Faaliyetleri Arama Toplant\u0131s\u0131\u2019nda, T\u00fcrkiye\u2019deki elektrik da\u011f\u0131t\u0131m ve perakende \u015firketlerinin enerji verimlili\u011fine olan do\u011frudan veya dolayl\u0131 katk\u0131lar\u0131n\u0131n art\u0131r\u0131lmas\u0131 konusu masaya<img loading=\"lazy\" class=\"alignright wp-image-130862\" src=\"https:\/\/www.enerjigazetesi.ist\/wp-content\/uploads\/2021\/03\/elektrik-dagitim-sektoru-nun-odak-noktasi-verimlilik.jpg\" alt=\"\" width=\"340\" height=\"192\" srcset=\"https:\/\/www.enerjigazetesi.ist\/wp-content\/uploads\/2021\/03\/elektrik-dagitim-sektoru-nun-odak-noktasi-verimlilik.jpg 550w, https:\/\/www.enerjigazetesi.ist\/wp-content\/uploads\/2021\/03\/elektrik-dagitim-sektoru-nun-odak-noktasi-verimlilik-300x169.jpg 300w, https:\/\/www.enerjigazetesi.ist\/wp-content\/uploads\/2021\/03\/elektrik-dagitim-sektoru-nun-odak-noktasi-verimlilik-500x282.jpg 500w, https:\/\/www.enerjigazetesi.ist\/wp-content\/uploads\/2021\/03\/elektrik-dagitim-sektoru-nun-odak-noktasi-verimlilik-80x45.jpg 80w\" sizes=\"(max-width: 340px) 100vw, 340px\" \/> yat\u0131r\u0131ld\u0131.<\/strong><\/h1>\n<p>Elektrik Da\u011f\u0131t\u0131m Hizmetleri Derne\u011fi \u2013 ELDER Koordinat\u00f6rl\u00fc\u011f\u00fcnde y\u00fcr\u00fct\u00fclen <strong>HASAT-2 Ar-Ge Projesi<\/strong> kapsam\u0131ndaki <strong>\u201cEnerji Verimlili\u011fi Bilin\u00e7 Endeksi\u201d<\/strong> \u00e7al\u0131\u015fmas\u0131 do\u011frultusunda <em>\u201cElektrik Sekt\u00f6r\u00fc Da\u011f\u0131t\u0131m ve Perakende Taraf\u0131 Enerji Verimlili\u011fi Faaliyetleri Arama Toplant\u0131s\u0131\u201d<\/em> d\u00fczenlendi. <strong>Ulusal Enerji Verimlili\u011fi Eylem Plan\u0131<\/strong> kapsam\u0131nda y\u00fcr\u00fct\u00fclen \u00e7al\u0131\u015fmalar ile ilgili olarak ger\u00e7ekle\u015ftirilen toplant\u0131n\u0131n a\u00e7\u0131l\u0131\u015f konu\u015fmalar\u0131n\u0131, ELDER Y\u00f6netim Kurulu \u00dcyesi <strong>Murat P\u0131nar<\/strong> ve Enerji Verimlili\u011fi Derne\u011fi &#8211; ENVER Genel Ba\u015fkan Vekili <strong>Dr. O\u011fuz Can<\/strong> yapt\u0131.<\/p>\n<h2><strong>ELEKTR\u0130K T\u00dcKET\u0130LD\u0130\u011e\u0130 YERDE \u00dcRET\u0130LMEL\u0130\u00a0<\/strong><\/h2>\n<p>ELDER Y\u00f6netim Kurulu \u00dcyesi<strong> Murat P\u0131nar<\/strong>, <strong>Ulusal Enerji Verimlili\u011fi Eylem Plan\u0131<\/strong>\u2019na referans olarak ba\u015flayan <strong>HASAT-2 Projesi<\/strong>\u2019ni, EPDK\u2019n\u0131n <strong>Ar-Ge fonu<\/strong>yla, <strong>15 elektrik da\u011f\u0131t\u0131m \u015firketi<\/strong>nin d\u00fcnya trendlerine ve enerjinin gelece\u011fine bakarak olu\u015fturdu\u011funu belirtti. Son <strong>5 y\u0131lda<\/strong> T\u00fcrkiye\u2019nin <strong>185 milyar dolarl\u0131k<\/strong> enerji ithalat\u0131 faturas\u0131 oldu\u011funu kaydeden P\u0131nar, <em>\u201c\u0130hracat\u0131m\u0131za bakt\u0131\u011f\u0131m\u0131zda <strong>165-170 milyar dolar<\/strong> civar\u0131nda. Enerji faturas\u0131n\u0131 yerelde halledebilirsek, pozitif verebilen bir \u00fclkeyiz. Bug\u00fcn en \u00f6nemli kriterlerden bir tanesi, enerjinin t\u00fcketilen yerde \u00fcretilmesi. Bu do\u011frultuda, <strong>HASAT-2 Projesi<\/strong>nin i\u00e7inde <strong>elektrik da\u011f\u0131t\u0131m \u015firketleri<\/strong>ne d\u00fc\u015fen y\u00fck\u00fcml\u00fcl\u00fc\u011f\u00fcn yan\u0131nda t\u00fcm payda\u015flar\u0131n projeye katk\u0131 sunmas\u0131, bu i\u015fi \u00e7\u00f6zme noktas\u0131nda bize referans oluyor.\u201d<\/em> dedi.<\/p>\n<h2><strong>\u015eEBEKE ETK\u0130LE\u015e\u0130M\u0130 ARTIYOR<\/strong><\/h2>\n<p>ENVER Genel Ba\u015fkan Vekili <strong>Dr. O\u011fuz Can<\/strong>, <strong>Kovid-19 pandemisi<\/strong>nde <strong>enerji de\u011fi\u015fimi<\/strong> ve <strong>d\u00f6n\u00fc\u015f\u00fcm\u00fc<\/strong>n\u00fcn h\u0131zland\u0131\u011f\u0131na vurgu yapt\u0131. Can, da\u011f\u0131t\u0131m \u015firketlerinin modellerinin ve hizmetlerinin \u00fcreten t\u00fcketicilerin varl\u0131\u011f\u0131,<strong> elektrikli ara\u00e7lar\u0131n yayg\u0131nla\u015fmas\u0131yla<\/strong> \u00e7e\u015fitlendi\u011fini dile getirerek, <span style=\"text-decoration: underline;\">\u015f\u00f6yle konu\u015ftu:<\/span> <em>\u201c\u0130letim \u015febekesi ve da\u011f\u0131t\u0131m \u015febekesi etkile\u015fimi art\u0131yor. <strong>De\u011fi\u015fken yenilenebilir enerji santralleri<\/strong> i\u00e7in ileri<strong> tahmin sistemleri, dengeleme, depolama, sanal santraller, ak\u0131ll\u0131 \u015farj, nesnelerin interneti, blok zincir<\/strong> gibi birtak\u0131m modeller, de\u011fi\u015fimin \u00f6nc\u00fcleri aras\u0131nda yerini al\u0131yor. <strong>Enerji verimlili\u011fi, enerji maliyetlerinin y\u00fck\u00fc<\/strong>n\u00fcn azalt\u0131lmas\u0131, <strong>enerjide arz g\u00fcvenli\u011fi<\/strong>nin sa\u011flanmas\u0131, <strong>d\u0131\u015fa ba\u011f\u0131ml\u0131l\u0131\u011f\u0131n azalt\u0131lmas\u0131<\/strong> ve <strong>iklim de\u011fi\u015fikli\u011fi<\/strong> ile <strong>d\u00fc\u015f\u00fck karbonlu ekonomiye ge\u00e7i\u015f<\/strong> gibi stratejik faaliyetler bu do\u011frultuda b\u00fct\u00fcn olarak kar\u015f\u0131m\u0131za \u00e7\u0131k\u0131yor.&#8221;<\/em><\/p>\n<h2><strong>ENERJ\u0130 VER\u0130ML\u0130L\u0130\u011e\u0130N\u0130 ARTIRMANIN YOLLARI KONU\u015eULDU<\/strong><\/h2>\n<p>A\u00e7\u0131l\u0131\u015f konu\u015fmalar\u0131n\u0131n ard\u0131ndan ba\u015flayan oturumlarda sekt\u00f6r uzmanlar\u0131 taraf\u0131ndan T\u00fcrkiye\u2019deki elektrik da\u011f\u0131t\u0131m \u015firketlerinin (EDA\u015e) <strong>Ulusal Enerji Verimlili\u011fi Eylem Plan\u0131<\/strong> \u00e7er\u00e7evesinde,<strong> enerji verimlili\u011fi<\/strong>ne olan do\u011frudan veya <strong>dolayl\u0131 katk\u0131lar\u0131n\u0131n art\u0131r\u0131lmas\u0131<\/strong> konusu masaya yat\u0131r\u0131ld\u0131. Bunun yan\u0131 s\u0131ra, <strong>enerji verimlili\u011fine ili\u015fkin<\/strong> sekt\u00f6r\u00fcn <strong>g\u00fc\u00e7l\u00fc<\/strong> ve<strong> zay\u0131f y\u00f6nleri<\/strong> ile sekt\u00f6re ili\u015fkin <strong>tehditler<\/strong> ve <strong>ortaya konabilecek f\u0131rsatlar<\/strong> de\u011ferlendirildi.<\/p>","protected":false},"excerpt":{"rendered":"<p>Sorry, this entry is only available in Turkish. For the sake of viewer convenience, the content is shown below in the alternative language. You may click the link to switch the active language. Elektrik Sekt\u00f6r\u00fc Da\u011f\u0131t\u0131m ve Perakende Taraf\u0131 Enerji Verimlili\u011fi Faaliyetleri Arama Toplant\u0131s\u0131\u2019nda, T\u00fcrkiye\u2019deki elektrik da\u011f\u0131t\u0131m ve perakende \u015firketlerinin enerji verimlili\u011fine olan do\u011frudan veya [&hellip;]<\/p>\n","protected":false},"author":1,"featured_media":130862,"comment_status":"open","ping_status":"open","sticky":false,"template":"","format":"standard","meta":[],"categories":[51,53,52],"tags":[87711,24487,53114,52259,58103,87710,24245,793],"views":122,"_links":{"self":[{"href":"https:\/\/www.enerjigazetesi.ist\/en\/wp-json\/wp\/v2\/posts\/130860"}],"collection":[{"href":"https:\/\/www.enerjigazetesi.ist\/en\/wp-json\/wp\/v2\/posts"}],"about":[{"href":"https:\/\/www.enerjigazetesi.ist\/en\/wp-json\/wp\/v2\/types\/post"}],"author":[{"embeddable":true,"href":"https:\/\/www.enerjigazetesi.ist\/en\/wp-json\/wp\/v2\/users\/1"}],"replies":[{"embeddable":true,"href":"https:\/\/www.enerjigazetesi.ist\/en\/wp-json\/wp\/v2\/comments?post=130860"}],"version-history":[{"count":0,"href":"https:\/\/www.enerjigazetesi.ist\/en\/wp-json\/wp\/v2\/posts\/130860\/revisions"}],"wp:featuredmedia":[{"embeddable":true,"href":"https:\/\/www.enerjigazetesi.ist\/en\/wp-json\/wp\/v2\/media\/130862"}],"wp:attachment":[{"href":"https:\/\/www.enerjigazetesi.ist\/en\/wp-json\/wp\/v2\/media?parent=130860"}],"wp:term":[{"taxonomy":"category","embeddable":true,"href":"https:\/\/www.enerjigazetesi.ist\/en\/wp-json\/wp\/v2\/categories?post=130860"},{"taxonomy":"post_tag","embeddable":true,"href":"https:\/\/www.enerjigazetesi.ist\/en\/wp-json\/wp\/v2\/tags?post=130860"}],"curies":[{"name":"wp","href":"https:\/\/api.w.org\/{rel}","templated":true}]}}