{"id":130811,"date":"2021-03-08T14:25:22","date_gmt":"2021-03-08T11:25:22","guid":{"rendered":"https:\/\/www.enerjigazetesi.ist\/?p=130811"},"modified":"2021-03-08T14:54:05","modified_gmt":"2021-03-08T11:54:05","slug":"balikesir-yerel-iklim-degisikligi-eylem-plani-calistayi-duzenleniyor","status":"publish","type":"post","link":"https:\/\/www.enerjigazetesi.ist\/en\/balikesir-yerel-iklim-degisikligi-eylem-plani-calistayi-duzenleniyor\/","title":{"rendered":"(Turkish) Bal\u0131kesir&#8217;de Yerel \u0130klim De\u011fi\u015fikli\u011fi Eylem Plan\u0131 \u00c7al\u0131\u015ftay\u0131 D\u00fczenleniyor"},"content":{"rendered":"<p class=\"qtranxs-available-languages-message qtranxs-available-languages-message-en\">Sorry, this entry is only available in <a href=\"https:\/\/www.enerjigazetesi.ist\/tr\/wp-json\/wp\/v2\/posts\/130811\" class=\"qtranxs-available-language-link qtranxs-available-language-link-tr\" title=\"Turkish\">Turkish<\/a>. For the sake of viewer convenience, the content is shown below in the alternative language. You may click the link to switch the active language.<\/p><p><\/p>\n<h1><strong>Bal\u0131kesir B\u00fcy\u00fck\u015fehir Belediyesi taraf\u0131ndan haz\u0131rlanmakta olan \u0130klim De\u011fi\u015fikli\u011fi Eylem Plan\u0131 \u00e7al\u0131\u015fmalar\u0131 kapsam\u0131nda \u201cBal\u0131kesir Yerel \u0130klim De\u011fi\u015fikli\u011fi Eylem Plan\u0131<img loading=\"lazy\" class=\"alignright wp-image-130813\" src=\"https:\/\/www.enerjigazetesi.ist\/wp-content\/uploads\/2021\/03\/balikesir-yerel-iklim-degisikligi-eylem-plani-calistayi-duzenleniyor.jpg\" alt=\"\" width=\"340\" height=\"272\" srcset=\"https:\/\/www.enerjigazetesi.ist\/wp-content\/uploads\/2021\/03\/balikesir-yerel-iklim-degisikligi-eylem-plani-calistayi-duzenleniyor.jpg 613w, https:\/\/www.enerjigazetesi.ist\/wp-content\/uploads\/2021\/03\/balikesir-yerel-iklim-degisikligi-eylem-plani-calistayi-duzenleniyor-300x240.jpg 300w, https:\/\/www.enerjigazetesi.ist\/wp-content\/uploads\/2021\/03\/balikesir-yerel-iklim-degisikligi-eylem-plani-calistayi-duzenleniyor-500x400.jpg 500w, https:\/\/www.enerjigazetesi.ist\/wp-content\/uploads\/2021\/03\/balikesir-yerel-iklim-degisikligi-eylem-plani-calistayi-duzenleniyor-62x50.jpg 62w\" sizes=\"(max-width: 340px) 100vw, 340px\" \/> \u00c7al\u0131\u015ftay\u0131\u201d ger\u00e7ekle\u015ftirilecek.<\/strong><\/h1>\n<p><strong>B\u00fcy\u00fck\u015fehir Belediyesi<\/strong>\u2019nin ev sahipli\u011finde, <strong>09 Mart 2021<\/strong> Sal\u0131 g\u00fcn\u00fc saat <strong>10.30<\/strong> ile<strong> 17.00<\/strong> saatleri aras\u0131nda <strong>\u00e7evrimi\u00e7i olarak<\/strong> yap\u0131lacak olan \u00e7al\u0131\u015ftayda \u201c<strong>K\u00fcresel \u0130klim De\u011fi\u015fikli\u011fi ve Kentler<\/strong>\u201d, \u201c<strong>\u0130klim De\u011fi\u015firken End\u00fcstri Geli\u015fir mi<\/strong>\u201d, \u201c<strong>\u0130klim De\u011fi\u015fikli\u011finde Sa\u011fl\u0131k Sekt\u00f6r\u00fcn\u00fcn Uyumu<\/strong>\u201d, \u201c<strong>\u0130klim De\u011fi\u015fikli\u011fi \u2013 Hava Kirlili\u011fi<\/strong>\u201d, <strong>\u201c\u0130klim De\u011fi\u015fikli\u011fi Senaryolar\u0131 Alt\u0131nda Sulama Barajlar\u0131n\u0131n S\u00fcrd\u00fcr\u00fclebilirli\u011finin \u0130rdelenmesi\u201d<\/strong> gibi konular uzmanlar\u0131 taraf\u0131ndan ele al\u0131nacak.<\/p>\n<p><em>Bal\u0131kesir Su ve Kanalizasyon \u0130daresi Genel M\u00fcd\u00fcrl\u00fc\u011f\u00fc, \u0130stanbul Teknik \u00dcniversitesi, Bal\u0131kesir Kent Konseyi, Bal\u0131kesir \u00dcniversitesi, UCLG-MEWA\u2019<\/em>n\u0131n da payda\u015f olarak yer ald\u0131\u011f\u0131 \u00e7al\u0131\u015ftay, <strong>Bal\u0131kesir B\u00fcy\u00fck\u015fehir Belediyesi<\/strong>\u2019nin <strong>YouTube hesab\u0131ndan<\/strong> takip edilebilecek.<\/p>\n<p>B\u00fcy\u00fck\u015fehir Belediye Ba\u015fkan\u0131 <strong>Y\u00fccel Y\u0131lmaz<\/strong>\u2019\u0131n da a\u00e7\u0131l\u0131\u015f konu\u015fmas\u0131 yapaca\u011f\u0131 <strong>\u00e7al\u0131\u015ftaya<\/strong> kat\u0131l\u0131m i\u00e7in ba\u015fvurular\u0131 ise\u00a0<a href=\"http:\/\/basvuru.balikesir.bel.tr\/\" target=\"_blank\" rel=\"nofollow noopener\"><strong>http:\/\/basvuru.balikesir.bel.tr<\/strong>\u00a0<\/a>adresinden yapabilirsiniz.<\/p>","protected":false},"excerpt":{"rendered":"<p>Sorry, this entry is only available in Turkish. For the sake of viewer convenience, the content is shown below in the alternative language. You may click the link to switch the active language. Bal\u0131kesir B\u00fcy\u00fck\u015fehir Belediyesi taraf\u0131ndan haz\u0131rlanmakta olan \u0130klim De\u011fi\u015fikli\u011fi Eylem Plan\u0131 \u00e7al\u0131\u015fmalar\u0131 kapsam\u0131nda \u201cBal\u0131kesir Yerel \u0130klim De\u011fi\u015fikli\u011fi Eylem Plan\u0131 \u00c7al\u0131\u015ftay\u0131\u201d ger\u00e7ekle\u015ftirilecek. B\u00fcy\u00fck\u015fehir Belediyesi\u2019nin [&hellip;]<\/p>\n","protected":false},"author":1,"featured_media":130813,"comment_status":"open","ping_status":"open","sticky":false,"template":"","format":"standard","meta":[],"categories":[53,52],"tags":[51118,87665,87675,87663,80741,87674,52259,87664,57125,37032,87676],"views":78,"_links":{"self":[{"href":"https:\/\/www.enerjigazetesi.ist\/en\/wp-json\/wp\/v2\/posts\/130811"}],"collection":[{"href":"https:\/\/www.enerjigazetesi.ist\/en\/wp-json\/wp\/v2\/posts"}],"about":[{"href":"https:\/\/www.enerjigazetesi.ist\/en\/wp-json\/wp\/v2\/types\/post"}],"author":[{"embeddable":true,"href":"https:\/\/www.enerjigazetesi.ist\/en\/wp-json\/wp\/v2\/users\/1"}],"replies":[{"embeddable":true,"href":"https:\/\/www.enerjigazetesi.ist\/en\/wp-json\/wp\/v2\/comments?post=130811"}],"version-history":[{"count":0,"href":"https:\/\/www.enerjigazetesi.ist\/en\/wp-json\/wp\/v2\/posts\/130811\/revisions"}],"wp:featuredmedia":[{"embeddable":true,"href":"https:\/\/www.enerjigazetesi.ist\/en\/wp-json\/wp\/v2\/media\/130813"}],"wp:attachment":[{"href":"https:\/\/www.enerjigazetesi.ist\/en\/wp-json\/wp\/v2\/media?parent=130811"}],"wp:term":[{"taxonomy":"category","embeddable":true,"href":"https:\/\/www.enerjigazetesi.ist\/en\/wp-json\/wp\/v2\/categories?post=130811"},{"taxonomy":"post_tag","embeddable":true,"href":"https:\/\/www.enerjigazetesi.ist\/en\/wp-json\/wp\/v2\/tags?post=130811"}],"curies":[{"name":"wp","href":"https:\/\/api.w.org\/{rel}","templated":true}]}}