{"id":130777,"date":"2021-03-08T11:53:42","date_gmt":"2021-03-08T08:53:42","guid":{"rendered":"https:\/\/www.enerjigazetesi.ist\/?p=130777"},"modified":"2021-03-08T11:57:59","modified_gmt":"2021-03-08T08:57:59","slug":"aydem-perakende-kadin-yonetici-orani-en-yuksek-sirketler-arasinda","status":"publish","type":"post","link":"https:\/\/www.enerjigazetesi.ist\/en\/aydem-perakende-kadin-yonetici-orani-en-yuksek-sirketler-arasinda\/","title":{"rendered":"(Turkish) &#8217;Aydem Perakende&#8217; Kad\u0131n Y\u00f6netici Oran\u0131 En Y\u00fcksek \u015eirketler Aras\u0131nda"},"content":{"rendered":"<p class=\"qtranxs-available-languages-message qtranxs-available-languages-message-en\">Sorry, this entry is only available in <a href=\"https:\/\/www.enerjigazetesi.ist\/tr\/wp-json\/wp\/v2\/posts\/130777\" class=\"qtranxs-available-language-link qtranxs-available-language-link-tr\" title=\"Turkish\">Turkish<\/a>. For the sake of viewer convenience, the content is shown below in the alternative language. You may click the link to switch the active language.<\/p><p><\/p>\n<h1><strong>Aydem Perakende, T\u00fcrkiye genelinde yap\u0131lan \u201c\u0130\u015f\u2019te Kad\u0131n\u0131n Y\u00fckseli\u015fi Ara\u015ft\u0131rmas\u0131\u201dnda , 1.000 ki\u015fiye kadar \u00e7al\u0131\u015fan\u0131 olan \u015firketler kategorisinde <\/strong><strong>% 45.24 puanla 11&#8217;inci s\u0131rada yer ald\u0131.<img loading=\"lazy\" class=\"alignright wp-image-130780\" src=\"https:\/\/www.enerjigazetesi.ist\/wp-content\/uploads\/2021\/03\/aydem-perakende-kadin-yonetici-orani-en-yuksek-sirketler-arasinda-2.jpg\" alt=\"\" width=\"340\" height=\"253\" srcset=\"https:\/\/www.enerjigazetesi.ist\/wp-content\/uploads\/2021\/03\/aydem-perakende-kadin-yonetici-orani-en-yuksek-sirketler-arasinda-2.jpg 448w, https:\/\/www.enerjigazetesi.ist\/wp-content\/uploads\/2021\/03\/aydem-perakende-kadin-yonetici-orani-en-yuksek-sirketler-arasinda-2-300x224.jpg 300w, https:\/\/www.enerjigazetesi.ist\/wp-content\/uploads\/2021\/03\/aydem-perakende-kadin-yonetici-orani-en-yuksek-sirketler-arasinda-2-67x50.jpg 67w\" sizes=\"(max-width: 340px) 100vw, 340px\" \/><\/strong><\/h1>\n<p><strong>Ege B\u00f6lgesi<\/strong>\u2019nin g\u00f6revli elektrik tedarik \u015firketi <strong>Aydem Perakende<\/strong>, kad\u0131n y\u00f6netici istihdam\u0131nda b\u00fcy\u00fck bir ba\u015far\u0131ya imza att\u0131. Inbusiness Dergisi\u2019nin ger\u00e7ekle\u015ftirdi\u011fi <strong>&#8220;\u0130\u015f\u2019te Kad\u0131n\u0131n Y\u00fckseli\u015fi Ara\u015ft\u0131rmas\u0131\u2019\u2019<\/strong>n\u0131n sonu\u00e7lar\u0131na g\u00f6re <strong>Aydem Perakende<\/strong>, orta kademede \u00e7al\u0131\u015fan kad\u0131n y\u00f6netici oran\u0131 en y\u00fcksek \u015firketler aras\u0131nda yer ald\u0131. Derginin<strong> \u201c100 \u015eirketin \u00dcst Y\u00f6netim Kademesinde Kad\u0131n\u0131n Y\u00fckseli\u015fi\u201d<\/strong> listesinin <strong>1.000 ki\u015fiye<\/strong> kadar \u00e7al\u0131\u015fan\u0131 olan \u015firketler kategorisinde <strong>% 45.24<\/strong> puanla <strong>11&#8217;inci<\/strong> s\u0131rada yer ald\u0131.<\/p>\n<p><strong>Aydem Perakende<\/strong> Genel M\u00fcd\u00fcr\u00fc <strong>\u00c7a\u011fda\u015f Demira\u011f<\/strong>, kad\u0131nlar\u0131n <strong>\u00e7al\u0131\u015fma hayat\u0131na kat\u0131l\u0131m\u0131<\/strong>n\u0131 desteklediklerini ve <strong>y\u00f6neticilik d\u00fczeyinde say\u0131lar\u0131<\/strong>n\u0131 art\u0131rmaya da b\u00fcy\u00fck \u00f6nem verdiklerini vurgulad\u0131. <strong>Ara\u015ft\u0131rman\u0131n sonu\u00e7lar\u0131n\u0131<\/strong> de\u011ferlendiren Demira\u011f <span style=\"text-decoration: underline;\">\u015funlar\u0131 s\u00f6yledi:<\/span><\/p>\n<h2><strong>\u2018\u2019Mentorluk ve e\u011fitim programlar\u0131 uyguluyoruz\u2019\u2019<\/strong><\/h2>\n<p>\u201cBug\u00fcn <strong>% 65<\/strong>\u2019e yak\u0131n kad\u0131n \u00e7al\u0131\u015fan ve <strong>% 46<\/strong>&#8216;ya yak\u0131n y\u00f6netici oran\u0131m\u0131zla, <strong>kad\u0131n istihdam\u0131<\/strong>na yapt\u0131\u011f\u0131m\u0131z katk\u0131lardan dolay\u0131 gururluyuz. <strong>Orta kademe y\u00f6neticileri<\/strong>mizi \u00fcst kademeye; i\u015f hayat\u0131na yeni ba\u015flayan, alanlar\u0131nda uzman ekip arkada\u015flar\u0131m\u0131z\u0131n orta kademe y\u00f6neticili\u011fe \u00e7\u0131kmas\u0131 i\u00e7in mentorluk ve e\u011fitim programlar\u0131 uyguluyoruz. <strong>Aydem Perakende<\/strong> olarak cinsiyet e\u015fitli\u011finin ve kad\u0131n \u00e7al\u0131\u015fan istihdam\u0131n\u0131n bir politika olman\u0131n \u00f6tesinde,\u00a0<strong>kurumsal sorumluluk<\/strong> oldu\u011fu yakla\u015f\u0131m\u0131n\u0131 benimsiyoruz. \u2018<strong>8 Mart D\u00fcnya Kad\u0131nlar G\u00fcn\u00fc<\/strong>\u2019n\u00fc kutlarken, her alanda e\u015fitli\u011fin sa\u011fland\u0131\u011f\u0131 bir d\u00fcnyada ya\u015fam arzumuzun en k\u0131sa s\u00fcrede ger\u00e7ekle\u015fmesini umut ediyoruz. Bu emelde \u00fczerimize d\u00fc\u015fenleri yapmaya devam edece\u011fiz.\u2019\u2019<\/p>","protected":false},"excerpt":{"rendered":"<p>Sorry, this entry is only available in Turkish. For the sake of viewer convenience, the content is shown below in the alternative language. You may click the link to switch the active language. Aydem Perakende, T\u00fcrkiye genelinde yap\u0131lan \u201c\u0130\u015f\u2019te Kad\u0131n\u0131n Y\u00fckseli\u015fi Ara\u015ft\u0131rmas\u0131\u201dnda , 1.000 ki\u015fiye kadar \u00e7al\u0131\u015fan\u0131 olan \u015firketler kategorisinde % 45.24 puanla 11&#8217;inci s\u0131rada [&hellip;]<\/p>\n","protected":false},"author":1,"featured_media":130783,"comment_status":"open","ping_status":"open","sticky":false,"template":"","format":"standard","meta":[],"categories":[51,53],"tags":[37015,80721,87640,53114,40999,52259,87642,47663,87639,87641],"views":80,"_links":{"self":[{"href":"https:\/\/www.enerjigazetesi.ist\/en\/wp-json\/wp\/v2\/posts\/130777"}],"collection":[{"href":"https:\/\/www.enerjigazetesi.ist\/en\/wp-json\/wp\/v2\/posts"}],"about":[{"href":"https:\/\/www.enerjigazetesi.ist\/en\/wp-json\/wp\/v2\/types\/post"}],"author":[{"embeddable":true,"href":"https:\/\/www.enerjigazetesi.ist\/en\/wp-json\/wp\/v2\/users\/1"}],"replies":[{"embeddable":true,"href":"https:\/\/www.enerjigazetesi.ist\/en\/wp-json\/wp\/v2\/comments?post=130777"}],"version-history":[{"count":0,"href":"https:\/\/www.enerjigazetesi.ist\/en\/wp-json\/wp\/v2\/posts\/130777\/revisions"}],"wp:featuredmedia":[{"embeddable":true,"href":"https:\/\/www.enerjigazetesi.ist\/en\/wp-json\/wp\/v2\/media\/130783"}],"wp:attachment":[{"href":"https:\/\/www.enerjigazetesi.ist\/en\/wp-json\/wp\/v2\/media?parent=130777"}],"wp:term":[{"taxonomy":"category","embeddable":true,"href":"https:\/\/www.enerjigazetesi.ist\/en\/wp-json\/wp\/v2\/categories?post=130777"},{"taxonomy":"post_tag","embeddable":true,"href":"https:\/\/www.enerjigazetesi.ist\/en\/wp-json\/wp\/v2\/tags?post=130777"}],"curies":[{"name":"wp","href":"https:\/\/api.w.org\/{rel}","templated":true}]}}