{"id":130771,"date":"2021-03-08T11:22:17","date_gmt":"2021-03-08T08:22:17","guid":{"rendered":"https:\/\/www.enerjigazetesi.ist\/?p=130771"},"modified":"2021-03-08T11:24:15","modified_gmt":"2021-03-08T08:24:15","slug":"adimlar-otizmli-cocuklarin-egitimi-icin-atildi","status":"publish","type":"post","link":"https:\/\/www.enerjigazetesi.ist\/en\/adimlar-otizmli-cocuklarin-egitimi-icin-atildi\/","title":{"rendered":"(Turkish) Ad\u0131mlar, Otizmli \u00c7ocuklar\u0131n E\u011fitimi \u0130\u00e7in At\u0131ld\u0131!"},"content":{"rendered":"<p class=\"qtranxs-available-languages-message qtranxs-available-languages-message-en\">Sorry, this entry is only available in <a href=\"https:\/\/www.enerjigazetesi.ist\/tr\/wp-json\/wp\/v2\/posts\/130771\" class=\"qtranxs-available-language-link qtranxs-available-language-link-tr\" title=\"Turkish\">Turkish<\/a>. For the sake of viewer convenience, the content is shown below in the alternative language. You may click the link to switch the active language.<\/p><p><\/p>\n<h1><strong>7 Mart 2021, Pazar g\u00fcn\u00fc 16&#8217;\u0131nc\u0131s\u0131 ger\u00e7ekle\u015fen Antalya&#8217;n\u0131n en b\u00fcy\u00fck spor organizasyonu Runatolia Uluslararas\u0131 Antalya Maratonu\u2019nda g\u00f6n\u00fcll\u00fc ko\u015fucular otizme dikkat \u00e7ekebilmek ve otizmli \u00e7ocuklar\u0131n e\u011fitimine katk\u0131 sa\u011flayabilmek i\u00e7in ko\u015ftular.<\/strong><\/h1>\n<p><strong>Tohum Otizm Vakf\u0131<\/strong>\u2019n\u0131n <strong>7&#8217;inci kez<\/strong> kat\u0131ld\u0131\u011f\u0131 Runatolia Maratonu\u2019nda ko\u015farak veya y\u00fcr\u00fcyerek,<img loading=\"lazy\" class=\"alignright wp-image-130774\" src=\"https:\/\/www.enerjigazetesi.ist\/wp-content\/uploads\/2021\/03\/adimlar-otizmli-cocuklarin-egitimi-icin-atildi-2-1.jpg\" alt=\"\" width=\"320\" height=\"240\" srcset=\"https:\/\/www.enerjigazetesi.ist\/wp-content\/uploads\/2021\/03\/adimlar-otizmli-cocuklarin-egitimi-icin-atildi-2-1.jpg 448w, https:\/\/www.enerjigazetesi.ist\/wp-content\/uploads\/2021\/03\/adimlar-otizmli-cocuklarin-egitimi-icin-atildi-2-1-300x225.jpg 300w, https:\/\/www.enerjigazetesi.ist\/wp-content\/uploads\/2021\/03\/adimlar-otizmli-cocuklarin-egitimi-icin-atildi-2-1-67x50.jpg 67w\" sizes=\"(max-width: 320px) 100vw, 320px\" \/> ad\u0131mlar\u0131n\u0131 <strong>otizmli<\/strong> \u00e7ocuklar i\u00e7in atan bireysel ve farkl\u0131 firmalar\u0131 temsil eden <strong>g\u00f6n\u00fcll\u00fc ko\u015fucular<\/strong>; maratonun \u00f6ncesinde ve sonras\u0131nda, toplamda <strong>1 ay s\u00fcresince<\/strong> sosyal \u00e7evresinden toplayacaklar\u0131 ba\u011f\u0131\u015flarla <strong>otizmli \u00e7ocuklar\u0131n e\u011fitimine katk\u0131 sa\u011flayacaklar.<\/strong><\/p>\n<p>Otizmin bilinen tek \u00e7aresinin<strong> \u201cerken tan\u0131 ile yo\u011fun ve s\u00fcrekli e\u011fitim\u201d<\/strong> oldu\u011funa dikkat \u00e7eken <strong>Tohum Otizm Vakf\u0131 Genel M\u00fcd\u00fcr\u00fc Suat Karda\u015f<\/strong> <em>\u201cBug\u00fcn d\u00fcnyada her<strong> 59<\/strong> \u00e7ocuktan <strong>1\u2019i<\/strong> <strong>otizm<\/strong> riski ile do\u011fuyor. Bu rakam her y\u0131l art\u0131\u015f e\u011filimi g\u00f6steriyor. <strong>Runatoila Maratonu<\/strong>\u2019nda ko\u015farak hem otizm konusunda fark\u0131ndal\u0131k yaratan hem de <strong>otizmli \u00e7ocuklar\u0131m\u0131z\u0131n e\u011fitimi<\/strong> i\u00e7in <strong>ba\u011f\u0131\u015f<\/strong> toplayan t\u00fcm g\u00f6n\u00fcll\u00fclerimize y\u00fcrekten te\u015fekk\u00fcr ediyor ba\u011f\u0131\u015f toplama kampanyas\u0131n\u0131n devam edece\u011fi<strong> 22 Mart<\/strong> tarihine kadar g\u00f6n\u00fcll\u00fc ko\u015fucular\u0131m\u0131z\u0131n kampanyalar\u0131na ba\u011f\u0131\u015f deste\u011fi bekliyoruz.\u201d<\/em> dedi.<\/p>\n<h2><strong>Otizmin Tek \u00c7aresi E\u011fitim<\/strong><\/h2>\n<p>Otizmin g\u00fcn\u00fcm\u00fczde bilinen tek \u00e7aresi; <strong>erken tan\u0131<\/strong> ile <strong>yo\u011fun<\/strong> ve<strong> s\u00fcrekli \u00f6zel e\u011fitim<\/strong>dir. <strong>Erken tan\u0131<\/strong> ve <strong>do\u011fru<\/strong> bir <strong>e\u011fitim yakla\u015f\u0131m\u0131<\/strong> ile yo\u011fun olarak e\u011fitim alan \u00e7ocuklar\u0131n yakla\u015f\u0131k <strong>% 50<\/strong>\u2019sinde otizmin belirtileri kontrol alt\u0131na al\u0131nabilmekte, geli\u015fim sa\u011flanabilmekte, b\u00fcy\u00fck ilerleme kaydedilmekte ve hatta baz\u0131 otizmli \u00e7ocuklar\u0131n ergenlik ya\u015f\u0131na geldiklerinde di\u011fer arkada\u015flar\u0131ndan fark\u0131 kalmayabilmektedir. Otizmde en \u00f6nemli nokta \u00e7ocuklara olabildi\u011fince erken d\u00f6nemde (18 ay civar\u0131) tan\u0131 koyabilmek ve haftada en az 30 saati bulan yo\u011fun bir e\u011fitim almalar\u0131n\u0131 sa\u011flamakt\u0131r. \u00d6zellikle 3 ile 5 ya\u015f aras\u0131nda bu yo\u011fun e\u011fitim \u00e7ok k\u0131ymetlidir.<\/p>\n<h2><strong>Bunlar\u0131 Biliyor musunuz?\u00a0<\/strong><\/h2>\n<p>&#8211; Otizmin tek \u00e7aresi <strong>ERKEN TANI ile YO\u011eUN, S\u00dcREKL\u0130 E\u011e\u0130T\u0130M<\/strong>\u2019dir.<\/p>\n<p>&#8211; G\u00fcn\u00fcm\u00fczde her <strong>54 \u00c7OCUKTAN 1\u2019inin<\/strong> otizm riski ile d\u00fcnyaya gelmekte ve otizmin g\u00f6r\u00fclme s\u0131kl\u0131\u011f\u0131 \u00e7ok b\u00fcy\u00fck bir h\u0131zla art\u0131\u015f g\u00f6stermektedir.<\/p>\n<p>&#8211; D\u00fcnyada <strong>her 20 DAK\u0130KADA 1<\/strong> \u00e7ocuk otizm tan\u0131s\u0131 almaktad\u0131r.<\/p>\n<p>&#8211; Otizm erkek \u00e7ocuklarda, k\u0131zlardan <strong>4 KAT FAZLA\u00a0<\/strong>oranda g\u00f6r\u00fclmektedir.<\/p>\n<p>&#8211; <strong>Otizmin belirtileri:<\/strong> <em>\u0130smi s\u00f6ylendi\u011finde bakmamak, g\u00f6z konta\u011f\u0131 kurmamak, baz\u0131 objelere a\u015f\u0131r\u0131 ilgi<\/em> duymak, \u00f6rne\u011fin <strong>\u00e7ama\u015f\u0131r makinesini saatlerce izlemek&#8230;<\/strong><\/p>","protected":false},"excerpt":{"rendered":"<p>Sorry, this entry is only available in Turkish. For the sake of viewer convenience, the content is shown below in the alternative language. You may click the link to switch the active language. 7 Mart 2021, Pazar g\u00fcn\u00fc 16&#8217;\u0131nc\u0131s\u0131 ger\u00e7ekle\u015fen Antalya&#8217;n\u0131n en b\u00fcy\u00fck spor organizasyonu Runatolia Uluslararas\u0131 Antalya Maratonu\u2019nda g\u00f6n\u00fcll\u00fc ko\u015fucular otizme dikkat \u00e7ekebilmek ve [&hellip;]<\/p>\n","protected":false},"author":1,"featured_media":130775,"comment_status":"open","ping_status":"open","sticky":false,"template":"","format":"standard","meta":[],"categories":[53],"tags":[81730,52259,87637,56506,87638,86912,81641],"views":51,"_links":{"self":[{"href":"https:\/\/www.enerjigazetesi.ist\/en\/wp-json\/wp\/v2\/posts\/130771"}],"collection":[{"href":"https:\/\/www.enerjigazetesi.ist\/en\/wp-json\/wp\/v2\/posts"}],"about":[{"href":"https:\/\/www.enerjigazetesi.ist\/en\/wp-json\/wp\/v2\/types\/post"}],"author":[{"embeddable":true,"href":"https:\/\/www.enerjigazetesi.ist\/en\/wp-json\/wp\/v2\/users\/1"}],"replies":[{"embeddable":true,"href":"https:\/\/www.enerjigazetesi.ist\/en\/wp-json\/wp\/v2\/comments?post=130771"}],"version-history":[{"count":0,"href":"https:\/\/www.enerjigazetesi.ist\/en\/wp-json\/wp\/v2\/posts\/130771\/revisions"}],"wp:featuredmedia":[{"embeddable":true,"href":"https:\/\/www.enerjigazetesi.ist\/en\/wp-json\/wp\/v2\/media\/130775"}],"wp:attachment":[{"href":"https:\/\/www.enerjigazetesi.ist\/en\/wp-json\/wp\/v2\/media?parent=130771"}],"wp:term":[{"taxonomy":"category","embeddable":true,"href":"https:\/\/www.enerjigazetesi.ist\/en\/wp-json\/wp\/v2\/categories?post=130771"},{"taxonomy":"post_tag","embeddable":true,"href":"https:\/\/www.enerjigazetesi.ist\/en\/wp-json\/wp\/v2\/tags?post=130771"}],"curies":[{"name":"wp","href":"https:\/\/api.w.org\/{rel}","templated":true}]}}