{"id":13057,"date":"2013-07-16T09:02:55","date_gmt":"2013-07-16T06:02:55","guid":{"rendered":"https:\/\/www.enerjigazetesi.ist\/?p=13057"},"modified":"2013-07-16T09:02:55","modified_gmt":"2013-07-16T06:02:55","slug":"kaya-gazinda-petrol-ve-dogalgaz-kadar-sansimiz-var","status":"publish","type":"post","link":"https:\/\/www.enerjigazetesi.ist\/en\/kaya-gazinda-petrol-ve-dogalgaz-kadar-sansimiz-var\/","title":{"rendered":"(Turkish) \u201cKaya Gaz\u0131nda Petrol Ve Do\u011falgaz Kadar \u015eans\u0131m\u0131z Var\u201d"},"content":{"rendered":"<p class=\"qtranxs-available-languages-message qtranxs-available-languages-message-en\">Sorry, this entry is only available in <a href=\"https:\/\/www.enerjigazetesi.ist\/tr\/wp-json\/wp\/v2\/posts\/13057\" class=\"qtranxs-available-language-link qtranxs-available-language-link-tr\" title=\"Turkish\">Turkish<\/a>. For the sake of viewer convenience, the content is shown below in the alternative language. You may click the link to switch the active language.<\/p><p><strong>T\u00fcrkiye\u2019de kaya gaz\u0131n\u0131 sonuna kadar arayacaklar\u0131n\u0131 belirten Enerji ve Tabii Kaynaklar Bakan Yard\u0131mc\u0131s\u0131 Hasan Murat Mercan, \u201cPetrol ve do\u011falgaz konusunda bu topraklarda ne kadar \u015fans\u0131m\u0131z varsa kaya gaz\u0131nda da ayn\u0131 oranda \u015fans\u0131m\u0131z var\u201d dedi.<\/strong><\/p>\n<p>Bursa Sanayici ve \u0130\u015fadamlar\u0131 Derne\u011fi (BUS\u0130AD) taraf\u0131ndan d\u00fczenlenen \u00c7ekirge toplant\u0131lar\u0131n\u0131n bu ayki konu\u011fu Enerji ve Tabii Kaynaklar Bakan Yard\u0131mc\u0131s\u0131 Hasan Murat Mercan oldu. \u201cT\u00fcrkiye\u2019nin enerji sorunu ve \u00e7\u00f6z\u00fcm plan\u0131\u201d konulu toplant\u0131da a\u00e7\u0131klamalarda bulunan Mercan, T\u00fcrkiye\u2019nin toplam kurulu enerji g\u00fcc\u00fcn\u00fcn y\u00fczde 30\u2032unun do\u011falgaz, y\u00fczde \u00fczde 30\u2032unun yenilebilir, y\u00fczde 30\u2032unun hidroelektrik ve y\u00fczde 10\u2032unun da n\u00fckleer olmas\u0131 gerekti\u011fini s\u00f6yledi. T\u00fcrkiye\u2019nin mutlaka n\u00fckleer enerjiye ge\u00e7mesi gerekti\u011fine dikkat \u00e7eken Mercan, enerji piyasas\u0131n\u0131n serbest olmas\u0131n\u0131n \u00f6nemine de\u011finerek, \u201cEnerji piyasas\u0131 \u00f6zellikle elektrik da\u011f\u0131t\u0131m\u0131na bakarsak di\u011fer piyasalara g\u00f6re daha az serbestlidir.<\/p>\n<p>Do\u011falgaz da ayn\u0131d\u0131r. Bakanl\u0131k olarak hem elektrik \u00fcretim ve da\u011f\u0131t\u0131m\u0131nda Avrupa standartlar\u0131nda serbestli\u011fe kavu\u015fmak yani piyasan\u0131n oyuncular\u0131n\u0131 fiyat ve arz talebini belirlemesini sa\u011flamak istiyoruz. Bu y\u00fczden enerji borsas\u0131 kurulmal\u0131. Bu konuda ad\u0131mlar at\u0131yoruz. Do\u011falgaza bakarsak bu piyasan\u0131n son derece serbestle\u015fmesi gerekiyor. Burada ataca\u011f\u0131m\u0131z ad\u0131mlar \u00f6nemli\u201d \u015feklinde konu\u015ftu.<\/p>\n<p><a href=\"https:\/\/www.enerjigazetesi.ist\/wp-content\/uploads\/2013\/07\/Hasan-Murat-Mercen-8973245.jpg\"><img loading=\"lazy\" class=\"alignright size-medium wp-image-13058\" title=\"Hasan-Murat-Mercen-8973245\" src=\"https:\/\/www.enerjigazetesi.ist\/wp-content\/uploads\/2013\/07\/Hasan-Murat-Mercen-8973245-300x210.jpg\" alt=\"\" width=\"300\" height=\"210\" srcset=\"https:\/\/www.enerjigazetesi.ist\/wp-content\/uploads\/2013\/07\/Hasan-Murat-Mercen-8973245-300x210.jpg 300w, https:\/\/www.enerjigazetesi.ist\/wp-content\/uploads\/2013\/07\/Hasan-Murat-Mercen-8973245-71x50.jpg 71w, https:\/\/www.enerjigazetesi.ist\/wp-content\/uploads\/2013\/07\/Hasan-Murat-Mercen-8973245.jpg 400w\" sizes=\"(max-width: 300px) 100vw, 300px\" \/><\/a>T\u00fcrkiye\u2019nin 2023 hedefine ula\u015fmas\u0131 i\u00e7in bug\u00fcnk\u00fc 60 bin megavatl\u0131k kurulu g\u00fcc\u00fcn 120 bin megavat civar\u0131na \u00e7\u0131kmas\u0131 gerekti\u011fine i\u015faret eden Mercan, d\u00fcnyadaki elektrik enerjisi \u00fcretiminin y\u00fczde 21\u2032inin do\u011falgaz \u00e7evrim santralleri ile \u00fcretilmesine ra\u011fmen bu oran\u0131n T\u00fcrkiye\u2019de y\u00fczde 43 oldu\u011funu kaydetti. Hidroelektrik santralleri konusunda T\u00fcrkiye\u2019nin d\u00fcnya ortalamas\u0131n\u0131n \u00fczerinde oldu\u011funu belirten Mercan, hidroelektrikteki ba\u015far\u0131n\u0131n n\u00fckleer alan\u0131nda hi\u00e7 olmad\u0131\u011f\u0131n\u0131 belirtti. D\u00fcnyadaki elektri\u011fin y\u00fczde 13\u2032\u00fcn\u00fcn n\u00fckleer santrallerinde \u00fcretildi\u011fini ifade eden Mercan, \u201cT\u00fcrkiye\u2019de burada s\u0131f\u0131r.<\/p>\n<p>T\u00fcrkiye\u2019nin hedefleri bu ortalamalar\u0131 yakalamakt\u0131r. 2010 y\u0131l\u0131nda n\u00fckleer enerjiden 810 milyar megavat elektrik \u00fcretilmi\u015f, T\u00fcrkiye\u2019nin bug\u00fcn \u00fcretti\u011fi ya da t\u00fcketti\u011fi elektri\u011fin tam iki kat\u0131. Fransa toplam elektrik enerjisinin y\u00fczde 75\u2032ini n\u00fckleer santralden yap\u0131yor. Biz bu meseleyi strateji olarak g\u00f6rd\u00fc\u011f\u00fcm\u00fcz i\u00e7in iki tane n\u00fckleer santral anla\u015fmas\u0131 yapt\u0131k. Biri Mersin Akkuyu\u2019da 25 milyar dolara mal olacak bir n\u00fckleer santral di\u011feri de Sinop\u2019taki santraldir. \u00dc\u00e7\u00fcnc\u00fcs\u00fcn\u00fcn yeri tam belli de\u011fil. \u0130n\u015fallah 2023\u2032ten sonra devreye girecek\u201d ifadelerini kulland\u0131.<\/p>\n<h2>N\u00fckleer \u00fcniversitemiz geliyor<\/h2>\n<p>Yap\u0131lmas\u0131 planlanan \u00fc\u00e7\u00fcnc\u00fc santralde yerli yap\u0131ma \u00f6nem verdiklerini kaydeden Mercan, \u201cBu santralde yerli yap\u0131m oran\u0131n\u0131 y\u00fczde 30 ve y\u00fczde 40\u2032\u0131n \u00fczerine \u00e7\u0131karmak istiyoruz. \u015eu anda n\u00fckleer teknoloji T\u00fcrkiye\u2019deki bilgi birikimi \u00e7ok az. Bu teknoloji d\u00fcnyan\u0131n vazge\u00e7emedi\u011fi bir teknolojidir. Kim ne derse desin. \u00dc\u00e7\u00fcnc\u00fc n\u00fckleer santralimizi de yerli yapmak istiyoruz. \u015eu anda Rusya\u2019da 100\u2032den fazla gencimizi e\u011fitim i\u00e7in yollad\u0131k. Japonlarla ayn\u0131 zamanda n\u00fckleer enerjide odaklanacak ortak bir \u00fcniversite kuraca\u011f\u0131z. \u00c7ok ge\u00e7 kald\u0131k. Bu \u00fcniversite ile de insan kayna\u011f\u0131n\u0131 ihtiyac\u0131m\u0131z\u0131 azaltmaya \u00e7al\u0131\u015faca\u011f\u0131z\u201d \u015feklinde konu\u015ftu.<\/p>\n<h2>\u201cN\u00fckleer enerjinin ham madde maliyeti d\u00fc\u015f\u00fck\u201d<\/h2>\n<p>N\u00fckleer enerjisi olan \u00fclkeleri bir haritada g\u00f6steren Meran, \u201cBu enerji bizde niye yok? Biz aptal m\u0131y\u0131z? Niye olmam\u0131\u015f \u015fimdiye kadar? N\u00fckleerde ilk yap\u0131m\u0131 maliyeti \u00e7ok y\u00fcksek olsa bile kullan\u0131lan ham maddenin maliyeti d\u00fc\u015f\u00fck. Organik bir yap\u0131. Mesela do\u011falgazda ilk \u00fcretim maliyeti ucuz ama s\u00fcrekli senin olmayan gaz\u0131 yak\u0131yorsun. Parayla ald\u0131\u011f\u0131n gaz\u0131 kullan\u0131yorsun. Irak, bizim kom\u015fumuz. Burada y\u0131ll\u0131k 9,5 milyar metrek\u00fcp do\u011falgaz yak\u0131l\u0131yor. Petrol\u00fc \u00e7\u0131karmak i\u00e7in bu gaz\u0131 kullan\u0131yor. Bizim yerli kaynaklar, imkanlar ve teknoloji ile \u00e7e\u015fitlili\u011fi olan bir enerji politikam\u0131z var\u201d dedi.<\/p>\n<p>Mercan, g\u00fcne\u015f enerjisi gelece\u011fin enerjisi olarak g\u00f6r\u00fclebilece\u011fini fakat Avrupa\u2019da firmalar\u0131n \u00c7in ile rekabet edemedi\u011fi i\u00e7in bir bir kapand\u0131\u011f\u0131n\u0131 kaydetti.<\/p>\n<h2>\u201cEnerjiden vazge\u00e7emeyiz\u201d<\/h2>\n<p>Enerji yat\u0131r\u0131mlar\u0131na yap\u0131lan tepkilere de de\u011finen Mercan, \u201cR\u00fczgar enerjisine kar\u015f\u0131 \u00e7\u0131kanlar oldu. Projeyi durdurmak i\u00e7in benim yan\u0131ma geldiler. Her \u015feyin bir maliyeti var. \u00c7evresel etkenleri en az\u0131na indirmek bakanl\u0131\u011f\u0131m\u0131z\u0131n mecburiyetidir ama bunlardan vazge\u00e7elim noktas\u0131nda de\u011filim ben. Cep telefonunu 1 saat kullanmamak m\u00fcmk\u00fcn m\u00fc? Enerji de b\u00f6yle bir \u015fey. Kullanmak ve \u00fcretmek zorunday\u0131z\u201d ifadelerini kulland\u0131.<\/p>\n<h2>\u201cKaya gaz\u0131nda T\u00fcrkiye\u2019nin \u015fans\u0131 var\u201d<\/h2>\n<p>Kaya gaz\u0131 arama \u00e7al\u0131\u015fmalar\u0131 hakk\u0131nda bilgi veren Mercan, \u201cBu benim \u00e7ok sevdi\u011fim teknoloji. Kaya gaz\u0131 i\u00e7in \u00e7evresel tart\u0131\u015fmalar var. Mesela Avrupa\u2019da yasak \u00e7\u00fcnk\u00fc \u00e7ok fazla su kullan\u0131l\u0131yor. M\u00fcthi\u015f bir su ihtiyac\u0131 var. T\u00fcrkiye\u2019de kaya gaz\u0131 ar\u0131yor muyuz? \u2018Sonuna kadar ar\u0131yoruz\u2019 cevab\u0131 veririm. \u015eimdiye kadar bir geli\u015fme var m\u0131? Petrol ve do\u011falgaz konusunda bu topraklarda \u015fans\u0131m\u0131z varsa kaya gaz\u0131nda da ayn\u0131 \u015fans\u0131m\u0131z var. \u00d6zellikle Diyarbak\u0131r\u2019da aramalar yap\u0131yoruz. Sondajlar yap\u0131yoruz. Bug\u00fcn itibar\u0131yla \u00fcmitli bir Haber var m\u0131? Yok\u201d \u015feklinde konu\u015ftu.<\/p>\n<p>Kaynak: <a href=\"http:\/\/enerjienstitusu.com\/2013\/07\/15\/kaya-gazinda-petrol-ve-dogalgaz-kadar-sansimiz-var\/\" target=\"_blank\">Enerji Enstit\u00fcs\u00fc<\/a><\/p>","protected":false},"excerpt":{"rendered":"<p>Sorry, this entry is only available in Turkish. For the sake of viewer convenience, the content is shown below in the alternative language. You may click the link to switch the active language.T\u00fcrkiye\u2019de kaya gaz\u0131n\u0131 sonuna kadar arayacaklar\u0131n\u0131 belirten Enerji ve Tabii Kaynaklar Bakan Yard\u0131mc\u0131s\u0131 Hasan Murat Mercan, \u201cPetrol ve do\u011falgaz konusunda bu topraklarda ne [&hellip;]<\/p>\n","protected":false},"author":1,"featured_media":13058,"comment_status":"open","ping_status":"open","sticky":false,"template":"","format":"standard","meta":[],"categories":[53,43],"tags":[6903,1985,19,63,67,165,6902,168,71,21,846],"views":723,"_links":{"self":[{"href":"https:\/\/www.enerjigazetesi.ist\/en\/wp-json\/wp\/v2\/posts\/13057"}],"collection":[{"href":"https:\/\/www.enerjigazetesi.ist\/en\/wp-json\/wp\/v2\/posts"}],"about":[{"href":"https:\/\/www.enerjigazetesi.ist\/en\/wp-json\/wp\/v2\/types\/post"}],"author":[{"embeddable":true,"href":"https:\/\/www.enerjigazetesi.ist\/en\/wp-json\/wp\/v2\/users\/1"}],"replies":[{"embeddable":true,"href":"https:\/\/www.enerjigazetesi.ist\/en\/wp-json\/wp\/v2\/comments?post=13057"}],"version-history":[{"count":2,"href":"https:\/\/www.enerjigazetesi.ist\/en\/wp-json\/wp\/v2\/posts\/13057\/revisions"}],"predecessor-version":[{"id":13061,"href":"https:\/\/www.enerjigazetesi.ist\/en\/wp-json\/wp\/v2\/posts\/13057\/revisions\/13061"}],"wp:featuredmedia":[{"embeddable":true,"href":"https:\/\/www.enerjigazetesi.ist\/en\/wp-json\/wp\/v2\/media\/13058"}],"wp:attachment":[{"href":"https:\/\/www.enerjigazetesi.ist\/en\/wp-json\/wp\/v2\/media?parent=13057"}],"wp:term":[{"taxonomy":"category","embeddable":true,"href":"https:\/\/www.enerjigazetesi.ist\/en\/wp-json\/wp\/v2\/categories?post=13057"},{"taxonomy":"post_tag","embeddable":true,"href":"https:\/\/www.enerjigazetesi.ist\/en\/wp-json\/wp\/v2\/tags?post=13057"}],"curies":[{"name":"wp","href":"https:\/\/api.w.org\/{rel}","templated":true}]}}