{"id":130557,"date":"2021-03-04T12:09:01","date_gmt":"2021-03-04T09:09:01","guid":{"rendered":"https:\/\/www.enerjigazetesi.ist\/?p=130557"},"modified":"2021-03-04T12:09:30","modified_gmt":"2021-03-04T09:09:30","slug":"aksa-jenerator-europgen-in-uyesi-oldu","status":"publish","type":"post","link":"https:\/\/www.enerjigazetesi.ist\/en\/aksa-jenerator-europgen-in-uyesi-oldu\/","title":{"rendered":"(Turkish) Aksa Jenerat\u00f6r Europgen&#8217;in \u00dcyesi Oldu"},"content":{"rendered":"<p class=\"qtranxs-available-languages-message qtranxs-available-languages-message-en\">Sorry, this entry is only available in <a href=\"https:\/\/www.enerjigazetesi.ist\/tr\/wp-json\/wp\/v2\/posts\/130557\" class=\"qtranxs-available-language-link qtranxs-available-language-link-tr\" title=\"Turkish\">Turkish<\/a>. For the sake of viewer convenience, the content is shown below in the alternative language. You may click the link to switch the active language.<\/p><p><\/p>\n<h1><strong>Jenerat\u00f6r sekt\u00f6r\u00fcn\u00fcn lider markas\u0131 Aksa Jenerat\u00f6r, Avrupa&#8217;n\u0131n en sayg\u0131n ve de\u011ferli platformlar\u0131ndan Europgen\u2019in \u00fcyeleri aras\u0131na girdi.<\/strong><\/h1>\n<p>T\u00fcrkiye jenerat\u00f6r pazar\u0131nda lider konumunu uzun y\u0131llard\u0131r koruyan ve sekt\u00f6r\u00fcnde<strong> k\u00fcresel<\/strong> \u00e7apta<strong> ilk 5 \u015firket<\/strong> aras\u0131nda yer alan Aksa Jenerat\u00f6r, Avrupa&#8217;n\u0131n ve d\u00fcnyan\u0131n <strong>en sayg\u0131n jenerat\u00f6r \u00fcreticileri<\/strong>nin<\/p>\n<div id=\"attachment_130559\" style=\"width: 350px\" class=\"wp-caption alignright\"><img aria-describedby=\"caption-attachment-130559\" loading=\"lazy\" class=\"wp-image-130559\" src=\"https:\/\/www.enerjigazetesi.ist\/wp-content\/uploads\/2021\/03\/aksa-jenerator-europgen-in-uyesi-oldu-1.jpg\" alt=\"\" width=\"340\" height=\"252\" srcset=\"https:\/\/www.enerjigazetesi.ist\/wp-content\/uploads\/2021\/03\/aksa-jenerator-europgen-in-uyesi-oldu-1.jpg 550w, https:\/\/www.enerjigazetesi.ist\/wp-content\/uploads\/2021\/03\/aksa-jenerator-europgen-in-uyesi-oldu-1-300x223.jpg 300w, https:\/\/www.enerjigazetesi.ist\/wp-content\/uploads\/2021\/03\/aksa-jenerator-europgen-in-uyesi-oldu-1-500x371.jpg 500w, https:\/\/www.enerjigazetesi.ist\/wp-content\/uploads\/2021\/03\/aksa-jenerator-europgen-in-uyesi-oldu-1-67x50.jpg 67w\" sizes=\"(max-width: 340px) 100vw, 340px\" \/><p id=\"caption-attachment-130559\" class=\"wp-caption-text\">europgen<\/p><\/div>\n<p>bulundu\u011fu platformlardan biri olan <strong>Europgen\u2019in \u00fcyesi<\/strong> oldu.<\/p>\n<p>Yak\u0131n zamanda Hollanda&#8217;da a\u00e7\u0131lan <strong>Yeni Ticaret Merkezi<\/strong> ile<strong> Avrupa&#8217;daki<\/strong> etki alan\u0131n\u0131 daha da geni\u015fleten Aksa Jenerat\u00f6r, bu \u00fcyelikle birlikte <strong>global marka de\u011ferini<\/strong> de her ge\u00e7en g\u00fcn art\u0131r\u0131yor.<\/p>\n<p>Global b\u00fcy\u00fcme stratejileri do\u011frultusunda d\u00fcnyan\u0131n en prestijli platformlar\u0131ndan birine kat\u0131ld\u0131klar\u0131 i\u00e7in gurur duyduklar\u0131n\u0131 belirten Aksa Jenerat\u00f6r Pazarlama Genel M\u00fcd\u00fcr\u00fc <strong>Abidin Volkan Kara\u00e7al\u0131<\/strong>, <em>\u201cBu \u00fcyelikle, Avrupa ba\u015fta olmak \u00fczere d\u00fcnya \u00e7ap\u0131nda sekt\u00f6r\u00fcm\u00fczle ilgili her t\u00fcrl\u00fc geli\u015fmeyi yak\u0131ndan takip etme f\u0131rsat\u0131n\u0131 yakalayaca\u011f\u0131z. K\u00fcresel boyutta sekt\u00f6r\u00fcn karar vericileri aras\u0131nda olmak \u015firketimiz i\u00e7in olduk\u00e7a \u00f6nemli bir ad\u0131m.\u201d<\/em> dedi.<\/p>\n<p>Ayr\u0131ca Kara\u00e7al\u0131; <em>\u201cHollanda tesisimizin de faaliyete ge\u00e7mesi ile <strong>3 k\u0131tada<\/strong> yer alarak <strong>2025 y\u0131l\u0131na kadar<\/strong> d\u00fcnyan\u0131n <strong>3 b\u00fcy\u00fck jenerat\u00f6r \u00fcreticisi<\/strong>nden biri olma hedefimize emin ad\u0131mlarla ilerliyoruz. Bireysel kullan\u0131mdan dev projelere uzanan geni\u015f yelpazedeki<strong> \u00fcr\u00fcn<\/strong> ve <strong>uygulamalar\u0131m\u0131zla<\/strong> <strong>jenerat\u00f6r pazar\u0131nda<\/strong> \u00e7ok k\u0131sa bir s\u00fcrede d\u00fcnya markas\u0131 haline geldik. \u00d6n\u00fcm\u00fczdeki d\u00f6nemde de <strong>global ayak izimizi<\/strong> ve <strong>pazar pay\u0131m\u0131z\u0131 art\u0131rma hedeflerimiz<\/strong> do\u011frultusunda farkl\u0131 \u00e7al\u0131\u015fmalar\u0131m\u0131z\u0131 ve<strong> yat\u0131r\u0131m planlar\u0131m\u0131z\u0131 hayat ge\u00e7irmeye<\/strong> devam edece\u011fiz.\u201d<\/em> ifadelerini kulland\u0131.<\/p>","protected":false},"excerpt":{"rendered":"<p>Sorry, this entry is only available in Turkish. For the sake of viewer convenience, the content is shown below in the alternative language. You may click the link to switch the active language. Jenerat\u00f6r sekt\u00f6r\u00fcn\u00fcn lider markas\u0131 Aksa Jenerat\u00f6r, Avrupa&#8217;n\u0131n en sayg\u0131n ve de\u011ferli platformlar\u0131ndan Europgen\u2019in \u00fcyeleri aras\u0131na girdi. T\u00fcrkiye jenerat\u00f6r pazar\u0131nda lider konumunu uzun [&hellip;]<\/p>\n","protected":false},"author":1,"featured_media":130559,"comment_status":"open","ping_status":"open","sticky":false,"template":"","format":"standard","meta":[],"categories":[51,53],"tags":[80492,53114,52259,87460,64716],"views":103,"_links":{"self":[{"href":"https:\/\/www.enerjigazetesi.ist\/en\/wp-json\/wp\/v2\/posts\/130557"}],"collection":[{"href":"https:\/\/www.enerjigazetesi.ist\/en\/wp-json\/wp\/v2\/posts"}],"about":[{"href":"https:\/\/www.enerjigazetesi.ist\/en\/wp-json\/wp\/v2\/types\/post"}],"author":[{"embeddable":true,"href":"https:\/\/www.enerjigazetesi.ist\/en\/wp-json\/wp\/v2\/users\/1"}],"replies":[{"embeddable":true,"href":"https:\/\/www.enerjigazetesi.ist\/en\/wp-json\/wp\/v2\/comments?post=130557"}],"version-history":[{"count":0,"href":"https:\/\/www.enerjigazetesi.ist\/en\/wp-json\/wp\/v2\/posts\/130557\/revisions"}],"wp:featuredmedia":[{"embeddable":true,"href":"https:\/\/www.enerjigazetesi.ist\/en\/wp-json\/wp\/v2\/media\/130559"}],"wp:attachment":[{"href":"https:\/\/www.enerjigazetesi.ist\/en\/wp-json\/wp\/v2\/media?parent=130557"}],"wp:term":[{"taxonomy":"category","embeddable":true,"href":"https:\/\/www.enerjigazetesi.ist\/en\/wp-json\/wp\/v2\/categories?post=130557"},{"taxonomy":"post_tag","embeddable":true,"href":"https:\/\/www.enerjigazetesi.ist\/en\/wp-json\/wp\/v2\/tags?post=130557"}],"curies":[{"name":"wp","href":"https:\/\/api.w.org\/{rel}","templated":true}]}}