{"id":130490,"date":"2021-03-03T13:00:24","date_gmt":"2021-03-03T10:00:24","guid":{"rendered":"https:\/\/www.enerjigazetesi.ist\/?p=130490"},"modified":"2021-03-03T13:00:24","modified_gmt":"2021-03-03T10:00:24","slug":"konya-enerji-zirvesi-ve-fuari-08-09-10-nisan-2021-tarihlerinde-duzenleniyor","status":"publish","type":"post","link":"https:\/\/www.enerjigazetesi.ist\/en\/konya-enerji-zirvesi-ve-fuari-08-09-10-nisan-2021-tarihlerinde-duzenleniyor\/","title":{"rendered":"(Turkish) Konya Enerji Zirvesi ve Fuar\u0131 08-09-10 Nisan 2021 Tarihlerinde D\u00fczenleniyor"},"content":{"rendered":"<p class=\"qtranxs-available-languages-message qtranxs-available-languages-message-en\">Sorry, this entry is only available in <a href=\"https:\/\/www.enerjigazetesi.ist\/tr\/wp-json\/wp\/v2\/posts\/130490\" class=\"qtranxs-available-language-link qtranxs-available-language-link-tr\" title=\"Turkish\">Turkish<\/a>. For the sake of viewer convenience, the content is shown below in the alternative language. You may click the link to switch the active language.<\/p><p><\/p>\n<h1>Anadolu&#8217;nun en b\u00fcy\u00fck enerji fuar\u0131 08-09-10 Nisan 2021 tarihleri aras\u0131nda Sel\u00e7uklu Kongre Merkezi (Konya) da ziyaret\u00e7ilerine kap\u0131lar\u0131n\u0131 a\u00e7\u0131yor.<\/h1>\n<p><strong>Konya Enerji Zirvesi ve Fuar\u0131<\/strong>, <strong><em>T.C Enerji ve Tabii Kaynaklar Bakanl\u0131\u011f\u0131<\/em><\/strong> himayelerinde Kalyon Enerji Ana sponsorlu\u011funda<strong> Konya Ticaret Odas\u0131, Mimarlar ve M\u00fchendisler Grubu<\/strong> ve <strong>Kaskon Fuarc\u0131l\u0131k<\/strong> i\u015fbirli\u011finde\u00a0<strong>08-09-10 Nisan 2021<\/strong> tarihleri aras\u0131nda <strong><em>\u201cKonya\u2019n\u0131n Enerjisi T\u00fcrkiye\u2019yi Ayd\u0131nlat\u0131yor\u201d<\/em><\/strong> temas\u0131 ile\u00a0 Konya da ilk defa<strong> Sel\u00e7uklu Kongre Merkezi<\/strong>&#8216;nde <img loading=\"lazy\" class=\"alignright wp-image-130493\" src=\"https:\/\/www.enerjigazetesi.ist\/wp-content\/uploads\/2021\/03\/konya-enerji-zirvesi-ve-fuari-08-09-10-nisan-2021-tarihlerinde-duzenleniyor.jpg\" alt=\"\" width=\"340\" height=\"340\" srcset=\"https:\/\/www.enerjigazetesi.ist\/wp-content\/uploads\/2021\/03\/konya-enerji-zirvesi-ve-fuari-08-09-10-nisan-2021-tarihlerinde-duzenleniyor.jpg 550w, https:\/\/www.enerjigazetesi.ist\/wp-content\/uploads\/2021\/03\/konya-enerji-zirvesi-ve-fuari-08-09-10-nisan-2021-tarihlerinde-duzenleniyor-150x150.jpg 150w, https:\/\/www.enerjigazetesi.ist\/wp-content\/uploads\/2021\/03\/konya-enerji-zirvesi-ve-fuari-08-09-10-nisan-2021-tarihlerinde-duzenleniyor-300x300.jpg 300w, https:\/\/www.enerjigazetesi.ist\/wp-content\/uploads\/2021\/03\/konya-enerji-zirvesi-ve-fuari-08-09-10-nisan-2021-tarihlerinde-duzenleniyor-400x400.jpg 400w, https:\/\/www.enerjigazetesi.ist\/wp-content\/uploads\/2021\/03\/konya-enerji-zirvesi-ve-fuari-08-09-10-nisan-2021-tarihlerinde-duzenleniyor-50x50.jpg 50w, https:\/\/www.enerjigazetesi.ist\/wp-content\/uploads\/2021\/03\/konya-enerji-zirvesi-ve-fuari-08-09-10-nisan-2021-tarihlerinde-duzenleniyor-100x100.jpg 100w, https:\/\/www.enerjigazetesi.ist\/wp-content\/uploads\/2021\/03\/konya-enerji-zirvesi-ve-fuari-08-09-10-nisan-2021-tarihlerinde-duzenleniyor-500x500.jpg 500w\" sizes=\"(max-width: 340px) 100vw, 340px\" \/>ger\u00e7ekle\u015ftirilecektir.<\/p>\n<p><strong>Konya Enerji Fuar\u0131<\/strong>&#8216;nda Platin Sponsor olarak <strong>Renesolar Enerji, SYS Enerji, 2H Enerji<\/strong>, Alt\u0131n Sponsor olarak <strong>Europower Enerji<\/strong>, G\u00fcm\u00fc\u015f Sponsor olarak <strong>SB Solar<\/strong> yer alacakt\u0131r.<\/p>\n<p>Etkinli\u011fe b\u00f6lgesel ve ulusal \u00f6l\u00e7ekte enerji sekt\u00f6r\u00fcnde <strong>elektrik \u00fcretim<\/strong> (GES, RES, JES, BES), <strong>da\u011f\u0131t\u0131m, proje, dan\u0131\u015fmanl\u0131k, kurulum<\/strong> alanlar\u0131nda faaliyet g\u00f6steren \u00f6nemli firmalar\u0131n yan\u0131 s\u0131ra <strong>ENVER, GENSED<\/strong> gibi etkili <strong>sivil toplum kurulu\u015flar\u0131<\/strong> da destekleyici ve kat\u0131l\u0131mc\u0131 olarak bulunacaklard\u0131r. B\u00fcy\u00fck ve k\u00fc\u00e7\u00fck \u00f6l\u00e7ekli pek \u00e7ok <strong>yat\u0131r\u0131mc\u0131, giri\u015fimci<\/strong> ve <strong>sekt\u00f6r oyuncular\u0131<\/strong>n\u0131n <strong>B2B f\u0131rsatlar\u0131<\/strong> bulaca\u011f\u0131 fuar alan\u0131n\u0131 ile birlikte <strong>3 g\u00fcn boyunca<\/strong> \u00f6nemli isimlerin \u00f6nemli konular\u0131 konu\u015faca\u011f\u0131 <strong>\u00d6zel Oturumlar<\/strong> planlanm\u0131\u015ft\u0131r.<\/p>\n<p><strong>Konya Enerji Zirvesi ve Fuar\u0131<\/strong>, <strong>Elektrikli ara\u00e7lar ve \u015farj istasyonlar\u0131<\/strong> da yer alacakt\u0131r. <strong>Porsche (Taycan)<\/strong> gibi \u00f6nemli bir \u00e7ok markan\u0131n <strong>elektrikli arabas\u0131 fuarda<\/strong> ziyaret\u00e7ileriyle bulu\u015facakt\u0131r.<\/p>\n<p>Pandemi sonras\u0131n yeni normalde fuar ile ilgili <strong>TOBB<\/strong> ve <strong>Sa\u011fl\u0131k Bakanl\u0131\u011f\u0131&#8217;<\/strong>n\u0131n yay\u0131nlam\u0131\u015f oldu\u011fu \u015fartlar do\u011frultusunda <strong>gerekli \u00f6nlemler<\/strong> al\u0131narak <strong>Hes kodu<\/strong> ve <strong>ate\u015f \u00f6l\u00e7\u00fcm\u00fc<\/strong> yap\u0131larak fuar alan\u0131na ziyaret\u00e7iler al\u0131nacakt\u0131r.<\/p>\n<p>Detayl\u0131 Bilgi \u0130\u00e7in:\u00a0<a href=\"https:\/\/www.konyaenerjifuari.com\/\" target=\"_blank\" rel=\"nofollow noopener\">https:\/\/www.konyaenerjifuari.com\/<\/a> adresini ziyaret edebilirsiniz.<\/p>","protected":false},"excerpt":{"rendered":"<p>Sorry, this entry is only available in Turkish. For the sake of viewer convenience, the content is shown below in the alternative language. You may click the link to switch the active language. Anadolu&#8217;nun en b\u00fcy\u00fck enerji fuar\u0131 08-09-10 Nisan 2021 tarihleri aras\u0131nda Sel\u00e7uklu Kongre Merkezi (Konya) da ziyaret\u00e7ilerine kap\u0131lar\u0131n\u0131 a\u00e7\u0131yor. Konya Enerji Zirvesi ve [&hellip;]<\/p>\n","protected":false},"author":1,"featured_media":130493,"comment_status":"open","ping_status":"open","sticky":false,"template":"","format":"standard","meta":[],"categories":[22893,51,53,49,48,50],"tags":[5070,54965,87399,87398,87397,38634,87400,87396],"views":821,"_links":{"self":[{"href":"https:\/\/www.enerjigazetesi.ist\/en\/wp-json\/wp\/v2\/posts\/130490"}],"collection":[{"href":"https:\/\/www.enerjigazetesi.ist\/en\/wp-json\/wp\/v2\/posts"}],"about":[{"href":"https:\/\/www.enerjigazetesi.ist\/en\/wp-json\/wp\/v2\/types\/post"}],"author":[{"embeddable":true,"href":"https:\/\/www.enerjigazetesi.ist\/en\/wp-json\/wp\/v2\/users\/1"}],"replies":[{"embeddable":true,"href":"https:\/\/www.enerjigazetesi.ist\/en\/wp-json\/wp\/v2\/comments?post=130490"}],"version-history":[{"count":0,"href":"https:\/\/www.enerjigazetesi.ist\/en\/wp-json\/wp\/v2\/posts\/130490\/revisions"}],"wp:featuredmedia":[{"embeddable":true,"href":"https:\/\/www.enerjigazetesi.ist\/en\/wp-json\/wp\/v2\/media\/130493"}],"wp:attachment":[{"href":"https:\/\/www.enerjigazetesi.ist\/en\/wp-json\/wp\/v2\/media?parent=130490"}],"wp:term":[{"taxonomy":"category","embeddable":true,"href":"https:\/\/www.enerjigazetesi.ist\/en\/wp-json\/wp\/v2\/categories?post=130490"},{"taxonomy":"post_tag","embeddable":true,"href":"https:\/\/www.enerjigazetesi.ist\/en\/wp-json\/wp\/v2\/tags?post=130490"}],"curies":[{"name":"wp","href":"https:\/\/api.w.org\/{rel}","templated":true}]}}