{"id":130463,"date":"2021-03-03T11:20:58","date_gmt":"2021-03-03T08:20:58","guid":{"rendered":"https:\/\/www.enerjigazetesi.ist\/?p=130463"},"modified":"2021-03-03T11:20:58","modified_gmt":"2021-03-03T08:20:58","slug":"nordex-turkiye-nin-pazar-liderligi-25-gw-kurulu-guc-ile-guclenerek-suruyor","status":"publish","type":"post","link":"https:\/\/www.enerjigazetesi.ist\/en\/nordex-turkiye-nin-pazar-liderligi-25-gw-kurulu-guc-ile-guclenerek-suruyor\/","title":{"rendered":"(Turkish) &#8217;Nordex T\u00fcrkiye&#8217;nin Pazar Liderli\u011fi 2,5 GW Kurulu G\u00fc\u00e7 ile G\u00fc\u00e7lenerek S\u00fcr\u00fcyor"},"content":{"rendered":"<p class=\"qtranxs-available-languages-message qtranxs-available-languages-message-en\">Sorry, this entry is only available in <a href=\"https:\/\/www.enerjigazetesi.ist\/tr\/wp-json\/wp\/v2\/posts\/130463\" class=\"qtranxs-available-language-link qtranxs-available-language-link-tr\" title=\"Turkish\">Turkish<\/a>. For the sake of viewer convenience, the content is shown below in the alternative language. You may click the link to switch the active language.<\/p><p><\/p>\n<h1>1 Mart 2021&#8217;de yay\u0131mlanan T\u00dcREB Ocak 2021 \u0130statistik raporuna g\u00f6re, Nordex T\u00fcrkiye r\u00fczgar enerjisi alan\u0131nda \u00a0%26,8\u2019lik pazar pay\u0131 ile T\u00fcrkiye\u2019deki pazar liderli\u011fi g\u00fc\u00e7lenerek s\u00fcr\u00fcyor.<\/h1>\n<p>Nordex Avrupa B\u00f6l\u00fcm\u00fc CEO\u2019su<strong> \u0130brahim \u00d6zarslan<\/strong>, \u00a0Nordex\u2019in T\u00fcrkiye\u2019de <strong>verimlili\u011fi y\u00fcksek, g\u00fc\u00e7l\u00fc t\u00fcrbinleri<\/strong> ve sundu\u011fu<strong> hizmet kalitesi<\/strong> ile <strong>r\u00fczgar yat\u0131r\u0131mc\u0131s\u0131<\/strong>n\u0131n en g\u00fcvenilir i\u015f ortaklar\u0131ndan biri olmaya ve 2021 y\u0131l\u0131nda da kalitenin ve hizmetin devaml\u0131l\u0131\u011f\u0131n\u0131 sa\u011flayarak, atacaklar\u0131 <img loading=\"lazy\" class=\"alignright wp-image-130465\" src=\"https:\/\/www.enerjigazetesi.ist\/wp-content\/uploads\/2021\/03\/nordex-turkiye-nin-pazar-liderligi-25-gw-kurulu-guc-ile-guclenerek-suruyor-1.jpg\" alt=\"\" width=\"340\" height=\"231\" srcset=\"https:\/\/www.enerjigazetesi.ist\/wp-content\/uploads\/2021\/03\/nordex-turkiye-nin-pazar-liderligi-25-gw-kurulu-guc-ile-guclenerek-suruyor-1.jpg 550w, https:\/\/www.enerjigazetesi.ist\/wp-content\/uploads\/2021\/03\/nordex-turkiye-nin-pazar-liderligi-25-gw-kurulu-guc-ile-guclenerek-suruyor-1-300x204.jpg 300w, https:\/\/www.enerjigazetesi.ist\/wp-content\/uploads\/2021\/03\/nordex-turkiye-nin-pazar-liderligi-25-gw-kurulu-guc-ile-guclenerek-suruyor-1-500x340.jpg 500w, https:\/\/www.enerjigazetesi.ist\/wp-content\/uploads\/2021\/03\/nordex-turkiye-nin-pazar-liderligi-25-gw-kurulu-guc-ile-guclenerek-suruyor-1-74x50.jpg 74w\" sizes=\"(max-width: 340px) 100vw, 340px\" \/>yeni ad\u0131mlarla T\u00fcrkiye<strong> r\u00fczgar enerjisi sekt\u00f6r\u00fcn\u00fc<\/strong> desteklemeye devam edeceklerini s\u00f6yledi.<\/p>\n<p><strong>Nordex<\/strong>\u2019in, T\u00fcrkiye r\u00fczgar pazar\u0131nda bug\u00fcn itibariyle<strong> 2495 MW<\/strong> kurulu g\u00fcce ula\u015ft\u0131klar\u0131n\u0131 belirten \u00d6zarslan, T\u00fcrkiye\u2019deki personel istihdam\u0131n\u0131nda <strong>2020<\/strong> senesinde yakla\u015f\u0131k <strong>100 ki\u015fi<\/strong> artarak <strong>2021 y\u0131l\u0131nda<\/strong> 320 ki\u015fiye ula\u015ft\u0131\u011f\u0131n\u0131n alt\u0131n\u0131 \u00e7izdi. \u00d6zarslan, 2021 y\u0131l\u0131nda toplamda <strong>685 MW<\/strong>\u2019l\u0131k yeni <strong>r\u00fczgar santrallerinin in\u015faa \u00e7al\u0131\u015fmalar\u0131<\/strong>na devam edeceklerini belirtti.<\/p>\n<p><strong>\u0130zmir Servis ve E\u011fitim Merkezi<\/strong>\u2019nin, 2021 y\u0131l\u0131nda alan olarak yakla\u015f\u0131k <strong>4 kat<\/strong> b\u00fcy\u00fckl\u00fc\u011f\u00fcndeki yeni binas\u0131na ta\u015f\u0131nd\u0131\u011f\u0131n\u0131 vurgulayan \u00d6zarslan, Nordex\u2019in T\u00fcrkiye geneline yay\u0131lm\u0131\u015f servis a\u011f\u0131yla ve \u00e7ok geni\u015f bir yedek par\u00e7a sto\u011fuyla yat\u0131r\u0131mc\u0131lar\u0131n\u0131n\u0131n <strong>Nordex<\/strong>\u2019e olan g\u00fcvenine kar\u015f\u0131l\u0131k verebilmek i\u00e7in var <img loading=\"lazy\" class=\"alignleft wp-image-130466\" src=\"https:\/\/www.enerjigazetesi.ist\/wp-content\/uploads\/2021\/03\/nordex-turkiye-nin-pazar-liderligi-25-gw-kurulu-guc-ile-guclenerek-suruyor-2.jpg\" alt=\"\" width=\"320\" height=\"305\" srcset=\"https:\/\/www.enerjigazetesi.ist\/wp-content\/uploads\/2021\/03\/nordex-turkiye-nin-pazar-liderligi-25-gw-kurulu-guc-ile-guclenerek-suruyor-2.jpg 550w, https:\/\/www.enerjigazetesi.ist\/wp-content\/uploads\/2021\/03\/nordex-turkiye-nin-pazar-liderligi-25-gw-kurulu-guc-ile-guclenerek-suruyor-2-300x286.jpg 300w, https:\/\/www.enerjigazetesi.ist\/wp-content\/uploads\/2021\/03\/nordex-turkiye-nin-pazar-liderligi-25-gw-kurulu-guc-ile-guclenerek-suruyor-2-419x400.jpg 419w, https:\/\/www.enerjigazetesi.ist\/wp-content\/uploads\/2021\/03\/nordex-turkiye-nin-pazar-liderligi-25-gw-kurulu-guc-ile-guclenerek-suruyor-2-52x50.jpg 52w, https:\/\/www.enerjigazetesi.ist\/wp-content\/uploads\/2021\/03\/nordex-turkiye-nin-pazar-liderligi-25-gw-kurulu-guc-ile-guclenerek-suruyor-2-500x477.jpg 500w\" sizes=\"(max-width: 320px) 100vw, 320px\" \/>g\u00fc\u00e7leriyle \u00e7al\u0131\u015fmaya devam edeceklerini belirtti.<\/p>\n<h2><strong>Nordex Avrupa B\u00f6l\u00fcm\u00fc CEO\u2019su \u0130brahim <\/strong><strong>\u00d6zarslan<\/strong><strong> kimdir?<\/strong><\/h2>\n<p>\u0130n\u015faat M\u00fchendisli\u011fi alan\u0131nda Y\u00fcksek Lisans derecesine sahip olan \u00d6zarslan, Proje, Sat\u0131\u015f ve Servis alan\u0131nda geni\u015f operasyonel ve y\u00f6netsel sekt\u00f6r deneyimine sahiptir.1998 y\u0131l\u0131nda, Nordex Enerji\u2019de Almanya Sat\u0131\u015f Destek M\u00fchendisi olarak ba\u015flam\u0131\u015f, 1999 y\u0131l\u0131nda M\u0131s\u0131r B\u00f6lge Proje M\u00fcd\u00fcr\u00fc, 2002 y\u0131l\u0131nda Asya ve Ortado\u011fu Servis Direkt\u00f6r\u00fc, 2005 y\u0131l\u0131nda Global Servis Direkt\u00f6r\u00fc, 2009 y\u0131l\u0131nda Avrupa Operasyonel Servis Direkt\u00f6r\u00fc olarak g\u00f6rev alan \u00d6zarslan, 2012 -2019 y\u0131llar\u0131 aras\u0131\u00a0 7 y\u0131l boyunca T\u00fcrkiye ve Ortado\u011fu Genel M\u00fcd\u00fcr\u00fc olarak g\u00f6rev alm\u0131\u015ft\u0131r. 2018 y\u0131l\u0131nda devrald\u0131\u011f\u0131 ve \u00fc\u00e7 y\u0131l s\u00fcren Avrupa Sat\u0131\u015ftan Sorumlu K\u0131demli Ba\u015fkan Yard\u0131mc\u0131l\u0131\u011f\u0131n\u0131n ard\u0131ndan, 1 Ocak 2021 tarihi itibari ile \u00a0Nordex\u2019in Avrupa B\u00f6l\u00fcm\u00fc CEO&#8217;su olarak atanm\u0131\u015ft\u0131r.<\/p>","protected":false},"excerpt":{"rendered":"<p>Sorry, this entry is only available in Turkish. For the sake of viewer convenience, the content is shown below in the alternative language. You may click the link to switch the active language. 1 Mart 2021&#8217;de yay\u0131mlanan T\u00dcREB Ocak 2021 \u0130statistik raporuna g\u00f6re, Nordex T\u00fcrkiye r\u00fczgar enerjisi alan\u0131nda \u00a0%26,8\u2019lik pazar pay\u0131 ile T\u00fcrkiye\u2019deki pazar liderli\u011fi [&hellip;]<\/p>\n","protected":false},"author":1,"featured_media":130465,"comment_status":"open","ping_status":"open","sticky":false,"template":"","format":"standard","meta":[],"categories":[51,53,50],"tags":[5070,52259,4825,35002,53282,87379],"views":118,"_links":{"self":[{"href":"https:\/\/www.enerjigazetesi.ist\/en\/wp-json\/wp\/v2\/posts\/130463"}],"collection":[{"href":"https:\/\/www.enerjigazetesi.ist\/en\/wp-json\/wp\/v2\/posts"}],"about":[{"href":"https:\/\/www.enerjigazetesi.ist\/en\/wp-json\/wp\/v2\/types\/post"}],"author":[{"embeddable":true,"href":"https:\/\/www.enerjigazetesi.ist\/en\/wp-json\/wp\/v2\/users\/1"}],"replies":[{"embeddable":true,"href":"https:\/\/www.enerjigazetesi.ist\/en\/wp-json\/wp\/v2\/comments?post=130463"}],"version-history":[{"count":0,"href":"https:\/\/www.enerjigazetesi.ist\/en\/wp-json\/wp\/v2\/posts\/130463\/revisions"}],"wp:featuredmedia":[{"embeddable":true,"href":"https:\/\/www.enerjigazetesi.ist\/en\/wp-json\/wp\/v2\/media\/130465"}],"wp:attachment":[{"href":"https:\/\/www.enerjigazetesi.ist\/en\/wp-json\/wp\/v2\/media?parent=130463"}],"wp:term":[{"taxonomy":"category","embeddable":true,"href":"https:\/\/www.enerjigazetesi.ist\/en\/wp-json\/wp\/v2\/categories?post=130463"},{"taxonomy":"post_tag","embeddable":true,"href":"https:\/\/www.enerjigazetesi.ist\/en\/wp-json\/wp\/v2\/tags?post=130463"}],"curies":[{"name":"wp","href":"https:\/\/api.w.org\/{rel}","templated":true}]}}