{"id":130417,"date":"2021-03-02T12:25:14","date_gmt":"2021-03-02T09:25:14","guid":{"rendered":"https:\/\/www.enerjigazetesi.ist\/?p=130417"},"modified":"2021-03-02T12:29:31","modified_gmt":"2021-03-02T09:29:31","slug":"facebook-turkiye-anadolunun-en-guzel-fotograflarini-ariyor","status":"publish","type":"post","link":"https:\/\/www.enerjigazetesi.ist\/en\/facebook-turkiye-anadolunun-en-guzel-fotograflarini-ariyor\/","title":{"rendered":"(Turkish) &#8217;Facebook T\u00fcrkiye&#8217; Anadolu\u2019nun En G\u00fczel Foto\u011fraflar\u0131n\u0131 Ar\u0131yor!"},"content":{"rendered":"<p class=\"qtranxs-available-languages-message qtranxs-available-languages-message-en\">Sorry, this entry is only available in <a href=\"https:\/\/www.enerjigazetesi.ist\/tr\/wp-json\/wp\/v2\/posts\/130417\" class=\"qtranxs-available-language-link qtranxs-available-language-link-tr\" title=\"Turkish\">Turkish<\/a>. For the sake of viewer convenience, the content is shown below in the alternative language. You may click the link to switch the active language.<\/p><p><\/p>\n<h1>3 y\u0131ld\u0131r T\u00fcrkiye\u2019nin \u00e7e\u015fitli illerinden profesyonel foto\u011fraf\u00e7\u0131lar\u0131n \u00e7ekti\u011fi foto\u011fraflar\u0131 kapak foto\u011fraf\u0131 olarak payla\u015fan Facebook T\u00fcrkiye, Anadolu\u2019nun 4 Mevsimi Foto\u011fraf Yar\u0131\u015fmas\u0131\u2019yla yeni kapak foto\u011fraf\u0131n\u0131 se\u00e7meye haz\u0131rlan\u0131yor.<strong><img loading=\"lazy\" class=\"alignright wp-image-130419\" src=\"https:\/\/www.enerjigazetesi.ist\/wp-content\/uploads\/2021\/03\/facebook-turkiye-anadolunun-en-guzel-fotograflarini-ariyor-1.png\" alt=\"\" width=\"320\" height=\"320\" srcset=\"https:\/\/www.enerjigazetesi.ist\/wp-content\/uploads\/2021\/03\/facebook-turkiye-anadolunun-en-guzel-fotograflarini-ariyor-1.png 500w, https:\/\/www.enerjigazetesi.ist\/wp-content\/uploads\/2021\/03\/facebook-turkiye-anadolunun-en-guzel-fotograflarini-ariyor-1-150x150.png 150w, https:\/\/www.enerjigazetesi.ist\/wp-content\/uploads\/2021\/03\/facebook-turkiye-anadolunun-en-guzel-fotograflarini-ariyor-1-300x300.png 300w, https:\/\/www.enerjigazetesi.ist\/wp-content\/uploads\/2021\/03\/facebook-turkiye-anadolunun-en-guzel-fotograflarini-ariyor-1-400x400.png 400w, https:\/\/www.enerjigazetesi.ist\/wp-content\/uploads\/2021\/03\/facebook-turkiye-anadolunun-en-guzel-fotograflarini-ariyor-1-50x50.png 50w, https:\/\/www.enerjigazetesi.ist\/wp-content\/uploads\/2021\/03\/facebook-turkiye-anadolunun-en-guzel-fotograflarini-ariyor-1-100x100.png 100w\" sizes=\"(max-width: 320px) 100vw, 320px\" \/><\/strong><\/h1>\n<p><strong>FOTON (Foto\u011fraf Organizasyonlar\u0131 Derne\u011fi)<\/strong> i\u015f birli\u011fi ile ba\u015flat\u0131lan yar\u0131\u015fman\u0131n sonucunda kazanan foto\u011fraflar<strong> 3 milyondan fazla<\/strong> takip\u00e7iye sahip <strong>Facebook T\u00fcrkiye<\/strong> Facebook sayfas\u0131n\u0131n <strong>kapak foto\u011fraf\u0131<\/strong> olmaya hak kazanacak.<\/p>\n<p><strong>01 Mart 2021<\/strong> itibar\u0131yla ba\u015fvurulara a\u00e7\u0131lan yar\u0131\u015fmaya <strong>\u0130lkbahar, Yaz, Sonbahar<\/strong> ve <strong>K\u0131\u015f<\/strong> olmak \u00fczere <strong>4 kategoriden<\/strong> ba\u015fvurular kabul edilecek ve <strong>ayn\u0131 ki\u015fi farkl\u0131 foto\u011fraflarla<\/strong> farkl\u0131 kategorilere ayn\u0131 anda ba\u015fvurabilecek. Bu mevsimlerdeki <strong>Anadolu manzaralar\u0131yla<\/strong> ba\u015fvuru yap\u0131labilecek yar\u0131\u015fman\u0131n kazananlar\u0131<strong> 15 Nisan 2021\u2019de\u00a0<\/strong>a\u00e7\u0131klanacak. <strong>Amat\u00f6r<\/strong> ve <strong>profesyonel ayr\u0131m\u0131<\/strong> yap\u0131lmadan ba\u015fvurulara a\u00e7\u0131k olan yar\u0131\u015fmaya <strong>kat\u0131l\u0131m ise \u00fccretsiz.<\/strong><\/p>\n<p>Y\u00fczy\u0131llard\u0131r birbirinden farkl\u0131 manzaralara ev sahipli\u011fi yapan <strong>Anadolu\u2019nun<\/strong> \u00e7e\u015fitli b\u00f6lgelerinden manzara foto\u011fraflar\u0131n\u0131n yer alabilece\u011fi yar\u0131\u015fman\u0131n j\u00fcrisinde ise Sava\u015f Foto\u011fraf\u00e7\u0131s\u0131<strong> Co\u015fkun Aral<\/strong>, K\u00fcrat\u00f6r <strong>Merih Ako\u011ful<\/strong>,<strong> Prof. Dr. Ozan Bilgiseren<\/strong>, Foto\u011fraf Edit\u00f6r\u00fc <strong>Murat G\u00fcr<\/strong> ve Foto\u011fraf\u00e7\u0131 <strong>Tan\u0131n Helvac\u0131<\/strong> gibi <strong>foto\u011fraf\u00e7\u0131l\u0131k<\/strong> alan\u0131n\u0131n tan\u0131nm\u0131\u015f isimleri yer al\u0131yor.<\/p>\n<p><strong>Ba\u015fvuru \u015eartlar\u0131 ve Detayl\u0131 Bilgi \u0130\u00e7in:<\/strong>\u00a0<a href=\"https:\/\/fotondernegi.com\/facebookturkiye\/\" target=\"_blank\" rel=\"nofollow noopener\">https:\/\/fotondernegi.com\/facebookturkiye\/<\/a>\u00a0adresini ziyaret edebilirsiniz.<\/p>","protected":false},"excerpt":{"rendered":"<p>Sorry, this entry is only available in Turkish. For the sake of viewer convenience, the content is shown below in the alternative language. You may click the link to switch the active language. 3 y\u0131ld\u0131r T\u00fcrkiye\u2019nin \u00e7e\u015fitli illerinden profesyonel foto\u011fraf\u00e7\u0131lar\u0131n \u00e7ekti\u011fi foto\u011fraflar\u0131 kapak foto\u011fraf\u0131 olarak payla\u015fan Facebook T\u00fcrkiye, Anadolu\u2019nun 4 Mevsimi Foto\u011fraf Yar\u0131\u015fmas\u0131\u2019yla yeni kapak [&hellip;]<\/p>\n","protected":false},"author":1,"featured_media":130421,"comment_status":"open","ping_status":"open","sticky":false,"template":"","format":"standard","meta":[],"categories":[53,157],"tags":[87350,52259,87352,87351],"views":63,"_links":{"self":[{"href":"https:\/\/www.enerjigazetesi.ist\/en\/wp-json\/wp\/v2\/posts\/130417"}],"collection":[{"href":"https:\/\/www.enerjigazetesi.ist\/en\/wp-json\/wp\/v2\/posts"}],"about":[{"href":"https:\/\/www.enerjigazetesi.ist\/en\/wp-json\/wp\/v2\/types\/post"}],"author":[{"embeddable":true,"href":"https:\/\/www.enerjigazetesi.ist\/en\/wp-json\/wp\/v2\/users\/1"}],"replies":[{"embeddable":true,"href":"https:\/\/www.enerjigazetesi.ist\/en\/wp-json\/wp\/v2\/comments?post=130417"}],"version-history":[{"count":0,"href":"https:\/\/www.enerjigazetesi.ist\/en\/wp-json\/wp\/v2\/posts\/130417\/revisions"}],"wp:featuredmedia":[{"embeddable":true,"href":"https:\/\/www.enerjigazetesi.ist\/en\/wp-json\/wp\/v2\/media\/130421"}],"wp:attachment":[{"href":"https:\/\/www.enerjigazetesi.ist\/en\/wp-json\/wp\/v2\/media?parent=130417"}],"wp:term":[{"taxonomy":"category","embeddable":true,"href":"https:\/\/www.enerjigazetesi.ist\/en\/wp-json\/wp\/v2\/categories?post=130417"},{"taxonomy":"post_tag","embeddable":true,"href":"https:\/\/www.enerjigazetesi.ist\/en\/wp-json\/wp\/v2\/tags?post=130417"}],"curies":[{"name":"wp","href":"https:\/\/api.w.org\/{rel}","templated":true}]}}