{"id":130398,"date":"2021-03-02T11:56:18","date_gmt":"2021-03-02T08:56:18","guid":{"rendered":"https:\/\/www.enerjigazetesi.ist\/?p=130398"},"modified":"2021-03-02T11:56:18","modified_gmt":"2021-03-02T08:56:18","slug":"sarimaden-bu-sene-yenilenebilir-enerji-uzerine-odaklaniyoruz","status":"publish","type":"post","link":"https:\/\/www.enerjigazetesi.ist\/en\/sarimaden-bu-sene-yenilenebilir-enerji-uzerine-odaklaniyoruz\/","title":{"rendered":"(Turkish) Sar\u0131maden: &#8220;Bu Sene Yenilenebilir Enerji \u00dczerine Odaklan\u0131yoruz&#8221;"},"content":{"rendered":"<p class=\"qtranxs-available-languages-message qtranxs-available-languages-message-en\">Sorry, this entry is only available in <a href=\"https:\/\/www.enerjigazetesi.ist\/tr\/wp-json\/wp\/v2\/posts\/130398\" class=\"qtranxs-available-language-link qtranxs-available-language-link-tr\" title=\"Turkish\">Turkish<\/a>. For the sake of viewer convenience, the content is shown below in the alternative language. You may click the link to switch the active language.<\/p><p><\/p>\n<h1><strong>2021 y\u0131l\u0131nda \u00f6zellikle yenilenebilir enerji \u00fczerine \u00e7al\u0131\u015fmalar ger\u00e7ekle\u015ftireceklerini ifade eden REHAU T\u00fcrkiye \u00dclke M\u00fcd\u00fcr\u00fc Murat Sar\u0131maden, ayr\u0131ca kom\u015fu \u00fclke ve co\u011frafyalarda REHAU T\u00fcrkiye\u2019nin g\u00fcc\u00fcn\u00fc ortaya koyacaklar\u0131n\u0131 belirtti.<img loading=\"lazy\" class=\"alignright wp-image-130400\" src=\"https:\/\/www.enerjigazetesi.ist\/wp-content\/uploads\/2021\/03\/sarimaden-bu-sene-yenilenebilir-enerji-uzerine-odaklaniyoruz.jpg\" alt=\"\" width=\"290\" height=\"435\" srcset=\"https:\/\/www.enerjigazetesi.ist\/wp-content\/uploads\/2021\/03\/sarimaden-bu-sene-yenilenebilir-enerji-uzerine-odaklaniyoruz.jpg 550w, https:\/\/www.enerjigazetesi.ist\/wp-content\/uploads\/2021\/03\/sarimaden-bu-sene-yenilenebilir-enerji-uzerine-odaklaniyoruz-200x300.jpg 200w, https:\/\/www.enerjigazetesi.ist\/wp-content\/uploads\/2021\/03\/sarimaden-bu-sene-yenilenebilir-enerji-uzerine-odaklaniyoruz-267x400.jpg 267w, https:\/\/www.enerjigazetesi.ist\/wp-content\/uploads\/2021\/03\/sarimaden-bu-sene-yenilenebilir-enerji-uzerine-odaklaniyoruz-33x50.jpg 33w, https:\/\/www.enerjigazetesi.ist\/wp-content\/uploads\/2021\/03\/sarimaden-bu-sene-yenilenebilir-enerji-uzerine-odaklaniyoruz-500x750.jpg 500w\" sizes=\"(max-width: 290px) 100vw, 290px\" \/><\/strong><\/h1>\n<p><strong>S\u00fcrd\u00fcr\u00fclebilir in\u015faat<\/strong> ve <strong>modernizasyon<\/strong> i\u00e7in ileriye d\u00f6n\u00fck ve b\u00fct\u00fcnsel \u00e7\u00f6z\u00fcmler sunan <strong>REHAU T\u00fcrkiye<\/strong>, 2021 y\u0131l\u0131nda <strong>yenilenebilir enerji, tasarruflu \u00fcr\u00fcnler<\/strong> ve <strong>ak\u0131ll\u0131 sistemler<\/strong> \u00fczerine odaklan\u0131yor. 2021 y\u0131l\u0131nda ihracat hacmini art\u0131racak \u00e7al\u0131\u015fmalar ger\u00e7ekle\u015ftirmeyi hedeflediklerini belirten <strong>REHAU T\u00fcrkiye \u00dclke M\u00fcd\u00fcr\u00fc Murat Sar\u0131maden,<\/strong> REHAU T\u00fcrkiye\u2019yi \u00e7ekim merkezi haline getirerek, T\u00fcrkiye\u2019nin g\u00fcc\u00fcn\u00fc ortaya koymak istediklerinin alt\u0131n\u0131 \u00e7izdi.<\/p>\n<p><strong>Murat Sar\u0131maden;<\/strong>\u00a0\u201c<em>Biz REHAU olarak 5 k\u0131tada, d\u00fcnyan\u0131n 170\u2019den fazla \u00fclkede yakla\u015f\u0131k 22.000 \u00e7al\u0131\u015fan\u0131m\u0131z ile otomotiv, beyaz e\u015fya, tesisat, yerden \u0131s\u0131tma, mobilya ve pencere birimlerinde <strong>polimer bazl\u0131 \u00e7\u00f6z\u00fcmler<\/strong> \u00fczerine uzmanla\u015fm\u0131\u015f bir markay\u0131z. REHAU T\u00fcrkiye olarak uzun y\u0131llard\u0131r Avrupa`daki m\u00fc\u015fterilerimiz i\u00e7in Almanya\u2019n\u0131n kalite standartlar\u0131nda polimer i\u015fliyoruz. Pandemi \u00f6ncesinden ba\u015flatt\u0131\u011f\u0131m\u0131z d\u00f6n\u00fc\u015f\u00fcm program\u0131 \u00e7er\u00e7evesinde polimer alan\u0131nda \u00f6nemli bir merkez olma yolunda ilerliyoruz.\u00a0<\/em><em>Gerek \u00fcretim rekabet\u00e7ili\u011fiyle gerek <strong>AR-GE \u00e7al\u0131\u015fmalar\u0131<\/strong>m\u0131z\u0131n \u00fcretim tekniklerimize getirece\u011fi yeni bak\u0131\u015f a\u00e7\u0131lar\u0131yla ihracat\u0131m\u0131z\u0131 art\u0131rmay\u0131 planl\u0131yoruz. Sat\u0131\u015f taraf\u0131nda ise <strong>sistemsel \u00e7\u00f6z\u00fcmlerimiz<\/strong>, <strong>kom\u015fu \u00fclke<\/strong> ve <strong>co\u011frafyalarda<\/strong> gerek <strong>pazarlama g\u00fcc\u00fc<\/strong> gerekse profesyonel teknik desteklerimizle REHAU T\u00fcrkiye\u2019nin g\u00fcc\u00fcn\u00fc ortaya koymak istiyoruz. Yenilenebilir enerji ve bunun getirdi\u011fi yeni ihtiya\u00e7lar, dolay\u0131s\u0131yla <strong>enerji tasarruflu \u00fcr\u00fcnler<\/strong> ve di\u011fer<strong> ak\u0131ll\u0131 sistem \u00e7\u00f6z\u00fcmleri<\/strong> bu sene \u00fczerinde yo\u011funla\u015faca\u011f\u0131m\u0131z \u00fcr\u00fcnler aras\u0131nda yer alacak\u201d<\/em>\u00a0dedi.<\/p>\n<p>Bu ba\u011flamda \u00e7al\u0131\u015fan say\u0131lar\u0131n\u0131 <strong>% 20<\/strong> oran\u0131nda art\u0131racaklar\u0131n\u0131 s\u00f6yleyen\u00a0<strong>REHAU T\u00fcrkiye \u00dclke M\u00fcd\u00fcr\u00fc Murat Sar\u0131maden,\u00a0<\/strong>2021 y\u0131l\u0131n\u0131n ortalar\u0131na do\u011fru hedefledikleri <strong>b\u00fcy\u00fcme program\u0131n\u0131<\/strong> tamamlayacaklar\u0131n\u0131 kaydetti.<\/p>","protected":false},"excerpt":{"rendered":"<p>Sorry, this entry is only available in Turkish. For the sake of viewer convenience, the content is shown below in the alternative language. You may click the link to switch the active language. 2021 y\u0131l\u0131nda \u00f6zellikle yenilenebilir enerji \u00fczerine \u00e7al\u0131\u015fmalar ger\u00e7ekle\u015ftireceklerini ifade eden REHAU T\u00fcrkiye \u00dclke M\u00fcd\u00fcr\u00fc Murat Sar\u0131maden, ayr\u0131ca kom\u015fu \u00fclke ve co\u011frafyalarda REHAU [&hellip;]<\/p>\n","protected":false},"author":1,"featured_media":130401,"comment_status":"open","ping_status":"open","sticky":false,"template":"","format":"standard","meta":[],"categories":[51,53,52],"tags":[87343,1968,52259,87342,87340,87341,54979,105],"views":136,"_links":{"self":[{"href":"https:\/\/www.enerjigazetesi.ist\/en\/wp-json\/wp\/v2\/posts\/130398"}],"collection":[{"href":"https:\/\/www.enerjigazetesi.ist\/en\/wp-json\/wp\/v2\/posts"}],"about":[{"href":"https:\/\/www.enerjigazetesi.ist\/en\/wp-json\/wp\/v2\/types\/post"}],"author":[{"embeddable":true,"href":"https:\/\/www.enerjigazetesi.ist\/en\/wp-json\/wp\/v2\/users\/1"}],"replies":[{"embeddable":true,"href":"https:\/\/www.enerjigazetesi.ist\/en\/wp-json\/wp\/v2\/comments?post=130398"}],"version-history":[{"count":0,"href":"https:\/\/www.enerjigazetesi.ist\/en\/wp-json\/wp\/v2\/posts\/130398\/revisions"}],"wp:featuredmedia":[{"embeddable":true,"href":"https:\/\/www.enerjigazetesi.ist\/en\/wp-json\/wp\/v2\/media\/130401"}],"wp:attachment":[{"href":"https:\/\/www.enerjigazetesi.ist\/en\/wp-json\/wp\/v2\/media?parent=130398"}],"wp:term":[{"taxonomy":"category","embeddable":true,"href":"https:\/\/www.enerjigazetesi.ist\/en\/wp-json\/wp\/v2\/categories?post=130398"},{"taxonomy":"post_tag","embeddable":true,"href":"https:\/\/www.enerjigazetesi.ist\/en\/wp-json\/wp\/v2\/tags?post=130398"}],"curies":[{"name":"wp","href":"https:\/\/api.w.org\/{rel}","templated":true}]}}