{"id":130366,"date":"2021-03-01T16:27:19","date_gmt":"2021-03-01T13:27:19","guid":{"rendered":"https:\/\/www.enerjigazetesi.ist\/?p=130366"},"modified":"2021-03-01T16:27:30","modified_gmt":"2021-03-01T13:27:30","slug":"mckinsey-covid-19-sonrasi-isimizin-gelecegi-raporunu-yayimladi","status":"publish","type":"post","link":"https:\/\/www.enerjigazetesi.ist\/en\/mckinsey-covid-19-sonrasi-isimizin-gelecegi-raporunu-yayimladi\/","title":{"rendered":"(Turkish) McKinsey, \u2018COVID-19 Sonras\u0131 \u0130\u015fimizin Gelece\u011fi Raporu\u2019nu Yay\u0131mlad\u0131"},"content":{"rendered":"<p class=\"qtranxs-available-languages-message qtranxs-available-languages-message-en\">Sorry, this entry is only available in <a href=\"https:\/\/www.enerjigazetesi.ist\/tr\/wp-json\/wp\/v2\/posts\/130366\" class=\"qtranxs-available-language-link qtranxs-available-language-link-tr\" title=\"Turkish\">Turkish<\/a>. For the sake of viewer convenience, the content is shown below in the alternative language. You may click the link to switch the active language.<\/p><p><\/p>\n<h1><strong>McKinsey Global Enstit\u00fcs\u00fc (MGI) taraf\u0131ndan\u00a0<\/strong><strong>haz\u0131rlanan ve ge\u00e7ti\u011fimiz y\u0131l boyunca etkisini t\u00fcm d\u00fcnyada hissettiren pandemi d\u00f6nemi verilerinin kullan\u0131ld\u0131\u011f\u0131 rapora g\u00f6re; pandemiden \u00f6nce yap\u0131lan tahminlerin ger\u00e7ekle\u015fme s\u00fcreci h\u0131zland\u0131. Ara\u015ft\u0131rma sonu\u00e7lar\u0131, pandeminin etkileri nedeniyle % 25&#8217;e kadar daha fazla \u00e7al\u0131\u015fan\u0131n yeni mesleklerde i\u015f bulmas\u0131 gerekebilece\u011fini ortaya koyuyor. Kal\u0131c\u0131 hale gelen uzaktan \u00e7al\u0131\u015fmayla birlikte ba\u011f\u0131ms\u0131z \u00e7al\u0131\u015fanlar\u0131n say\u0131s\u0131nda da art\u0131\u015f bekleniyor.<\/strong><\/h1>\n<p><strong>Y\u00f6netim dan\u0131\u015fmanl\u0131\u011f\u0131 firmas\u0131 McKinsey &amp; Company<\/strong>, <strong>COVID-19 salg\u0131n\u0131n<\/strong>, i\u015fimizin gelece\u011fi \u00fczerindeki uzun vadeli etkilerini ara\u015ft\u0131ran yeni bir rapor haz\u0131rlad\u0131. McKinsey\u2019nin i\u015fletme ve ekonomi ara\u015ft\u0131rma kolu olan <strong>McKinsey Global Enstit\u00fcs\u00fc&#8217;n\u00fcn (MGI)<\/strong> haz\u0131rlad\u0131\u011f\u0131 \u2018<strong>COVID-19 Sonras\u0131 \u0130\u015fimizin Gelece\u011fi<\/strong>\u2019 raporu pandeminin, i\u015fg\u00fcc\u00fc talebi, mesleklerin yap\u0131s\u0131, ihtiya\u00e7 duyulan <strong>beceri<\/strong> ve <img loading=\"lazy\" class=\"alignright wp-image-130368\" src=\"https:\/\/www.enerjigazetesi.ist\/wp-content\/uploads\/2021\/03\/mckinsey-covid-19-sonrasi-isimizin-gelecegi-raporunu-yayimladi.jpg\" alt=\"\" width=\"340\" height=\"236\" srcset=\"https:\/\/www.enerjigazetesi.ist\/wp-content\/uploads\/2021\/03\/mckinsey-covid-19-sonrasi-isimizin-gelecegi-raporunu-yayimladi.jpg 550w, https:\/\/www.enerjigazetesi.ist\/wp-content\/uploads\/2021\/03\/mckinsey-covid-19-sonrasi-isimizin-gelecegi-raporunu-yayimladi-300x208.jpg 300w, https:\/\/www.enerjigazetesi.ist\/wp-content\/uploads\/2021\/03\/mckinsey-covid-19-sonrasi-isimizin-gelecegi-raporunu-yayimladi-500x347.jpg 500w, https:\/\/www.enerjigazetesi.ist\/wp-content\/uploads\/2021\/03\/mckinsey-covid-19-sonrasi-isimizin-gelecegi-raporunu-yayimladi-72x50.jpg 72w\" sizes=\"(max-width: 340px) 100vw, 340px\" \/><strong>yetenekler<\/strong> \u00fczerindeki kal\u0131c\u0131 etkilerini ortaya koyuyor. McKinsey\u2019nin bu \u00e7al\u0131\u015fmay\u0131 ger\u00e7ekle\u015ftirdi\u011fi <strong>8 \u00fclke<\/strong>; <strong>\u00c7in, Fransa, Almanya, Hindistan, Japonya, \u0130spanya, \u0130ngiltere<\/strong> ve <strong>ABD\u00a0<\/strong>k\u00fcresel i\u015fg\u00fcc\u00fcn\u00fcn neredeyse yar\u0131s\u0131na ev sahipli\u011fi yap\u0131yor ve k\u00fcresel GSY\u0130H&#8217;n\u0131n <strong>% 60<\/strong>&#8216;\u0131ndan fazlas\u0131n\u0131 olu\u015fturuyor.<\/p>\n<p>Raporda; pandeminin, t\u00fcketici davran\u0131\u015f\u0131nda ve i\u015f s\u00fcre\u00e7lerinde <strong>3<\/strong> \u00f6nemli <strong>de\u011fi\u015fim trendi<\/strong>ni h\u0131zland\u0131rd\u0131\u011f\u0131na dair kan\u0131tlar sunuluyor. <strong>Bu trendler; \u2018uzaktan \u00e7al\u0131\u015fman\u0131n y\u00fckseli\u015fi\u2019, \u2018e-ticaret-sanal etkile\u015fimlerin daha fazla benimsenmesi\u2019 ve \u2018daha h\u0131zl\u0131 otomasyon-yapay zek\u00e2 teknolojileri\u2019<\/strong>. Bu trendlerin, \u00f6n\u00fcm\u00fczdeki <strong>10 y\u0131l<\/strong> i\u00e7inde, ekonomideki i\u015flerin da\u011f\u0131l\u0131m\u0131n\u0131 de\u011fi\u015ftirece\u011fi belirtiliyor. Bu s\u00fcrecin sonucu olarak, \u00e7al\u0131\u015fman\u0131n ger\u00e7ekle\u015ftirildi\u011fi sekiz \u00fclkede, <strong>100 milyondan<\/strong> fazla \u00e7al\u0131\u015fan\u0131n <strong>2030 y\u0131l\u0131na kadar<\/strong> yeni mesleklerde i\u015f bulmas\u0131 gerekebilece\u011fi a\u00e7\u0131klan\u0131yor. <strong>Bu say\u0131 her 16 \u00e7al\u0131\u015fandan biri anlam\u0131na<\/strong> geliyor.<\/p>\n<p><strong>COVID-19 salg\u0131n\u0131<\/strong>, kalabal\u0131k alanlarda <strong>m\u00fc\u015fterilerle<\/strong> veya <strong>i\u015f arkada\u015flar\u0131yla<\/strong> yak\u0131n \u00e7al\u0131\u015fmay\u0131 gerektiren i\u015flerde b\u00fcy\u00fck kesintilere neden oldu. Bu nedenle ara\u015ft\u0131rmada, meslekleri, i\u015f s\u00fcre\u00e7lerinde ihtiya\u00e7 duyduklar\u0131 fiziksel etkile\u015fimlere g\u00f6re s\u0131ralayan yeni bir yakla\u015f\u0131m kullan\u0131ld\u0131. Ma\u011fazalardaki <strong>kasiyerler, restoranlardaki garsonlar, a\u015f\u00e7\u0131lar<\/strong> ve <strong>otellerdeki resepsiyon g\u00f6revlileri<\/strong> gibi fiziksel yak\u0131nl\u0131\u011f\u0131 daha y\u00fcksek i\u015flerin, m\u00fc\u015fteri ve i\u015f davran\u0131\u015f\u0131ndaki kal\u0131c\u0131 de\u011fi\u015fiklikler nedeniyle pandemiden sonra <strong>en b\u00fcy\u00fck de\u011fi\u015fimi ya\u015fayabilece\u011fi<\/strong> belirtiliyor.<\/p>\n<p><strong>&#8211; Uzaktan \u00e7al\u0131\u015fma kal\u0131c\u0131 hale geliyor:\u00a0<\/strong>MGI, \u015firketlerin h\u00e2lihaz\u0131rda hibrit uzaktan \u00e7al\u0131\u015fma modelleri tasarlad\u0131\u011f\u0131 geli\u015fmi\u015f ekonomilerdeki i\u015f\u00e7ilerin, yakla\u015f\u0131k olarak <strong>% 20<\/strong> ila <strong>25<\/strong>&#8216;inin i\u015flerini \u00e7o\u011fu zaman evden yapabilece\u011fini tahmin ediyor. Ofisleri kullanan \u00e7al\u0131\u015fan say\u0131s\u0131ndaki d\u00fc\u015f\u00fc\u015f; toplu ta\u015f\u0131ma ara\u00e7lar\u0131n\u0131n, ofis b\u00f6lgelerindeki restoranlar\u0131n ma\u011fazalar\u0131n kullan\u0131m oranlar\u0131n\u0131n da azalmas\u0131na neden olabilir.<\/p>\n<p><strong>&#8211; Ba\u011f\u0131ms\u0131z ve esnek \u00e7al\u0131\u015fanlar\u0131n oran\u0131n\u0131n artmas\u0131 bekleniyor:\u00a0<\/strong>Uzaktan \u00e7al\u0131\u015fman\u0131n kal\u0131c\u0131 hale gelmesinin, \u015firket b\u00fcnyesine girmeden d\u0131\u015far\u0131dan ba\u011f\u0131ms\u0131z \u00e7al\u0131\u015fanlar\u0131n say\u0131s\u0131n\u0131 da art\u0131rmas\u0131 bekleniyor. McKinsey taraf\u0131ndan <strong>Temmuz 2020<\/strong>&#8216;de yap\u0131lan bir ankete kat\u0131lan <strong>800<\/strong> k\u00fcresel y\u00f6neticinin yakla\u015f\u0131k <strong>% 70<\/strong>&#8216;i, \u00f6n\u00fcm\u00fczdeki <strong>2 y\u0131l<\/strong> i\u00e7inde projeler i\u00e7in daha fazla <strong>ba\u011f\u0131ms\u0131z i\u015f\u00e7i \u00e7al\u0131\u015ft\u0131rabileceklerini<\/strong> s\u00f6yledi.<\/p>\n<p><strong>&#8211; \u00c7al\u0131\u015fma co\u011frafyas\u0131nda de\u011fi\u015fim ya\u015fanabilir:\u00a0<\/strong>Uzaktan \u00e7al\u0131\u015fma uygulamas\u0131, sadece ofisleri etkilemiyor. Ayn\u0131 zamanda \u00e7al\u0131\u015fanlar\u0131n konut tercihinde de de\u011fi\u015fime neden oluyor. Pandemiden \u00f6nce, y\u00fcksek vas\u0131fl\u0131 \u00e7al\u0131\u015fanlar\u0131 kendilerine \u00e7eken d\u00fcnyan\u0131n en b\u00fcy\u00fck \u015fehirlerinin, bu g\u00fcc\u00fc azal\u0131yor. Dijital ara\u00e7larla kolayla\u015fan <strong>uzaktan \u00e7al\u0131\u015fma<\/strong>, \u00e7al\u0131\u015fanlar\u0131n herhangi bir yerde ya\u015famalar\u0131na ve \u015firketlerin daha geni\u015f \u00e7apta alanlardan <strong>i\u015fe al\u0131m yapmalar\u0131na imkan<\/strong> tan\u0131yor.<\/p>\n<p><strong>&#8211; \u0130\u015f seyahatleri azal\u0131yor:\u00a0<\/strong>Ofis kullan\u0131m\u0131ndaki de\u011fi\u015fimin yan\u0131 s\u0131ra \u00e7evrimi\u00e7i toplant\u0131lar\u0131n yayg\u0131nla\u015fmas\u0131yla i\u015f seyahatleri de azal\u0131yor. Raporda; sanal toplant\u0131lar\u0131n, i\u015f seyahatlerinin <strong>% 20<\/strong>&#8216;sinin yerini alabilece\u011fi \u00f6ng\u00f6r\u00fcs\u00fc payla\u015f\u0131l\u0131yor. Bu durumun; <strong>restoranlar, oteller<\/strong> ve <strong>havayollar\u0131<\/strong> i\u00e7in zincirleme etkilere sahip olaca\u011f\u0131na dikkat \u00e7ekiliyor.<\/p>\n<p><strong>&#8211; E-ticaret ve sanal i\u015flemler b\u00fcy\u00fcmesini s\u00fcrd\u00fcr\u00fcyor:\u00a0<\/strong>COVID-19 salg\u0131n\u0131, t\u00fcketicileri ve i\u015fletmeleri, h\u0131zla <strong>\u2018teslimat ekonomisine\u2019<\/strong> ge\u00e7meye zorlad\u0131. Bu d\u00f6nemde, d\u00fc\u015f\u00fck \u00fccretli i\u015flerin; perakende ma\u011fazalar\u0131ndan ve restoranlardan, depolara ve da\u011f\u0131t\u0131ma kayd\u0131\u011f\u0131 g\u00f6r\u00fcld\u00fc. E-ticaret <strong>2020<\/strong>&#8216;de, pandemi \u00f6ncesindeki yakla\u015f\u0131k <strong>5 y\u0131l\u0131n<\/strong> toplam\u0131 oran\u0131nda b\u00fcy\u00fcd\u00fc. <strong>\u00c7evrimi\u00e7i market al\u0131\u015fveri\u015fi, yemek da\u011f\u0131t\u0131m\u0131, bankac\u0131l\u0131k, tele t\u0131p<\/strong> ve <strong>dijital platformlar<\/strong>dan <strong>e\u011flence yay\u0131nc\u0131l\u0131\u011f\u0131<\/strong> artt\u0131. McKinsey anketlerine kat\u0131lan t\u00fcketicilerin <strong>% 50<\/strong> &#8211;<strong> 80<\/strong>&#8216;i, bu kanallar\u0131 kullanmaya devam edeceklerini s\u00f6yl\u00fcyor.<\/p>\n<p><strong>&#8211; Otomasyon ve yapay zekan\u0131n daha da y\u00fckselmesi bekleniyor:\u00a0<\/strong>\u015eirketler,<strong> i\u015f yeri yo\u011funlu\u011fu<\/strong>nu azaltmak ve talep art\u0131\u015flar\u0131yla ba\u015fa \u00e7\u0131kmak i\u00e7in <strong>otomasyonu<\/strong> ve <strong>yapay zek\u00e2y\u0131<\/strong> benimsemeye ba\u015flad\u0131. Bu alanda yat\u0131r\u0131mlar, ekonomi d\u00fczeldik\u00e7e h\u0131zlanabilir. \u015eirketler, \u00fcretim s\u00fcre\u00e7lerinde <strong>i\u015f\u00e7iler<\/strong> aras\u0131ndaki<strong> fiziksel mesafeyi<\/strong> art\u0131rmaya ve bununla birlikte talep art\u0131\u015flar\u0131na da ayak uydurmaya \u00e7al\u0131\u015ft\u0131klar\u0131 i\u00e7in; otomasyondaki en fazla b\u00fcy\u00fcmenin, i\u00e7 mekanda \u00fcretim yapan \u015firketlerde ve depolarda olmas\u0131 bekleniyor. <strong>McKinsey<\/strong>\u2019nin <strong>2020 Temmuz<\/strong> ay\u0131nda yapt\u0131\u011f\u0131 anket, y\u00f6neticilerin <strong>% 68<\/strong>&#8216;inin<strong> otomasyon<\/strong> ve <strong>yapay zek\u00e2y\u0131<\/strong> daha fazla kullanmay\u0131 planlad\u0131klar\u0131n\u0131 g\u00f6steriyor. \u00a0Ayr\u0131ca bu y\u00f6neticilerin b\u00fcy\u00fck bir k\u0131sm\u0131; dijital \u00e7al\u0131\u015fma ara\u00e7lar\u0131n\u0131n, <strong>e-ticaret platformlar\u0131<\/strong>n\u0131n ve dijital tedarik zinciri platformlar\u0131n\u0131n daha fazla kullan\u0131lmas\u0131n\u0131 beklediklerini belirtiyor.<\/p>\n<h2><strong>Sa\u011fl\u0131k sekt\u00f6r\u00fc ve STEM alanlar\u0131ndaki istihdam pay\u0131n\u0131n art\u0131\u015f\u0131n\u0131 s\u00fcrd\u00fcrece\u011fi tahmin ediliyor<\/strong><\/h2>\n<p>Pandemi \u00f6ncesiyle kar\u015f\u0131la\u015ft\u0131r\u0131ld\u0131\u011f\u0131nda, bu d\u00f6nemde harekete ge\u00e7en trendler, d\u00fc\u015f\u00fck \u00fccretli mesleklerde \u00e7ok daha b\u00fcy\u00fck i\u015f kay\u0131plar\u0131 yaratabilir. Bu durum, <strong>ula\u015f\u0131m<\/strong> ve <strong>teslimatta<\/strong> daha net i\u015f b\u00fcy\u00fcmesiyle k\u0131smen dengelenebilir. Raporda, de\u011fi\u015fimden en \u00e7ok etkilenecek kesimlerin; \u00fc<strong>niversite mezunu olmayanlar, kad\u0131nlar, etnik az\u0131nl\u0131klar<\/strong> ve <strong>gen\u00e7ler<\/strong> olabilece\u011fi belirtiliyor. <strong>Sa\u011fl\u0131k sekt\u00f6r\u00fc<\/strong> ve <strong>STEM<\/strong> (bilim, teknoloji, m\u00fchendislik ve matematik) alanlar\u0131ndaki <strong>y\u00fcksek \u00fccretli istihdam\u0131n<\/strong> pay\u0131n\u0131n ise artmaya devam etmesi \u00f6ng\u00f6r\u00fcl\u00fcyor.\u00a0Baz\u0131 \u00e7al\u0131\u015fanlar\u0131n, <strong>\u00f6zel beceriler<\/strong>, daha y\u00fcksek<strong> sosyo-duygusal kapasite<\/strong> gerektiren ve \u00e7ok daha <strong>y\u00fcksek \u00fccret dilimlerinde<\/strong> i\u015f bulmalar\u0131 m\u00fcmk\u00fcn olan alanlara ge\u00e7melerinin gerekece\u011fi vurgulan\u0131yor.<\/p>\n<h2><strong>McKinsey &amp; Company T\u00fcrkiye \u00dclke Direkt\u00f6r\u00fc Can Kendi:\u00a0<\/strong><strong>\u201c\u0130\u015fg\u00fcc\u00fcn\u00fcn, gelecekte ihtiya\u00e7 duyulacak becerileri acilen kazanmas\u0131 gerekiyor\u201d<\/strong><\/h2>\n<p><strong>McKinsey &amp; Company T\u00fcrkiye \u00dclke Direkt\u00f6r\u00fc Can Kendi<\/strong>\u00a0raporla ilgili yapt\u0131\u011f\u0131 a\u00e7\u0131klamada; \u201cPandemi, yaln\u0131zca gelecekteki <strong>meslek ge\u00e7i\u015flerini<\/strong> say\u0131sal olarak art\u0131rmakla kalm\u0131yor. Ayn\u0131 zamanda, \u00e7al\u0131\u015fanlara mevcut i\u015flerini s\u00fcrd\u00fcrebilmeleri i\u00e7in yeniden beceri kazand\u0131rma zorlu\u011funu ka\u00e7\u0131n\u0131lmaz hale getiriyor. 2020 Ocak ay\u0131nda yay\u0131nlad\u0131\u011f\u0131m\u0131z <strong>\u201c\u0130\u015fimizin Gelece\u011fi: Dijital \u00c7a\u011fda T\u00fcrkiye\u2019nin Yetenek D\u00f6n\u00fc\u015f\u00fcm\u00fc\u201d<\/strong> raporumuzda <strong>2030 y\u0131l\u0131nda<\/strong> beklenen \u00fclkemizdeki <strong>yetenek d\u00f6n\u00fc\u015f\u00fcm\u00fc<\/strong>n\u00fc detayl\u0131ca incelemi\u015ftik. Pandemi, raporumuzdaki \u00f6ng\u00f6r\u00fclerimizin birka\u00e7 sene \u00f6ne \u00e7ekilmesine sebep oldu. <strong>\u015eirketler, birlikler, kamu kurumlar\u0131, e\u011fitim kurumlar\u0131<\/strong> ve <strong>bireyler<\/strong> ba\u015fta olmak \u00fczere t\u00fcm payda\u015flar\u0131n i\u015fg\u00fcc\u00fcn\u00fcn gelecekte en \u00e7ok ihtiya\u00e7 duyaca\u011f\u0131 becerileri kazanmas\u0131na yard\u0131mc\u0131 olmak i\u00e7in harekete ge\u00e7mesi gerekti\u011fini d\u00fc\u015f\u00fcn\u00fcyoruz\u201d dedi.<\/p>\n<p>\u0130lgili raporlara a\u015fa\u011f\u0131daki linklerden ula\u015fabilirsiniz.<\/p>\n<p><a href=\"https:\/\/www.mckinsey.com\/~\/media\/McKinsey\/Featured%20Insights\/Future%20of%20Organizations\/The%20future%20of%20work%20after%20COVID%2019\/The-future-of-work%20after-COVID-19-Report-vF.pdf?shouldIndex=false\" target=\"_blank\" rel=\"nofollow noopener\">Future of Work after COVID 19 &gt;&gt;&gt;\u00a0<\/a><\/p>\n<p><a href=\"https:\/\/www.mckinsey.com\/~\/media\/McKinsey\/Featured%20Insights\/Future%20of%20Organizations\/The%20future%20of%20work%20after%20COVID%2019\/The-future-of-work-after-COVID-19-Executive-summary.pdf?shouldIndex=false\" target=\"_blank\" rel=\"nofollow noopener\">Future of Work after COVID 19 \u2013 Executive Summary &gt;&gt;&gt;<\/a><\/p>\n<p><a href=\"https:\/\/www.mckinsey.com\/tr\/~\/media\/McKinsey\/Locations\/Europe%20and%20Middle%20East\/Turkey\/Our%20Insights\/Future%20of%20Work%20Turkey\/Isimizin-Gelecegi-McKinsey-Turkiye-Yonetici-Ozeti-Raporu_Ocak-2020.pdf\" target=\"_blank\" rel=\"nofollow noopener\">\u0130\u015fimizin Gelece\u011fi: Dijital \u00c7a\u011fda T\u00fcrkiye\u2019nin Yetenek D\u00f6n\u00fc\u015f\u00fcm\u00fc &gt;&gt;&gt;<\/a><\/p>","protected":false},"excerpt":{"rendered":"<p>Sorry, this entry is only available in Turkish. For the sake of viewer convenience, the content is shown below in the alternative language. You may click the link to switch the active language. McKinsey Global Enstit\u00fcs\u00fc (MGI) taraf\u0131ndan\u00a0haz\u0131rlanan ve ge\u00e7ti\u011fimiz y\u0131l boyunca etkisini t\u00fcm d\u00fcnyada hissettiren pandemi d\u00f6nemi verilerinin kullan\u0131ld\u0131\u011f\u0131 rapora g\u00f6re; pandemiden \u00f6nce yap\u0131lan [&hellip;]<\/p>\n","protected":false},"author":1,"featured_media":130370,"comment_status":"open","ping_status":"open","sticky":false,"template":"","format":"standard","meta":[],"categories":[51,53,52,157],"tags":[70109,52259,34641,66908,87313,87314,57125],"views":86,"_links":{"self":[{"href":"https:\/\/www.enerjigazetesi.ist\/en\/wp-json\/wp\/v2\/posts\/130366"}],"collection":[{"href":"https:\/\/www.enerjigazetesi.ist\/en\/wp-json\/wp\/v2\/posts"}],"about":[{"href":"https:\/\/www.enerjigazetesi.ist\/en\/wp-json\/wp\/v2\/types\/post"}],"author":[{"embeddable":true,"href":"https:\/\/www.enerjigazetesi.ist\/en\/wp-json\/wp\/v2\/users\/1"}],"replies":[{"embeddable":true,"href":"https:\/\/www.enerjigazetesi.ist\/en\/wp-json\/wp\/v2\/comments?post=130366"}],"version-history":[{"count":0,"href":"https:\/\/www.enerjigazetesi.ist\/en\/wp-json\/wp\/v2\/posts\/130366\/revisions"}],"wp:featuredmedia":[{"embeddable":true,"href":"https:\/\/www.enerjigazetesi.ist\/en\/wp-json\/wp\/v2\/media\/130370"}],"wp:attachment":[{"href":"https:\/\/www.enerjigazetesi.ist\/en\/wp-json\/wp\/v2\/media?parent=130366"}],"wp:term":[{"taxonomy":"category","embeddable":true,"href":"https:\/\/www.enerjigazetesi.ist\/en\/wp-json\/wp\/v2\/categories?post=130366"},{"taxonomy":"post_tag","embeddable":true,"href":"https:\/\/www.enerjigazetesi.ist\/en\/wp-json\/wp\/v2\/tags?post=130366"}],"curies":[{"name":"wp","href":"https:\/\/api.w.org\/{rel}","templated":true}]}}