{"id":130355,"date":"2021-03-01T15:11:28","date_gmt":"2021-03-01T12:11:28","guid":{"rendered":"https:\/\/www.enerjigazetesi.ist\/?p=130355"},"modified":"2021-03-01T15:11:57","modified_gmt":"2021-03-01T12:11:57","slug":"artuklu-universitesinden-yenilenebilir-enerji-calistayina-cagri","status":"publish","type":"post","link":"https:\/\/www.enerjigazetesi.ist\/en\/artuklu-universitesinden-yenilenebilir-enerji-calistayina-cagri\/","title":{"rendered":"(Turkish) Artuklu \u00dcniversitesi\u2019nden Yenilenebilir Enerji \u00c7al\u0131\u015ftay\u0131na \u00c7a\u011fr\u0131!"},"content":{"rendered":"<p class=\"qtranxs-available-languages-message qtranxs-available-languages-message-en\">Sorry, this entry is only available in <a href=\"https:\/\/www.enerjigazetesi.ist\/tr\/wp-json\/wp\/v2\/posts\/130355\" class=\"qtranxs-available-language-link qtranxs-available-language-link-tr\" title=\"Turkish\">Turkish<\/a>. For the sake of viewer convenience, the content is shown below in the alternative language. You may click the link to switch the active language.<\/p><p><\/p>\n<h1 class=\"entry-spot\">Giri\u015fimci bir \u00fcniversite olma yolunda emin ad\u0131mlarla ilerleyen Mardin Artuklu \u00dcniversitesi, yenilenebilir enerji alan\u0131ndaki t\u00fcm ilgilileri bir araya getirerek bilgi ve deneyim payla\u015f\u0131m\u0131n\u0131n yap\u0131lmas\u0131 amac\u0131yla d\u00fczenleyece\u011fi \u201cYenilenebilir Enerji\u201d \u00e7al\u0131\u015ftay\u0131na ulusal ve uluslararas\u0131 bilim insan\u0131n\u0131n, kamu kurum yetkilisinin, \u00f6zel sekt\u00f6r ve sivil toplum temsilcilerinin kat\u0131l\u0131m g\u00f6stermesi \u00e7a\u011fr\u0131s\u0131nda bulundu.<\/h1>\n<p><strong>01-03 Mart 2021<\/strong>&#8216;de d\u00fczenlenecek \u00e7al\u0131\u015ftayda, ulusal ve uluslararas\u0131 d\u00fczeyde <strong>\u00f6nceliklerin<\/strong>, <strong>sorun<\/strong> ve <strong>ihtiya\u00e7lar\u0131n<\/strong> ve daha bir\u00e7ok konunun dile getirilmesininim arzuland\u0131\u011f\u0131 belirtildi.<\/p>\n<p><strong><img loading=\"lazy\" class=\"alignright wp-image-130357\" src=\"https:\/\/www.enerjigazetesi.ist\/wp-content\/uploads\/2021\/03\/artuklu-universitesi-nden-yenilenebilir-enerji-calistayi-na-cagri-2.jpg\" alt=\"\" width=\"340\" height=\"191\" srcset=\"https:\/\/www.enerjigazetesi.ist\/wp-content\/uploads\/2021\/03\/artuklu-universitesi-nden-yenilenebilir-enerji-calistayi-na-cagri-2.jpg 550w, https:\/\/www.enerjigazetesi.ist\/wp-content\/uploads\/2021\/03\/artuklu-universitesi-nden-yenilenebilir-enerji-calistayi-na-cagri-2-300x169.jpg 300w, https:\/\/www.enerjigazetesi.ist\/wp-content\/uploads\/2021\/03\/artuklu-universitesi-nden-yenilenebilir-enerji-calistayi-na-cagri-2-500x281.jpg 500w, https:\/\/www.enerjigazetesi.ist\/wp-content\/uploads\/2021\/03\/artuklu-universitesi-nden-yenilenebilir-enerji-calistayi-na-cagri-2-80x45.jpg 80w\" sizes=\"(max-width: 340px) 100vw, 340px\" \/>Yenilenebilir enerji kaynaklar\u0131<\/strong>n\u0131n di\u011fer t\u00fcrlere g\u00f6re yeni say\u0131labilecek bir alan olmas\u0131 nedeniyle bu alandaki bilgi ve deneyim payla\u015f\u0131m\u0131n\u0131n \u00f6nemine de\u011finen <strong>Mardin Artuklu \u00dcniversitesi<\/strong> Rekt\u00f6r\u00fc <strong>Prof. Dr.\u0130brahim \u00d6zco\u015far<\/strong>, \u015funlar\u0131<span style=\"text-decoration: underline;\"> dile getirdi:<\/span><\/p>\n<p><em>\u201cG\u00fcn\u00fcm\u00fcz d\u00fcnyas\u0131nda <strong>artan n\u00fcfus, h\u0131zl\u0131 kentle\u015fme<\/strong> ve end\u00fcstriyel \u00fcretimle birlikte enerji ihtiyac\u0131 h\u0131zla artmaktad\u0131r. Enerji ihtiyac\u0131n\u0131n <strong>k\u00f6m\u00fcr<\/strong> ve <strong>fosil yak\u0131tlar<\/strong> gibi geleneksel kaynaklardan sa\u011flanmas\u0131, bu kaynaklar\u0131n s\u0131n\u0131rl\u0131 olmas\u0131 yan\u0131nda maliyet ve \u00e7evre problemlerini de beraberinde getirmi\u015ftir. Bu ve benzeri nedenlerden dolay\u0131 <strong>yenilenebilir<\/strong> veya<strong> temiz enerji kaynaklar\u0131<\/strong> bir\u00e7ok \u00fclkenin y\u00f6neldi\u011fi ve yat\u0131r\u0131m yapt\u0131\u011f\u0131 bir alan haline gelmi\u015ftir.&#8221;<\/em><\/p>\n<p>Ba\u015fta <strong>T\u00fcrkiye\u2019nin<\/strong> de \u00fcyesi oldu\u011fu <strong>OECD \u00fclkeleri<\/strong> olmak \u00fczere bir\u00e7ok \u00fclkenin enerji politikalar\u0131nda de\u011fi\u015fikli\u011fe giderek <strong>yenilenebilir enerji kaynaklar\u0131n\u0131n \u00fcretimi<\/strong> ve <strong>kullan\u0131m\u0131n\u0131 te\u015fvik<\/strong> etmekte oldu\u011funa dikkat \u00e7eken \u00d6zco\u015far, \u00dclkemizin de son y\u0131llarda bu alanda yapt\u0131\u011f\u0131 <strong>yasal d\u00fczenlemeler<\/strong> ve <strong>yat\u0131r\u0131mlar<\/strong> ile <strong>yenilenebilir enerji kaynaklar\u0131<\/strong>n\u0131n \u00fcretimini ve <strong>kullan\u0131m\u0131n\u0131 te\u015fvik eder<\/strong> nitelikte hamleler yapt\u0131\u011f\u0131n\u0131 belirtti.<\/p>\n<p><strong>\u201cYenilenebilir Enerji\u201d \u00e7al\u0131\u015ftay\u0131<\/strong>n\u0131n online olarak yap\u0131laca\u011f\u0131n\u0131 belirten Mardin Artuklu \u00dcniversitesi Rekt\u00f6r Yard\u0131mc\u0131s\u0131 ve \u00c7al\u0131\u015ftay D\u00fczenleme Kurulu Ba\u015fkan\u0131\u00a0<strong>Prof. Dr. M. Cemal O\u011fuz<\/strong>; <strong>a\u00e7\u0131l\u0131\u015f konu\u015fmalar\u0131, genel oturumlar, sunumlar<\/strong> ve <strong>flash konu\u015fmalar<\/strong> ile etkile\u015fimli, <strong>canl\u0131<\/strong> ve <strong>verimli<\/strong> olacak \u00e7al\u0131\u015ftaya, \u00fclkemizdeki ve bir\u00e7ok \u00fclkeden<strong> bilim insan\u0131<\/strong>n\u0131n,<strong> kamu kurum yetkilisi<\/strong>nin, <strong>\u00f6zel sekt\u00f6r<\/strong> ve <strong>sivil toplum temsilcileri<\/strong>nin kat\u0131l\u0131m\u0131n\u0131 beklediklerini ifade etti.<\/p>","protected":false},"excerpt":{"rendered":"<p>Sorry, this entry is only available in Turkish. For the sake of viewer convenience, the content is shown below in the alternative language. You may click the link to switch the active language. Giri\u015fimci bir \u00fcniversite olma yolunda emin ad\u0131mlarla ilerleyen Mardin Artuklu \u00dcniversitesi, yenilenebilir enerji alan\u0131ndaki t\u00fcm ilgilileri bir araya getirerek bilgi ve deneyim [&hellip;]<\/p>\n","protected":false},"author":1,"featured_media":130357,"comment_status":"open","ping_status":"open","sticky":false,"template":"","format":"standard","meta":[],"categories":[51,53],"tags":[87303,5070,52259,87302,87304,40153,54979],"views":77,"_links":{"self":[{"href":"https:\/\/www.enerjigazetesi.ist\/en\/wp-json\/wp\/v2\/posts\/130355"}],"collection":[{"href":"https:\/\/www.enerjigazetesi.ist\/en\/wp-json\/wp\/v2\/posts"}],"about":[{"href":"https:\/\/www.enerjigazetesi.ist\/en\/wp-json\/wp\/v2\/types\/post"}],"author":[{"embeddable":true,"href":"https:\/\/www.enerjigazetesi.ist\/en\/wp-json\/wp\/v2\/users\/1"}],"replies":[{"embeddable":true,"href":"https:\/\/www.enerjigazetesi.ist\/en\/wp-json\/wp\/v2\/comments?post=130355"}],"version-history":[{"count":0,"href":"https:\/\/www.enerjigazetesi.ist\/en\/wp-json\/wp\/v2\/posts\/130355\/revisions"}],"wp:featuredmedia":[{"embeddable":true,"href":"https:\/\/www.enerjigazetesi.ist\/en\/wp-json\/wp\/v2\/media\/130357"}],"wp:attachment":[{"href":"https:\/\/www.enerjigazetesi.ist\/en\/wp-json\/wp\/v2\/media?parent=130355"}],"wp:term":[{"taxonomy":"category","embeddable":true,"href":"https:\/\/www.enerjigazetesi.ist\/en\/wp-json\/wp\/v2\/categories?post=130355"},{"taxonomy":"post_tag","embeddable":true,"href":"https:\/\/www.enerjigazetesi.ist\/en\/wp-json\/wp\/v2\/tags?post=130355"}],"curies":[{"name":"wp","href":"https:\/\/api.w.org\/{rel}","templated":true}]}}