{"id":13033,"date":"2013-07-14T23:02:20","date_gmt":"2013-07-14T20:02:20","guid":{"rendered":"https:\/\/www.enerjigazetesi.ist\/?p=13033"},"modified":"2013-07-14T23:02:20","modified_gmt":"2013-07-14T20:02:20","slug":"kuzey-irakin-elektrigi-turkiyeden-karsilanacak","status":"publish","type":"post","link":"https:\/\/www.enerjigazetesi.ist\/en\/kuzey-irakin-elektrigi-turkiyeden-karsilanacak\/","title":{"rendered":"(Turkish) Kuzey Irak\u2019\u0131n Elektri\u011fi T\u00fcrkiye\u2019den Kar\u015f\u0131lanacak"},"content":{"rendered":"<p class=\"qtranxs-available-languages-message qtranxs-available-languages-message-en\">Sorry, this entry is only available in <a href=\"https:\/\/www.enerjigazetesi.ist\/tr\/wp-json\/wp\/v2\/posts\/13033\" class=\"qtranxs-available-language-link qtranxs-available-language-link-tr\" title=\"Turkish\">Turkish<\/a>. For the sake of viewer convenience, the content is shown below in the alternative language. You may click the link to switch the active language.<\/p><p><strong>Irak K\u00fcrt B\u00f6lgesel Y\u00f6netimi (IKBY) Elektrik Bakan\u0131 Yasin Ebubekir, \u201cK\u00fcrt b\u00f6lgesinin elektrik ihtiyac\u0131n\u0131 kar\u015f\u0131lamak i\u00e7in T\u00fcrkiye\u2019den bir \u015firketle anla\u015ft\u0131k\u201d dedi.<a href=\"https:\/\/www.enerjigazetesi.ist\/wp-content\/uploads\/2013\/04\/elektrik-2-HI-775316.jpg\"><img loading=\"lazy\" class=\"alignright size-medium wp-image-10340\" title=\"kuzey-irak-in-elektrigi-turkiyeden-karsilanacak\" src=\"https:\/\/www.enerjigazetesi.ist\/wp-content\/uploads\/2013\/04\/elektrik-2-HI-775316-300x215.jpg\" alt=\"\" width=\"300\" height=\"215\" srcset=\"https:\/\/www.enerjigazetesi.ist\/wp-content\/uploads\/2013\/04\/elektrik-2-HI-775316-300x215.jpg 300w, https:\/\/www.enerjigazetesi.ist\/wp-content\/uploads\/2013\/04\/elektrik-2-HI-775316-500x358.jpg 500w, https:\/\/www.enerjigazetesi.ist\/wp-content\/uploads\/2013\/04\/elektrik-2-HI-775316-69x50.jpg 69w, https:\/\/www.enerjigazetesi.ist\/wp-content\/uploads\/2013\/04\/elektrik-2-HI-775316.jpg 692w\" sizes=\"(max-width: 300px) 100vw, 300px\" \/><\/a><\/strong><\/p>\n<p>Yasin Ebubekir, yapt\u0131\u011f\u0131 a\u00e7\u0131klamada, daha \u00f6nce Irak Elektrik Bakanl\u0131\u011f\u0131\u2019n\u0131n T\u00fcrkiye ile yapt\u0131\u011f\u0131 anla\u015fmas\u0131n\u0131n yenilenmemesi \u00fczerine K\u00fcrt b\u00f6lgesinin elektrik ihtiyac\u0131n\u0131 kar\u015f\u0131lamak i\u00e7in firmalarla konu\u015ftuklar\u0131n\u0131 belirterek, \u201cT\u00fcrkiye\u2019den bir \u015firketle \u015fu an i\u00e7in 150 megavatl\u0131k bir anla\u015fma yapt\u0131k. Gerekti\u011finde anla\u015fmay\u0131 yenileyerek kapasitesini art\u0131rabilece\u011fiz\u201d diye konu\u015ftu.<\/p>\n<p>T\u00fcrkiye\u2019den gelen elektri\u011fin Zaho\u2019da bulunan 300 megawatl\u0131k elektrik santrali \u00fczerinden b\u00f6lgeye da\u011f\u0131t\u0131laca\u011f\u0131n\u0131 aktaran Ebubekir, \u201cVilayetlerde elektrik tesis a\u011flar\u0131n\u0131 \u00e7o\u011falt\u0131p gerekli olan elektrik ihtiyac\u0131n\u0131 hem K\u00fcrt b\u00f6lgesine hem de Musul\u2019a aktarabilece\u011fiz.<\/p>\n<p>Bu konu hakk\u0131nda ve \u00f6zellikle Musul\u2019un elektrik sorunu i\u00e7in hem Musul Valisi ve hem de T\u00fcrkiye\u2019den yetkililer ile toplant\u0131lar yapt\u0131k. T\u00fcm \u00e7abalar\u0131m\u0131za kar\u015f\u0131n istedi\u011fimiz \u00f6l\u00e7\u00fcde kapasiteyi \u015fimdilik artt\u0131ramad\u0131k ancak bu y\u00f6ndeki \u00e7abalar\u0131m\u0131z s\u00fcr\u00fcyor\u201d ifadesini kulland\u0131.<\/p>\n<p>Kaynak: <a href=\"http:\/\/enerjienstitusu.com\/2013\/07\/10\/kuzey-irakin-elektrigi-turkiyeden-karsilanacak\/\" target=\"_blank\">Enerji Enstit\u00fcs\u00fc<\/a><\/p>","protected":false},"excerpt":{"rendered":"<p>Sorry, this entry is only available in Turkish. For the sake of viewer convenience, the content is shown below in the alternative language. You may click the link to switch the active language.Irak K\u00fcrt B\u00f6lgesel Y\u00f6netimi (IKBY) Elektrik Bakan\u0131 Yasin Ebubekir, \u201cK\u00fcrt b\u00f6lgesinin elektrik ihtiyac\u0131n\u0131 kar\u015f\u0131lamak i\u00e7in T\u00fcrkiye\u2019den bir \u015firketle anla\u015ft\u0131k\u201d dedi. Yasin Ebubekir, yapt\u0131\u011f\u0131 [&hellip;]<\/p>\n","protected":false},"author":1,"featured_media":10340,"comment_status":"open","ping_status":"open","sticky":false,"template":"","format":"standard","meta":[],"categories":[51,53],"tags":[68,1478,2479,63,67,165,3072,4332,945,846],"views":716,"_links":{"self":[{"href":"https:\/\/www.enerjigazetesi.ist\/en\/wp-json\/wp\/v2\/posts\/13033"}],"collection":[{"href":"https:\/\/www.enerjigazetesi.ist\/en\/wp-json\/wp\/v2\/posts"}],"about":[{"href":"https:\/\/www.enerjigazetesi.ist\/en\/wp-json\/wp\/v2\/types\/post"}],"author":[{"embeddable":true,"href":"https:\/\/www.enerjigazetesi.ist\/en\/wp-json\/wp\/v2\/users\/1"}],"replies":[{"embeddable":true,"href":"https:\/\/www.enerjigazetesi.ist\/en\/wp-json\/wp\/v2\/comments?post=13033"}],"version-history":[{"count":2,"href":"https:\/\/www.enerjigazetesi.ist\/en\/wp-json\/wp\/v2\/posts\/13033\/revisions"}],"predecessor-version":[{"id":13035,"href":"https:\/\/www.enerjigazetesi.ist\/en\/wp-json\/wp\/v2\/posts\/13033\/revisions\/13035"}],"wp:featuredmedia":[{"embeddable":true,"href":"https:\/\/www.enerjigazetesi.ist\/en\/wp-json\/wp\/v2\/media\/10340"}],"wp:attachment":[{"href":"https:\/\/www.enerjigazetesi.ist\/en\/wp-json\/wp\/v2\/media?parent=13033"}],"wp:term":[{"taxonomy":"category","embeddable":true,"href":"https:\/\/www.enerjigazetesi.ist\/en\/wp-json\/wp\/v2\/categories?post=13033"},{"taxonomy":"post_tag","embeddable":true,"href":"https:\/\/www.enerjigazetesi.ist\/en\/wp-json\/wp\/v2\/tags?post=13033"}],"curies":[{"name":"wp","href":"https:\/\/api.w.org\/{rel}","templated":true}]}}