{"id":130281,"date":"2021-02-28T21:15:44","date_gmt":"2021-02-28T18:15:44","guid":{"rendered":"https:\/\/www.enerjigazetesi.ist\/?p=130281"},"modified":"2021-02-28T21:17:48","modified_gmt":"2021-02-28T18:17:48","slug":"avrupa-da-kurulu-ruzgar-gucu-bakimindan-turkiye-7inci-sirada-yer-aliyor","status":"publish","type":"post","link":"https:\/\/www.enerjigazetesi.ist\/en\/avrupa-da-kurulu-ruzgar-gucu-bakimindan-turkiye-7inci-sirada-yer-aliyor\/","title":{"rendered":"(Turkish) Avrupa\u2019da Kurulu R\u00fczgar G\u00fcc\u00fc Bak\u0131m\u0131ndan &#8216;T\u00fcrkiye&#8217; 7&#8217;inci S\u0131rada Yer Al\u0131yor!"},"content":{"rendered":"<p class=\"qtranxs-available-languages-message qtranxs-available-languages-message-en\">Sorry, this entry is only available in <a href=\"https:\/\/www.enerjigazetesi.ist\/tr\/wp-json\/wp\/v2\/posts\/130281\" class=\"qtranxs-available-language-link qtranxs-available-language-link-tr\" title=\"Turkish\">Turkish<\/a>. For the sake of viewer convenience, the content is shown below in the alternative language. You may click the link to switch the active language.<\/p><p><\/p>\n<h1><strong>Avrupa R\u00fczgar Enerjisi Birli\u011fi (WindEurope) 2020 raporuna g\u00f6re, AB \u00fclkeleri ge\u00e7ti\u011fimiz y\u0131l elektrik ihtiya\u00e7lar\u0131n\u0131n %16\u2019s\u0131n\u0131 r\u00fczgar enerjisinden elde etti. T\u00fcrkiye\u2019nin r\u00fczgar enerjisinden elde etti\u011fi elektrik \u00fcretimi ise 2020\u2019de art\u0131\u015f g\u00f6stererek %9\u2019a yakla\u015ft\u0131. 2020 y\u0131l\u0131nda T\u00fcrkiye\u2019de yeni 1.224 MW kurulu r\u00fczgar enerjisi g\u00fcc\u00fc devreye al\u0131n\u0131rken potansiyel r\u00fczgar enerjisinin hen\u00fcz 5\u2019te 1\u2019ine eri\u015fen T\u00fcrkiye gelecek y\u0131llarda r\u00fczgar \u00fclkesi olarak an\u0131lacak.<\/strong><\/h1>\n<p><strong>WindEurope<\/strong> taraf\u0131ndan <strong>Avrupa Birli\u011fi<\/strong> ve \u00e7evre \u00fclkelerinde yap\u0131lan <strong>Avrupa R\u00fczgar Enerjisi <img loading=\"lazy\" class=\"alignright wp-image-130284\" src=\"https:\/\/www.enerjigazetesi.ist\/wp-content\/uploads\/2021\/02\/avrupa-da-kurulu-ruzgar-gucu-bakimindan-turkiye-7inci-sirada-yer-aliyor-1.jpg\" alt=\"\" width=\"340\" height=\"227\" srcset=\"https:\/\/www.enerjigazetesi.ist\/wp-content\/uploads\/2021\/02\/avrupa-da-kurulu-ruzgar-gucu-bakimindan-turkiye-7inci-sirada-yer-aliyor-1.jpg 640w, https:\/\/www.enerjigazetesi.ist\/wp-content\/uploads\/2021\/02\/avrupa-da-kurulu-ruzgar-gucu-bakimindan-turkiye-7inci-sirada-yer-aliyor-1-300x200.jpg 300w, https:\/\/www.enerjigazetesi.ist\/wp-content\/uploads\/2021\/02\/avrupa-da-kurulu-ruzgar-gucu-bakimindan-turkiye-7inci-sirada-yer-aliyor-1-500x334.jpg 500w, https:\/\/www.enerjigazetesi.ist\/wp-content\/uploads\/2021\/02\/avrupa-da-kurulu-ruzgar-gucu-bakimindan-turkiye-7inci-sirada-yer-aliyor-1-75x50.jpg 75w, https:\/\/www.enerjigazetesi.ist\/wp-content\/uploads\/2021\/02\/avrupa-da-kurulu-ruzgar-gucu-bakimindan-turkiye-7inci-sirada-yer-aliyor-1-450x300.jpg 450w\" sizes=\"(max-width: 340px) 100vw, 340px\" \/>ara\u015ft\u0131rmas\u0131<\/strong>n\u0131n<strong> 2020 raporu<\/strong> yay\u0131nland\u0131. Ara\u015ft\u0131rmada <strong>AB \u00fclkeleri<\/strong>nin ge\u00e7en y\u0131l elektrik ihtiya\u00e7lar\u0131n\u0131n <strong>%16<\/strong>\u2019s\u0131n\u0131 r\u00fczgar enerjisinden elde etti\u011fi raporland\u0131. <strong>Pandeminin zorlu \u015fartlar\u0131na<\/strong> ra\u011fmen <strong>2020<\/strong>\u2019de <strong>1,2 GW<\/strong> kurulum ger\u00e7ekle\u015ftiren T\u00fcrkiye ise elektrik ihtiyac\u0131n\u0131n y\u0131l toplam\u0131nda <strong>%8,44<\/strong>\u2019\u00fcn\u00fc r\u00fczgar enerjisinden kar\u015f\u0131lad\u0131. Avrupa\u2019da <strong>kurulu r\u00fczgar g\u00fcc\u00fc<\/strong> bak\u0131m\u0131ndan<strong> 7&#8217;inci s\u0131radaki\u00a0<\/strong>konumunu koruyan T\u00fcrkiye\u2019nin r\u00fczgar arenas\u0131nda kendinden emin bir \u015fekilde geli\u015fme kaydetti\u011fini aktaran <strong>\u00dclke Enerji<\/strong> Genel M\u00fcd\u00fcr\u00fc <strong>Ali Ayd\u0131n<\/strong>,<strong> 2020<\/strong> y\u0131l\u0131nda Avrupa\u2019da devreye al\u0131nan <strong>kurulu r\u00fczgar enerjisi g\u00fcc\u00fc<\/strong>nde T\u00fcrkiye\u2019nin <strong>6&#8217;\u0131nc\u0131 s\u0131rada<\/strong> oldu\u011funa da dikkat \u00e7ekiyor.<\/p>\n<h2><strong>2020\u2019de Avrupa\u2019da Yakla\u015f\u0131k 15 GW R\u00fczgar Enerjisi Kuruldu<\/strong><\/h2>\n<p>Avrupa\u2019da, ge\u00e7en y\u0131l <strong>14,7 GW<\/strong> kapasitede yeni r\u00fczgar enerjisi santrali kuruldu. Yeni kurulumlarla birlikte Avrupa <strong>220 GW<\/strong> kurulu r\u00fczgar g\u00fcc\u00fcne ula\u015ft\u0131. Yeni devreye al\u0131nan <strong>r\u00fczgar \u00e7iftlikleri<\/strong>nin kapasitesinde <strong>2019<\/strong>\u2019a k\u0131yasla <strong>% 6<\/strong> oran\u0131nda d\u00fc\u015f\u00fc\u015f g\u00f6steren Avrupa\u2019n\u0131n <strong>COVID-19 salg\u0131n\u0131<\/strong> kar\u015f\u0131s\u0131nda yara ald\u0131\u011f\u0131 g\u00f6r\u00fcl\u00fcyor. Ge\u00e7en y\u0131l Avrupa&#8217;daki t\u00fcm elektrik ihtiyac\u0131n\u0131n <strong>%16<\/strong>\u2019s\u0131n\u0131 r\u00fczgar enerjisi kar\u015f\u0131larken, T\u00fcrkiye ise yakla\u015f\u0131k <strong>10 milyon<\/strong> hanenin elektrik ihtiyac\u0131n\u0131 r\u00fczgar enerjisinden temin etti. Pandeminin \u015fartlar\u0131na ba\u011fl\u0131 olarak T\u00fcrkiye\u2019nin 2020 y\u0131l\u0131ndaki<strong> r\u00fczgar enerjisi yat\u0131r\u0131mlar\u0131<\/strong>n\u0131n y\u00fcksek oldu\u011funa dikkat \u00e7eken Ali Ayd\u0131n\u2019a g\u00f6re, yap\u0131lan yat\u0131r\u0131mlar ve g\u00f6sterilen \u00fcst\u00fcn gayretlerle T\u00fcrkiye\u2019nin <strong>2025 y\u0131l\u0131na<\/strong> kadar <strong>kurulu r\u00fczgar enerjisi g\u00fcc\u00fc<\/strong>nde <strong>20 GW<\/strong>\u2019ye ula\u015fabilece\u011fini belirtti.<\/p>\n<h2><strong>T\u00fcrk R\u00fczgar\u0131 Esmeye Devam Ediyor<\/strong><\/h2>\n<p>WindEurope\u2019nin yay\u0131nlad\u0131\u011f\u0131 rapora g\u00f6re, Avrupa&#8217;daki kurulu r\u00fczgar enerjisi g\u00fcc\u00fc <strong>220 GW<\/strong> iken, kara r\u00fczgar\u0131 kurulu g\u00fcc\u00fc yakla\u015f\u0131k <strong>195 GW<\/strong>, a\u00e7\u0131k deniz r\u00fczgar\u0131 kurulu g\u00fcc\u00fc ise <strong>25 GW<\/strong> durumunda. Almanya <strong>55 GW<\/strong>, \u0130spanya<strong> 27 GW<\/strong>, \u0130ngiltere <strong>14 GW<\/strong>, Fransa<strong> 18 GW<\/strong> ve \u0130talya <strong>11 GW<\/strong> kara r\u00fczgar\u0131 g\u00fcc\u00fcne sahip. T\u00fcrkiye\u2019nin \u00f6n\u00fcnde bulunan \u0130sve\u00e7<strong> 9,8 GW<\/strong> kurulu g\u00fcce sahipken, Avrupa genelinde s\u0131ralamas\u0131n\u0131 koruyarak<strong> 7&#8217;inci s\u0131rada<\/strong> bulunan T\u00fcrkiye\u2019nin sahip oldu\u011fu kurulu kara r\u00fczgar\u0131 enerji g\u00fcc\u00fc ise <strong>1.224 MW<\/strong> art\u0131\u015fla <strong>9.305 MW<\/strong> oldu. Raporda \u00f6zellikle T\u00fcrkiye\u2019nin <strong>pandemi<\/strong> ve <strong>k\u0131s\u0131tlamalara<\/strong> ra\u011fmen b\u00fcy\u00fck oranda s\u0131\u00e7rama g\u00f6stermesinin ve <strong>2020 y\u0131l\u0131nda<\/strong> en \u00e7ok kurulum ger\u00e7ekle\u015ftiren <strong>6&#8217;\u0131nc\u0131 \u00fclke olmas\u0131<\/strong>n\u0131n olumlu g\u00f6r\u00fcld\u00fc\u011f\u00fcne dikkat \u00e7eken Ali Ayd\u0131n, r\u00fczgar enerjisinde T\u00fcrkiye\u2019nin parlayan bir y\u0131ld\u0131z oldu\u011funu dile getiriyor. Bunlara ek olarak da Ayd\u0131n, sekt\u00f6rde <strong>YEKDEM deste\u011fi<\/strong>nin getirdi\u011fi yeni soluk sayesinde <strong>2021 y\u0131l\u0131nda<\/strong> kurulacak santrallerin T\u00fcrkiye\u2019yi s\u0131ralamada yukar\u0131lara ta\u015f\u0131yaca\u011f\u0131ndan emin olduklar\u0131n\u0131n alt\u0131n\u0131 \u00e7iziyor.<\/p>\n<h2><strong>5 Y\u0131ll\u0131k Projeksiyonda T\u00fcrkiye B\u00fcy\u00fck S\u0131\u00e7rama Yapacak<\/strong><\/h2>\n<p>Raporda en dikkat \u00e7eken noktalardan biri de Avrupa\u2019n\u0131n gelecek <strong>5 y\u0131ll\u0131k r\u00fczgar enerjisi<\/strong>ne dair belirtilen \u00f6ng\u00f6r\u00fcler. \u00d6n\u00fcm\u00fczdeki <strong>5 y\u0131l<\/strong> i\u00e7inde yakla\u015f\u0131k <strong>105 GW<\/strong> yeni r\u00fczgar enerjisi kapasitesinin kurulaca\u011f\u0131n\u0131 \u00f6ng\u00f6ren raporda,<strong> \u0130ngiltere<\/strong>\u2019nin en fazla kurulumu ger\u00e7ekle\u015ftirece\u011fi, T\u00fcrkiye\u2019nin ise yakla\u015f\u0131k <strong>20 GW<\/strong>\u2019ye ula\u015faca\u011f\u0131 tahmin ediliyor. Potansiyel r\u00fczgar enerjisi g\u00fcc\u00fcn\u00fcn T\u00fcrkiye\u2019de yakla\u015f\u0131k <strong>48 GW<\/strong> oldu\u011funa dikkat \u00e7eken <strong>Ali Ayd\u0131n<\/strong>, hedeflere ula\u015fmada do\u011fru planlamalar\u0131n ve gayretli \u00e7al\u0131\u015fmalar\u0131n ba\u015far\u0131y\u0131 getirece\u011fini ve <strong>T\u00fcrkiye<\/strong>\u2019nin <strong>r\u00fczgar enerjisi sekt\u00f6r\u00fc<\/strong>n\u00fcn her alan\u0131nda <strong>marka \u00fclke olabilmesi<\/strong> i\u00e7in uygun \u015fartlara sahip olmas\u0131 gerekti\u011fini vurguluyor.<\/p>","protected":false},"excerpt":{"rendered":"<p>Sorry, this entry is only available in Turkish. For the sake of viewer convenience, the content is shown below in the alternative language. You may click the link to switch the active language. Avrupa R\u00fczgar Enerjisi Birli\u011fi (WindEurope) 2020 raporuna g\u00f6re, AB \u00fclkeleri ge\u00e7ti\u011fimiz y\u0131l elektrik ihtiya\u00e7lar\u0131n\u0131n %16\u2019s\u0131n\u0131 r\u00fczgar enerjisinden elde etti. T\u00fcrkiye\u2019nin r\u00fczgar enerjisinden [&hellip;]<\/p>\n","protected":false},"author":1,"featured_media":130283,"comment_status":"open","ping_status":"open","sticky":false,"template":"","format":"standard","meta":[],"categories":[51,53,50],"tags":[67951,67277,5070,52259,35002,49249,53282,4013,54979,50542],"views":112,"_links":{"self":[{"href":"https:\/\/www.enerjigazetesi.ist\/en\/wp-json\/wp\/v2\/posts\/130281"}],"collection":[{"href":"https:\/\/www.enerjigazetesi.ist\/en\/wp-json\/wp\/v2\/posts"}],"about":[{"href":"https:\/\/www.enerjigazetesi.ist\/en\/wp-json\/wp\/v2\/types\/post"}],"author":[{"embeddable":true,"href":"https:\/\/www.enerjigazetesi.ist\/en\/wp-json\/wp\/v2\/users\/1"}],"replies":[{"embeddable":true,"href":"https:\/\/www.enerjigazetesi.ist\/en\/wp-json\/wp\/v2\/comments?post=130281"}],"version-history":[{"count":0,"href":"https:\/\/www.enerjigazetesi.ist\/en\/wp-json\/wp\/v2\/posts\/130281\/revisions"}],"wp:featuredmedia":[{"embeddable":true,"href":"https:\/\/www.enerjigazetesi.ist\/en\/wp-json\/wp\/v2\/media\/130283"}],"wp:attachment":[{"href":"https:\/\/www.enerjigazetesi.ist\/en\/wp-json\/wp\/v2\/media?parent=130281"}],"wp:term":[{"taxonomy":"category","embeddable":true,"href":"https:\/\/www.enerjigazetesi.ist\/en\/wp-json\/wp\/v2\/categories?post=130281"},{"taxonomy":"post_tag","embeddable":true,"href":"https:\/\/www.enerjigazetesi.ist\/en\/wp-json\/wp\/v2\/tags?post=130281"}],"curies":[{"name":"wp","href":"https:\/\/api.w.org\/{rel}","templated":true}]}}