{"id":130246,"date":"2021-02-28T03:03:29","date_gmt":"2021-02-28T00:03:29","guid":{"rendered":"https:\/\/www.enerjigazetesi.ist\/?p=130246"},"modified":"2021-02-28T03:04:55","modified_gmt":"2021-02-28T00:04:55","slug":"turkiye-dongusel-ekonomi-haftasi-01-05-mart-ta-cevrimici-duzenleniyor","status":"publish","type":"post","link":"https:\/\/www.enerjigazetesi.ist\/en\/turkiye-dongusel-ekonomi-haftasi-01-05-mart-ta-cevrimici-duzenleniyor\/","title":{"rendered":"(Turkish) &#8217;T\u00fcrkiye D\u00f6ng\u00fcsel Ekonomi Haftas\u0131&#8217; 01-05 Mart&#8217;ta \u00c7evrimi\u00e7i D\u00fczenleniyor!"},"content":{"rendered":"<p class=\"qtranxs-available-languages-message qtranxs-available-languages-message-en\">Sorry, this entry is only available in <a href=\"https:\/\/www.enerjigazetesi.ist\/tr\/wp-json\/wp\/v2\/posts\/130246\" class=\"qtranxs-available-language-link qtranxs-available-language-link-tr\" title=\"Turkish\">Turkish<\/a>. For the sake of viewer convenience, the content is shown below in the alternative language. You may click the link to switch the active language.<\/p><p><\/p>\n<h1><strong>\u0130\u015f D\u00fcnyas\u0131 ve S\u00fcrd\u00fcr\u00fclebilir Kalk\u0131nma Derne\u011fi (SKD T\u00fcrkiye)<\/strong>\u2019nin, Hedefler i\u00e7in \u0130\u015f D\u00fcnyas\u0131 Platformu (B4G)\u00a0ve DCube D\u00f6ng\u00fcsel Ekonomi Platformu (DCube)<strong>\u00a0<\/strong>i\u015f birli\u011fiyle d\u00fczenledi\u011fi <em>D\u00f6ng\u00fcsel Ekonomi Haftas\u0131<\/em> <strong>01-05 Mart 2021<\/strong> tarihleri aras\u0131nda <strong>\u00e7evrimi\u00e7i<\/strong> olarak ger\u00e7ekle\u015fecek. Etkinlikle,\u00a0\u00e7a\u011f\u0131m\u0131z\u0131n kaynak s\u00fcrd\u00fcr\u00fclebilirli\u011fi ihtiyac\u0131na k\u00fcresel, b\u00f6lgesel ve ulusal d\u00fczeyde al\u0131nan \u00f6nlemler ve ger\u00e7ekle\u015ftirilen m\u00fcdahalelere katk\u0131 sa\u011flanmas\u0131 ama\u00e7lan\u0131yor.<\/h1>\n<p><strong>T\u00fcrkiye D\u00f6ng\u00fcsel Ekonomi Haftas\u0131<\/strong>\u00a0Avrupa\u2019da da ger\u00e7ekle\u015ftirilen benzer haftalar \u00f6l\u00e7e\u011findeki ilk ulusal etkinlik niteli\u011finde olacak. Hafta boyunca, <strong>S\u00fcrd\u00fcr\u00fclebilir Kalk\u0131nma Ama\u00e7lar\u0131, AB D\u00f6ng\u00fcsel Ekonomi Eylem Plan\u0131, Ye\u015fil Mutabakat, S\u0131n\u0131rda Karbon D\u00fczenlemesi, D\u00f6ng\u00fcsel Ekonomi \u00c7\u00f6z\u00fcmleri, Sekt\u00f6rel Yakla\u015f\u0131mlar, D\u00f6ng\u00fcsel Ekonomi \u0130novasyonu, D\u00f6ng\u00fcsel<img loading=\"lazy\" class=\"alignright wp-image-130248\" src=\"https:\/\/www.enerjigazetesi.ist\/wp-content\/uploads\/2021\/02\/turkiye-dongusel-ekonomi-haftasi-01-05-mart-ta-cevrimici-duzenleniyor.jpg\" alt=\"\" width=\"340\" height=\"254\" srcset=\"https:\/\/www.enerjigazetesi.ist\/wp-content\/uploads\/2021\/02\/turkiye-dongusel-ekonomi-haftasi-01-05-mart-ta-cevrimici-duzenleniyor.jpg 776w, https:\/\/www.enerjigazetesi.ist\/wp-content\/uploads\/2021\/02\/turkiye-dongusel-ekonomi-haftasi-01-05-mart-ta-cevrimici-duzenleniyor-300x224.jpg 300w, https:\/\/www.enerjigazetesi.ist\/wp-content\/uploads\/2021\/02\/turkiye-dongusel-ekonomi-haftasi-01-05-mart-ta-cevrimici-duzenleniyor-768x573.jpg 768w, https:\/\/www.enerjigazetesi.ist\/wp-content\/uploads\/2021\/02\/turkiye-dongusel-ekonomi-haftasi-01-05-mart-ta-cevrimici-duzenleniyor-500x373.jpg 500w, https:\/\/www.enerjigazetesi.ist\/wp-content\/uploads\/2021\/02\/turkiye-dongusel-ekonomi-haftasi-01-05-mart-ta-cevrimici-duzenleniyor-67x50.jpg 67w\" sizes=\"(max-width: 340px) 100vw, 340px\" \/> Ekonomi Finansman\u0131<\/strong> gibi ana ba\u015fl\u0131klar \u00e7e\u015fitli \u00fclkelerdeki <strong>uzman<\/strong> ve <strong>i\u015f d\u00fcnyas\u0131 temsilcileri<\/strong>nin bak\u0131\u015f a\u00e7\u0131lar\u0131 ile de\u011ferlendirilecek.<\/p>\n<p><strong>D\u00f6ng\u00fcsel Ekonomi Haftas\u0131<\/strong>\u2019n\u0131n ilk g\u00fcnk\u00fc oturumunun a\u00e7\u0131l\u0131\u015f konu\u015fmas\u0131n\u0131 Hedefler \u0130\u00e7in \u0130\u015f D\u00fcnyas\u0131 Platformu Ba\u015fkan\u0131 <strong>\u00dcmit Boyner<\/strong> yapacak. \u0130lk g\u00fcn\u00fcn ana konu\u015fmac\u0131lar\u0131 ise Ticaret Bakan Yard\u0131mc\u0131s\u0131 <strong>Gonca Y\u0131lmaz Batur<\/strong> ve UNDP T\u00fcrkiye Mukim Temsilcisi <strong>Claudio Tomasi.\u00a0<\/strong><\/p>\n<p>Etkinli\u011fin ilk g\u00fcn\u00fcnde<strong> \u201c\u0130\u015fletmeler i\u00e7in D\u00f6ng\u00fcsel Ekonomi\u201d<\/strong> lansman\u0131 Hedefler i\u00e7in \u0130\u015f D\u00fcnyas\u0131 Ba\u015fkan Yard\u0131mc\u0131s\u0131<strong> \u015e\u00fckr\u00fc \u00dcnl\u00fct\u00fcrk<\/strong> ve DCube D\u00f6ng\u00fcsel Ekonomi Platformu Kurucu Orta\u011f\u0131 <strong>Berna A\u015f\u0131ro\u011flu<\/strong> taraf\u0131ndan ger\u00e7ekle\u015ftirilecek.<\/p>\n<p>Ayr\u0131ca <strong>\u201cT\u00fcrkiye&#8217;de D\u00fc\u015f\u00fck Karbonlu ve D\u00f6ng\u00fcsel Bir Ekonomik Toparlanma \u0130\u00e7in \u0130\u015f Birli\u011fi \u00c7a\u011fr\u0131s\u0131\u201d<\/strong> relansman\u0131 da SKD T\u00fcrkiye Y\u00f6netim Kurulu Ba\u015fkan\u0131 <strong>Ebru Dildar Edin<\/strong> ve EBRD T\u00fcrkiye Ba\u015fkan Vekili <strong>Hande Islak<\/strong>\u2019\u0131n sunumuyla payla\u015f\u0131lacak. \u00c7a\u011fr\u0131, Hollanda \u0130stanbul Ba\u015fkonsolosu Bart Van Bolhuis,\u00a0Taipei Ekonomi ve K\u00fclt\u00fcr Misyonu Ankara Temsilcisi Yaser Thai-hsiang \u00a0Cheng ve T.C. Hazine ve \u00a0Maliye Bakanl\u0131\u011f\u0131 \u00c7ok Tarafl\u0131 Kalk\u0131nma Bankalar\u0131 Daire Ba\u015fkan\u0131 <strong>Beng\u00fc Aytek<\/strong>\u2019in kat\u0131laca\u011f\u0131\u00a0panelde derinlemesine de\u011ferlendirilecek.<\/p>\n<p><strong>01-05 Mart 2021<\/strong> tarihleri aras\u0131nda hafta boyunca her g\u00fcn saat<strong> 10.00<\/strong>\u2019da <strong>ba\u015flayacak \u201cT\u00fcrkiye D\u00f6ng\u00fcsel Ekonomi Haftas\u0131\u201d kapsam\u0131nda d\u00fczenlenen etkinliklerine ve detayl\u0131 programa\u00a0<\/strong>a\u015fa\u011f\u0131da yer alan linkten ula\u015fabilirsiniz.<\/p>\n<p>Etkinlik ve Kay\u0131t \u0130\u00e7in:\u00a0<a href=\"https:\/\/www.business4goals.org\/turkiye-dongusel-ekonomi-haftasi\/\" target=\"_blank\" rel=\"nofollow noopener\">https:\/\/www.business4goals.org\/turkiye-dongusel-ekonomi-haftasi\/\u00a0<\/a>adresini ziyaret edebilirsiniz.<\/p>","protected":false},"excerpt":{"rendered":"<p>Sorry, this entry is only available in Turkish. For the sake of viewer convenience, the content is shown below in the alternative language. You may click the link to switch the active language. \u0130\u015f D\u00fcnyas\u0131 ve S\u00fcrd\u00fcr\u00fclebilir Kalk\u0131nma Derne\u011fi (SKD T\u00fcrkiye)\u2019nin, Hedefler i\u00e7in \u0130\u015f D\u00fcnyas\u0131 Platformu (B4G)\u00a0ve DCube D\u00f6ng\u00fcsel Ekonomi Platformu (DCube)\u00a0i\u015f birli\u011fiyle d\u00fczenledi\u011fi D\u00f6ng\u00fcsel [&hellip;]<\/p>\n","protected":false},"author":1,"featured_media":130248,"comment_status":"open","ping_status":"open","sticky":false,"template":"","format":"standard","meta":[],"categories":[51,53,52],"tags":[87234,87235,52259,87238,71310,87233,87236,57125,87237],"views":227,"_links":{"self":[{"href":"https:\/\/www.enerjigazetesi.ist\/en\/wp-json\/wp\/v2\/posts\/130246"}],"collection":[{"href":"https:\/\/www.enerjigazetesi.ist\/en\/wp-json\/wp\/v2\/posts"}],"about":[{"href":"https:\/\/www.enerjigazetesi.ist\/en\/wp-json\/wp\/v2\/types\/post"}],"author":[{"embeddable":true,"href":"https:\/\/www.enerjigazetesi.ist\/en\/wp-json\/wp\/v2\/users\/1"}],"replies":[{"embeddable":true,"href":"https:\/\/www.enerjigazetesi.ist\/en\/wp-json\/wp\/v2\/comments?post=130246"}],"version-history":[{"count":0,"href":"https:\/\/www.enerjigazetesi.ist\/en\/wp-json\/wp\/v2\/posts\/130246\/revisions"}],"wp:featuredmedia":[{"embeddable":true,"href":"https:\/\/www.enerjigazetesi.ist\/en\/wp-json\/wp\/v2\/media\/130248"}],"wp:attachment":[{"href":"https:\/\/www.enerjigazetesi.ist\/en\/wp-json\/wp\/v2\/media?parent=130246"}],"wp:term":[{"taxonomy":"category","embeddable":true,"href":"https:\/\/www.enerjigazetesi.ist\/en\/wp-json\/wp\/v2\/categories?post=130246"},{"taxonomy":"post_tag","embeddable":true,"href":"https:\/\/www.enerjigazetesi.ist\/en\/wp-json\/wp\/v2\/tags?post=130246"}],"curies":[{"name":"wp","href":"https:\/\/api.w.org\/{rel}","templated":true}]}}