{"id":130144,"date":"2021-02-25T10:35:57","date_gmt":"2021-02-25T07:35:57","guid":{"rendered":"https:\/\/www.enerjigazetesi.ist\/?p=130144"},"modified":"2021-02-25T16:53:04","modified_gmt":"2021-02-25T13:53:04","slug":"aygul-aydin-2021-kurtulus-yili-olacak","status":"publish","type":"post","link":"https:\/\/www.enerjigazetesi.ist\/en\/aygul-aydin-2021-kurtulus-yili-olacak\/","title":{"rendered":"(Turkish) Ayg\u00fcl Ayd\u0131n: &#8220;2021 Kurtulu\u015f Y\u0131l\u0131 Olacak&#8221;"},"content":{"rendered":"<p class=\"qtranxs-available-languages-message qtranxs-available-languages-message-en\">Sorry, this entry is only available in <a href=\"https:\/\/www.enerjigazetesi.ist\/tr\/wp-json\/wp\/v2\/posts\/130144\" class=\"qtranxs-available-language-link qtranxs-available-language-link-tr\" title=\"Turkish\">Turkish<\/a>. For the sake of viewer convenience, the content is shown below in the alternative language. You may click the link to switch the active language.<\/p><p><\/p>\n<h1>Bili\u015fim Uzman\u0131 ve Astrolog Ayg\u00fcl Ayd\u0131n, 2021\u2019de D\u00fcnya ve T\u00fcrkiye genelinde ya\u015fanacak geli\u015fmeleri MAG okurlar\u0131 i\u00e7in anlatt\u0131.<\/h1>\n<h2><strong>\u201cBu Y\u0131l Ger\u00e7ekle\u015fecek Yapt\u0131r\u0131mlar Sosyo-k\u00fclt\u00fcrel ve Ekonomik Yap\u0131m\u0131z\u0131n De\u011fi\u015fmesine Sebep Olabilir\u201d<\/strong><\/h2>\n<p><strong>Bili\u015fim Uzman\u0131<\/strong> ve<strong> Astrolog<\/strong> <strong>Ayg\u00fcl Ayd\u0131n<\/strong> 2021\u2019de ya\u015fanacak geli\u015fmeleri anlatt\u0131. \u00d6n\u00fcm\u00fczdeki y\u0131llarda D\u00fcnyadaki en b\u00fcy\u00fck devrimin <strong>t\u0131bbi devrim olaca\u011f\u0131na<\/strong> inand\u0131\u011f\u0131n\u0131 belirten <strong>\u00fcnl\u00fc astrolog<\/strong>, 2021 y\u0131l\u0131nda da <strong>T\u00fcrkiye<\/strong>\u2019nin <strong>dengeye sahip olaca\u011f\u0131n\u0131<\/strong> belirtti. T\u00fcrkiye\u2019nin yak\u0131n gelecekte <img loading=\"lazy\" class=\"alignright wp-image-130147\" src=\"https:\/\/www.enerjigazetesi.ist\/wp-content\/uploads\/2021\/02\/aygul-aydin-2021-kurtulus-yili-olacak-2.jpg\" alt=\"\" width=\"340\" height=\"244\" srcset=\"https:\/\/www.enerjigazetesi.ist\/wp-content\/uploads\/2021\/02\/aygul-aydin-2021-kurtulus-yili-olacak-2.jpg 448w, https:\/\/www.enerjigazetesi.ist\/wp-content\/uploads\/2021\/02\/aygul-aydin-2021-kurtulus-yili-olacak-2-300x216.jpg 300w, https:\/\/www.enerjigazetesi.ist\/wp-content\/uploads\/2021\/02\/aygul-aydin-2021-kurtulus-yili-olacak-2-70x50.jpg 70w\" sizes=\"(max-width: 340px) 100vw, 340px\" \/>g\u00fc\u00e7lenece\u011fini de dile getiren Ayd\u0131n \u015funlar\u0131 s\u00f6yledi: <em>&#8220;T\u00fcrkiye i\u00e7in<strong> 2021 y\u0131l\u0131<\/strong>, \u00f6nemli bir y\u0131l. \u00dclkemiz, <strong>Do\u011fu<\/strong> ve<strong> Bat\u0131<\/strong>\u2019n\u0131n ortas\u0131ndaki <strong>konumu<\/strong> ve birbirinden <strong>farkl\u0131 etnik yap\u0131daki insanlar\u0131yla<\/strong> \u015fu an D\u00fcnya\u2019n\u0131n en g\u00fc\u00e7l\u00fc \u00fclkelerinden biri olarak g\u00f6r\u00fclmektedir. <strong>Sat\u00fcrn &#8211; Uran\u00fcs karesi<\/strong> b\u00fcy\u00fck \u00f6l\u00e7\u00fcde etkileyecek ve <strong>en b\u00fcy\u00fck sorun ekonomik<\/strong> olurken bir vatanda\u015f\u0131n <strong>ortalama mali refah\u0131 \u00e7ok tart\u0131\u015f\u0131lacak<\/strong>. Bu, T\u00fcrk toplumundaki i\u00e7 \u00e7alkant\u0131n\u0131n bir ba\u015fka nedenidir. T\u00fcrkiye, depremler ve baz\u0131 ekolojik felaketler gibi do\u011fal afetler konusunda da dikkatli olmal\u0131d\u0131r. <strong>J\u00fcpiter &#8211; Sat\u00fcrn kavu\u015fumu<\/strong> <strong>8&#8217;inci evimizde<\/strong> oldu\u011fundan <strong>mali durumumuzu<\/strong> nas\u0131l ele ald\u0131\u011f\u0131m\u0131za dikkat etmek daha iyi yoksa <strong>2021<\/strong>\u2019de <strong>\u00e7ok fazla krediye ihtiya\u00e7 duyacak<\/strong> \u00fclkelerden olaca\u011f\u0131z. Di\u011fer yandan T\u00fcrkiye <strong>daha da<\/strong> <strong>k\u00fcresel hale<\/strong> gelecektir. \u00d6zellikle <strong>Ortado\u011fu, Kazakistan ve Tacikistan<\/strong> gibi <strong>T\u00fcrk karde\u015fli\u011fi<\/strong> b\u00f6lgelerindeki <strong>d\u0131\u015f hedeflerin<\/strong> \u00e7o\u011fu ile olan<strong> ili\u015fkilerinde g\u00fc\u00e7l\u00fc ba\u015far\u0131lar<\/strong> elde edecektir\u201d<\/em><\/p>\n<p><strong>\u00c7ekici g\u00fczelli\u011fi<\/strong> ile <strong>ba\u015far\u0131dan ba\u015far\u0131ya<\/strong> imza atan <strong>Yasemin Kay Allen<\/strong>\u2019in kapak y\u0131ld\u0131z\u0131 oldu\u011fu <strong>MAG \u015eubat<\/strong>, dopdolu i\u00e7eri\u011fi, <strong>Sevgililer G\u00fcn\u00fc<\/strong> <strong>\u00f6zel dosyas\u0131<\/strong>, <strong>r\u00f6portajlar\u0131<\/strong> ve<strong> yazarlar\u0131<\/strong> ile\u00a0<strong><a href=\"http:\/\/www.magdergi.com.tr\/\" target=\"_blank\" rel=\"nofollow noopener\">www.magdergi.com.tr<\/a><\/strong>\u00a0, <strong>Turkcell Dergilik, Google Play, Apple Store, Issue, T\u00fcrk Telekom<\/strong>\u2019da online olarak okurlar\u0131yla bulu\u015fuyor. Keyifli i\u00e7eri\u011fimizi ve g\u00fcndeme dair geli\u015fmeleri <strong>@magdergi<\/strong> Instagram hesab\u0131ndan takip edebilirsiniz.<\/p>","protected":false},"excerpt":{"rendered":"<p>Sorry, this entry is only available in Turkish. For the sake of viewer convenience, the content is shown below in the alternative language. You may click the link to switch the active language. Bili\u015fim Uzman\u0131 ve Astrolog Ayg\u00fcl Ayd\u0131n, 2021\u2019de D\u00fcnya ve T\u00fcrkiye genelinde ya\u015fanacak geli\u015fmeleri MAG okurlar\u0131 i\u00e7in anlatt\u0131. \u201cBu Y\u0131l Ger\u00e7ekle\u015fecek Yapt\u0131r\u0131mlar Sosyo-k\u00fclt\u00fcrel [&hellip;]<\/p>\n","protected":false},"author":1,"featured_media":130151,"comment_status":"open","ping_status":"open","sticky":false,"template":"","format":"standard","meta":[],"categories":[53,4],"tags":[87149,87146,87145,87148,52259,87143,87147,86444,87144,87142],"views":152,"_links":{"self":[{"href":"https:\/\/www.enerjigazetesi.ist\/en\/wp-json\/wp\/v2\/posts\/130144"}],"collection":[{"href":"https:\/\/www.enerjigazetesi.ist\/en\/wp-json\/wp\/v2\/posts"}],"about":[{"href":"https:\/\/www.enerjigazetesi.ist\/en\/wp-json\/wp\/v2\/types\/post"}],"author":[{"embeddable":true,"href":"https:\/\/www.enerjigazetesi.ist\/en\/wp-json\/wp\/v2\/users\/1"}],"replies":[{"embeddable":true,"href":"https:\/\/www.enerjigazetesi.ist\/en\/wp-json\/wp\/v2\/comments?post=130144"}],"version-history":[{"count":0,"href":"https:\/\/www.enerjigazetesi.ist\/en\/wp-json\/wp\/v2\/posts\/130144\/revisions"}],"wp:featuredmedia":[{"embeddable":true,"href":"https:\/\/www.enerjigazetesi.ist\/en\/wp-json\/wp\/v2\/media\/130151"}],"wp:attachment":[{"href":"https:\/\/www.enerjigazetesi.ist\/en\/wp-json\/wp\/v2\/media?parent=130144"}],"wp:term":[{"taxonomy":"category","embeddable":true,"href":"https:\/\/www.enerjigazetesi.ist\/en\/wp-json\/wp\/v2\/categories?post=130144"},{"taxonomy":"post_tag","embeddable":true,"href":"https:\/\/www.enerjigazetesi.ist\/en\/wp-json\/wp\/v2\/tags?post=130144"}],"curies":[{"name":"wp","href":"https:\/\/api.w.org\/{rel}","templated":true}]}}