{"id":130078,"date":"2021-02-25T11:42:27","date_gmt":"2021-02-25T08:42:27","guid":{"rendered":"https:\/\/www.enerjigazetesi.ist\/?p=130078"},"modified":"2021-02-25T11:42:49","modified_gmt":"2021-02-25T08:42:49","slug":"elder-13-uncu-sektor-toplantisini-cevrimici-olarak-gerceklestirdi","status":"publish","type":"post","link":"https:\/\/www.enerjigazetesi.ist\/en\/elder-13-uncu-sektor-toplantisini-cevrimici-olarak-gerceklestirdi\/","title":{"rendered":"(Turkish) ELDER&#8217;in 13&#8217;\u00fcnc\u00fc Sekt\u00f6r Toplant\u0131s\u0131 \u00c7evrimi\u00e7i Olarak Ger\u00e7ekle\u015fti"},"content":{"rendered":"<p class=\"qtranxs-available-languages-message qtranxs-available-languages-message-en\">Sorry, this entry is only available in <a href=\"https:\/\/www.enerjigazetesi.ist\/tr\/wp-json\/wp\/v2\/posts\/130078\" class=\"qtranxs-available-language-link qtranxs-available-language-link-tr\" title=\"Turkish\">Turkish<\/a>. For the sake of viewer convenience, the content is shown below in the alternative language. You may click the link to switch the active language.<\/p><p><\/p>\n<h1>Elektrik Da\u011f\u0131t\u0131m Hizmetleri Derne\u011fi &#8211; ELDER 13&#8217;\u00fcnc\u00fc Sekt\u00f6r Toplant\u0131s\u0131 dijital platform \u00fczerinden ger\u00e7ekle\u015ftirildi. Toplant\u0131n\u0131n a\u00e7\u0131l\u0131\u015f konu\u015fmalar\u0131n\u0131; Enerji ve Tabii Kaynaklar Bakan\u0131 Fatih D\u00f6nmez, TBMM Sanayi, Ticaret, Enerji, Tabii Kaynaklar, Bilgi ve Teknoloji Komisyon Ba\u015fkan\u0131 Mustafa Elita\u015f, Enerji Piyasas\u0131 D\u00fczenleme Kurumu (EPDK) Ba\u015fkan\u0131 Mustafa Y\u0131lmaz ve ELDER Y\u00f6netim Kurulu Ba\u015fkan\u0131 Serhat \u00c7e\u00e7en yapt\u0131.<\/h1>\n<p>Enerji ve Tabii Kaynaklar Bakan\u0131 <strong>Fatih D\u00f6nmez<\/strong>, <strong>elektrik da\u011f\u0131t\u0131m sekt\u00f6r\u00fc<\/strong>nde <strong>2021-2025<\/strong> 4&#8217;\u00fcnc\u00fc uygulama d\u00f6nemi i\u00e7in toplam <strong>66,7 milyar lira<\/strong> tutar\u0131nda <strong>yat\u0131r\u0131m planland\u0131\u011f\u0131n\u0131<\/strong> belirtti. Bu tutar bir \u00f6nceki uygulama d\u00f6nemi yat\u0131r\u0131m b\u00fct\u00e7esinin <strong>yakla\u015f\u0131k 2 kat\u0131<\/strong> d\u00fczeyinde. Yeni yat\u0131r\u0131mlarla mevcut \u015febeke a\u011flar\u0131n\u0131 <strong>her y\u0131l geni\u015flettiklerini<\/strong> belirten D\u00f6nmez, <strong>\u00a02016-2020<\/strong> \u201c3&#8217;\u00fcnc\u00fc Uygulama D\u00f6neminde Elektrik <img loading=\"lazy\" class=\"alignright wp-image-130080\" src=\"https:\/\/www.enerjigazetesi.ist\/wp-content\/uploads\/2021\/02\/elder-13-uncu-sektor-toplantisini-cevrimici-olarak-gerceklestirdi-1.jpg\" alt=\"\" width=\"340\" height=\"305\" srcset=\"https:\/\/www.enerjigazetesi.ist\/wp-content\/uploads\/2021\/02\/elder-13-uncu-sektor-toplantisini-cevrimici-olarak-gerceklestirdi-1.jpg 550w, https:\/\/www.enerjigazetesi.ist\/wp-content\/uploads\/2021\/02\/elder-13-uncu-sektor-toplantisini-cevrimici-olarak-gerceklestirdi-1-300x269.jpg 300w, https:\/\/www.enerjigazetesi.ist\/wp-content\/uploads\/2021\/02\/elder-13-uncu-sektor-toplantisini-cevrimici-olarak-gerceklestirdi-1-446x400.jpg 446w, https:\/\/www.enerjigazetesi.ist\/wp-content\/uploads\/2021\/02\/elder-13-uncu-sektor-toplantisini-cevrimici-olarak-gerceklestirdi-1-56x50.jpg 56w, https:\/\/www.enerjigazetesi.ist\/wp-content\/uploads\/2021\/02\/elder-13-uncu-sektor-toplantisini-cevrimici-olarak-gerceklestirdi-1-500x448.jpg 500w\" sizes=\"(max-width: 340px) 100vw, 340px\" \/>da\u011f\u0131t\u0131m sekt\u00f6r\u00fcm\u00fcz planlanan <strong>34 milyar T\u00fcrk Liras\u0131<\/strong> tutar\u0131ndaki yat\u0131r\u0131m\u0131 a\u015farak <strong>40 milyar lira<\/strong> tutar\u0131nda yat\u0131r\u0131m ger\u00e7ekle\u015ftirdi. B\u00f6ylelikle planlanan yat\u0131r\u0131m tutar\u0131n\u0131n <strong>6 milyar T\u00fcrk Liras\u0131<\/strong> \u00fczerinde bir yat\u0131r\u0131m yap\u0131ld\u0131.<\/p>\n<p>Yakla\u015f\u0131k <strong>46 milyon aboneye<\/strong> hizmet veren sekt\u00f6r\u00fcn i\u015fletti\u011fi da\u011f\u0131t\u0131m hatt\u0131 uzunlu\u011fu 2020 sonunda <strong>18 bin 270 kilometre<\/strong> ilaveyle <strong>1 milyon 190 bin 605 kilometrey<\/strong>e ula\u015ft\u0131. Da\u011f\u0131t\u0131m trafo say\u0131m\u0131z <strong>14 bin 39 adet<\/strong> art\u0131\u015fla <strong>519 bin 346<\/strong> oldu. 2019&#8217;da <strong>192 bin 78 MegaVoltAmper<\/strong> olan da\u011f\u0131t\u0131m trafo g\u00fcc\u00fcm\u00fcz de <strong>2020<\/strong> sonunda <strong>199 bin 748 megavoltampere<\/strong> y\u00fckseldi.&#8221; diye konu\u015ftu.<\/p>\n<p>D\u00f6nmez,\u00a02019&#8217;da kullan\u0131c\u0131 ba\u015f\u0131na <strong>20,5 saat<\/strong> olan kesinti s\u00fcresinin <strong>% 11<\/strong> azalarak <strong>18,2 saate<\/strong> d\u00fc\u015ft\u00fc\u011f\u00fcn\u00fc anlatt\u0131.<\/p>\n<p>&#8220;<strong>4&#8217;\u00fcnc\u00fc uygulama d\u00f6nemi<\/strong>nde yap\u0131lacak yat\u0131r\u0131mlara ilaveten,<strong> planl\u0131 bak\u0131mlar<\/strong> i\u00e7in ilk kez ayr\u0131 bir b\u00fct\u00e7e kalemi olu\u015fturuldu. Daha \u00f6nce planl\u0131 bak\u0131mlar <strong>i\u015fletme b\u00fct\u00e7esinden<\/strong> kar\u015f\u0131lan\u0131yordu. Planl\u0131 bak\u0131mlar i\u00e7in <strong>10,5 milyar liral\u0131k<\/strong> bir b\u00fct\u00e7e ay\u0131rd\u0131k.&#8221; ifadelerini kulland\u0131.<\/p>\n<p>\u00c7a\u011fr\u0131 merkezlerine ula\u015f\u0131labilirlik seviyesinin de <strong>% 99,82<\/strong> oldu\u011funu dile getiren D\u00f6nmez, bunun uluslararas\u0131 standartlar kapsam\u0131nda kabul edilen<strong> ba\u015far\u0131 kriterlerinin\u00a0<\/strong>\u00fczerinde oldu\u011funu dile getirdi.<\/p>\n<p><strong>2021 y\u0131l\u0131nda<\/strong> dijitalle\u015fme hedeflerinin<strong> 3 ba\u015fl\u0131k alt\u0131nda<\/strong>\u00a0topland\u0131\u011f\u0131n\u0131 belirten D\u00f6nmez, \u015funlar\u0131 kaydetti: <em>&#8220;\u0130lki, Dijital T\u00fcrkiye,<strong> online i\u015flemler<\/strong> ve <strong>\u00e7a\u011fr\u0131 merkezi<\/strong> \u00fczerinden yap\u0131lacak abonelik i\u015flemlerinin <strong>\u0131slak imza<\/strong> olmadan<strong> kimlik teyidi<\/strong> ve <strong>sesli onay<\/strong> ile ger\u00e7ekle\u015ftirilmesi. 2&#8217;incisi <strong>tarife de\u011fi\u015fikli\u011fi<\/strong> ve <strong>tahliye talepleri<\/strong>nin <strong>sesli onayla<\/strong> \u00e7a\u011fr\u0131 merkezi \u00fczerinden al\u0131nmas\u0131. Sonuncusu ise, <strong>uzaktan \u00e7al\u0131\u015fma sistemi<\/strong>nin test edilmesi sayesinde i\u015flemlerin ne kadar\u0131n\u0131 ger\u00e7ekle\u015ftirilebildi\u011finin ve <strong>bili\u015fim altyap\u0131s\u0131<\/strong>n\u0131n yeterlili\u011finin \u00f6l\u00e7\u00fclmesi.<\/em><\/p>\n<p><em><strong>Dijitalle\u015fmeyle<\/strong> ilgili \u00f6nemli konulardan biri de <strong>Otomatik Saya\u00e7 Okuma Sistemi<\/strong>. Bu sistemle mesken ve d\u00fc\u015f\u00fck t\u00fcketimli abonelerin d\u0131\u015f\u0131ndaki <strong>b\u00fcy\u00fck t\u00fcketicilerin faturas\u0131 uzaktan<\/strong> okunuyor. Bu oran toplam t\u00fcketimin <strong>% 48&#8242;<\/strong>ine\u00a0ula\u015ft\u0131.<strong> Saya\u00e7lar\u0131n uzaktan okunmas\u0131<\/strong> emek, zaman ve maliyet kayb\u0131n\u0131n \u00f6n\u00fcne ge\u00e7ilmesi a\u00e7\u0131s\u0131ndan da \u00f6nemli bir fakt\u00f6r.&#8221;<\/em><\/p>\n<h2><strong>\u201cYEN\u0130LENEB\u0130L\u0130R KAYNAKLARIN M\u0130LL\u0130LE\u015eT\u0130R\u0130LMES\u0130 \u00d6NCEL\u0130\u011e\u0130M\u0130Z\u201d<\/strong><\/h2>\n<p>TBMM Sanayi, Ticaret, Enerji, Tabii Kaynaklar, Bilgi ve Teknoloji Komisyonu Ba\u015fkan\u0131 <strong>Mustafa Elita\u015f<\/strong>, pandemi nedeniyle d\u00fcnya genelinde elektrik talebinde de d\u00fc\u015f\u00fc\u015f oldu\u011funu vurgulad\u0131. \u00d6zellikle <strong>yenilenebilir enerji kaynaklar\u0131<\/strong>n\u0131n millile\u015ftirme konusunun \u00f6ncelikleri oldu\u011funu belirten Elita\u015f \u015f\u00f6yle konu\u015ftu: \u201cT\u00fcrkiye g\u00fcne\u015f santrallerinin devreye al\u0131nd\u0131\u011f\u0131 <strong>2014\u2019ten bug\u00fcne<\/strong> kadar, <strong>g\u00fcne\u015f kurulu g\u00fcc\u00fc<\/strong> art\u0131\u015f\u0131nda d\u00fcnyada <strong>9\u2019uncu<\/strong> \u00fclke, Avrupa\u2019da ise<strong> 3\u2019\u00fcnc\u00fc<\/strong> \u00fclke konumunda.<\/p>\n<p>\u00dclkemizde<strong> 2002<\/strong> y\u0131l\u0131ndan <strong>2020 y\u0131l\u0131na<\/strong> kadar devreye al\u0131nan<strong> toplam kapasitenin yar\u0131s\u0131<\/strong> yenilenebilir enerji kaynaklar\u0131ndan kar\u015f\u0131land\u0131. <strong>2019<\/strong> y\u0131l\u0131nda <strong>4,1 milyon<\/strong> hanenin <strong>elektrik t\u00fcketimi<\/strong> g\u00fcne\u015f enerjisiyle kar\u015f\u0131land\u0131. Bu durum, <strong>arz g\u00fcvenli\u011fi sa\u011flamak<\/strong> ve <strong>kaliteli elektrik da\u011f\u0131t\u0131m hizmeti<\/strong> sa\u011flamak a\u00e7\u0131s\u0131ndan da \u00f6nem ta\u015f\u0131yor. <strong>Enerji arz g\u00fcvenli\u011fi<\/strong> sa\u011fland\u0131\u011f\u0131 takdirde, <strong>da\u011f\u0131t\u0131m hizmet kalitesi<\/strong>nin de artaca\u011f\u0131n\u0131 d\u00fc\u015f\u00fcn\u00fcyoruz. Bu \u00e7er\u00e7evede, <strong>Enerji ve Tabii Bakanl\u0131\u011f\u0131<\/strong> ve <strong>EPDK<\/strong> ile <strong>yasal mevzuatlar<\/strong> konusundaki ileti\u015fimimiz de kesintisiz s\u00fcrd\u00fcr\u00fcl\u00fcyor.\u201d<\/p>\n<h2><strong>AR-GE\u2019YE 199 M\u0130LYON TL AYRILDI<\/strong><\/h2>\n<p>EPDK Ba\u015fkan\u0131 <strong>Mustafa Y\u0131lmaz<\/strong>, <strong>elektrik kesintileri<\/strong>ni T\u00fcrkiye&#8217;nin g\u00fcndeminden \u00e7\u0131karabilmek i\u00e7in planl\u0131 bak\u0131m faaliyetlerinin b\u00fcy\u00fck \u00f6nem ta\u015f\u0131d\u0131\u011f\u0131na dikkati \u00e7ekerek <span style=\"text-decoration: underline;\">\u015fu de\u011ferlendirmede bulundu:<\/span> <em>&#8220;Burada bir di\u011fer \u00f6nemli husus <strong>planl\u0131 bak\u0131m faaliyetleri<\/strong>nin de <strong>tarifeler marifetiyle d\u00fczenlenmesi.<\/strong> Kurum olarak planl\u0131 bak\u0131m harcamalar\u0131 i\u00e7in y\u0131ll\u0131k yakla\u015f\u0131k <strong>2,2 milyar T\u00fcrk Liras\u0131<\/strong> b\u00fct\u00e7e \u00f6ng\u00f6rd\u00fck.&#8221;<\/em><\/p>\n<p>\u00d6zellikle ekonomik \u00f6mr\u00fc dolan k\u0131rsal \u015febekenin yenilenmesini, <strong>\u015febekenin teknolojik seviyesi<\/strong>nin daha da artmas\u0131n\u0131 ve ak\u0131ll\u0131 \u015febekelere do\u011fru <strong>ciddi ad\u0131mlar at\u0131lmas\u0131n\u0131<\/strong> beklediklerini ifade eden Y\u0131lmaz, EPDK olarak bu b\u00fct\u00e7enin nas\u0131l kullan\u0131ld\u0131\u011f\u0131n\u0131n takip\u00e7isi olacaklar\u0131n\u0131 belirtti.<\/p>\n<p><strong>Ak\u0131ll\u0131 \u015febeke<\/strong> ve <strong>Ar-Ge faaliyetleri<\/strong>nin de \u00f6ncelikleri aras\u0131nda yer ald\u0131\u011f\u0131n\u0131 dile getiren Y\u0131lmaz, <strong>Ar-Ge\u00a0b\u00fct\u00e7eleri<\/strong>ni art\u0131rarak <strong>5 y\u0131ll\u0131k d\u00f6nemde<\/strong> y\u0131ll\u0131k ortalama <strong>199 milyon liral\u0131k<\/strong> b\u00fct\u00e7e belirlediklerini ve bu alanda <strong>yeni \u00e7al\u0131\u015fmalar beklediklerini<\/strong> bildirdi.<\/p>\n<h2><strong>\u201cPANDEM\u0130DE KES\u0130NT\u0130S\u0130Z ENERJ\u0130 TEDAR\u0130K\u0130N\u0130 M\u00dcMK\u00dcN KILDIK\u201d<\/strong><\/h2>\n<p><strong>ELDER<\/strong> Y\u00f6netim Kurulu Ba\u015fkan\u0131 Serhat \u00c7e\u00e7en, uzun bir s\u00fcredir pandeminin hayat\u0131n bir par\u00e7as\u0131 oldu\u011funa dikkati \u00e7ekti. Pandemi d\u00f6neminde, hi\u00e7bir <strong>fedakarl\u0131ktan ka\u00e7\u0131nmadan, kesintisiz<\/strong> ve <strong>s\u00fcrekli enerji tedariki<\/strong>ni m\u00fcmk\u00fcn k\u0131lan sekt\u00f6r \u00e7al\u0131\u015fanlar\u0131na te\u015fekk\u00fcr eden \u00c7e\u00e7en, bu d\u00f6nemde<strong> bak\u0131m<\/strong> ve <strong>onar\u0131m \u00e7al\u0131\u015fmalar\u0131n\u0131<\/strong> da aksatmad\u0131klar\u0131n\u0131 kaydetti.<\/p>\n<p>\u00c7e\u00e7en \u015fu <span style=\"text-decoration: underline;\">de\u011ferlendirmede bulundu:<\/span> &#8220;Bu s\u00fcre\u00e7te vazge\u00e7ilmez \u00f6nceli\u011fimiz \u00e7al\u0131\u015fanlar\u0131m\u0131z\u0131n ve toplumumuzun sa\u011fl\u0131\u011f\u0131 oldu. Bunun i\u00e7in <strong>yeni i\u015f planlar\u0131<\/strong> ve <strong>\u00e7al\u0131\u015fma modellerini<\/strong> uygulamaya soktuk. Beyaz yaka \u00e7al\u0131\u015fanlar\u0131m\u0131z i\u00e7in<strong> uzaktan \u00e7al\u0131\u015fma uygulamalar\u0131<\/strong>na ge\u00e7erken <strong>mavi yaka \u00e7al\u0131\u015fanlar\u0131<\/strong>m\u0131z\u0131n vardiyalar\u0131n\u0131 ve \u00e7al\u0131\u015fma ortamlar\u0131n\u0131 <strong>pandemi ko\u015fullar\u0131na<\/strong> g\u00f6re d\u00fczenledik. Pandemi \u015fartlar\u0131n\u0131n yan\u0131 s\u0131ra, ge\u00e7en y\u0131l \u00fclkemizin farkl\u0131 \u015fehirlerinde meydana gelen bir\u00e7ok<strong> afet olay\u0131<\/strong> ile <strong>m\u00fccadele etmek<\/strong> zorunda kald\u0131k. Ayr\u0131ca; <strong>sert ge\u00e7en k\u0131\u015f ko\u015fullar\u0131<\/strong> sekt\u00f6r\u00fcm\u00fcz\u00fc zorluklarla kar\u015f\u0131 kar\u015f\u0131ya b\u0131rakt\u0131. Personelimiz, bu zorlu ko\u015fullarda, enerji tedarikinin sa\u011flanmas\u0131 i\u00e7in <strong>7\/24 g\u00f6revini<\/strong> yerine getirdi.&#8221;<\/p>\n<h2><strong>\u201cYEN\u0130 UYGULAMA D\u00d6NEM\u0130NDE 67 M\u0130LYON TL\u2019YE YAKIN YATIRIM\u201d<\/strong><\/h2>\n<p>\u00c7e\u00e7en, 3\u2019\u00fcnc\u00fc uygulama d\u00f6neminde yat\u0131r\u0131m tavan\u0131 olan<strong> 32,7 milyar TL<\/strong>\u2019nin \u00fczerinde<strong> 37 milyar TL<\/strong>\u2019lik bir yat\u0131r\u0131m yapt\u0131klar\u0131na de\u011finerek, <strong>2021-2025<\/strong> y\u0131llar\u0131n\u0131 kapsayan<strong> 4. Uygulama D\u00f6nemi<\/strong>nde sekt\u00f6r\u00fcn yat\u0131r\u0131m tavan\u0131n\u0131n yakla\u015f\u0131k <strong>2 kat\u0131na<\/strong> y\u00fckselerek <strong>66,7 milyar TL<\/strong>\u2019ye ula\u015ft\u0131\u011f\u0131n\u0131 belirtti. \u00c7e\u00e7en \u015f\u00f6yle konu\u015ftu: <em>\u201cElektrik Da\u011f\u0131t\u0131m sekt\u00f6r\u00fc olarak <strong>i\u015f planlar\u0131m\u0131z\u0131<\/strong> ve <strong>finansman \u00e7al\u0131\u015fmalar\u0131m\u0131z\u0131<\/strong> bu \u00e7er\u00e7evede s\u00fcrd\u00fcr\u00fcyoruz. Yat\u0131r\u0131mlar\u0131m\u0131zla; ba\u015fta <strong>k\u0131rsal alanlar<\/strong> olmak \u00fczere <strong>\u015febekemizi yenilemeyi,<\/strong> <strong>yeni ba\u011flant\u0131 taleplerini kar\u015f\u0131lamay\u0131<\/strong> ve <strong>teknoloji yat\u0131r\u0131mlar\u0131na<\/strong> \u00f6ncelik vermeyi hedefliyoruz.\u201d<\/em><\/p>\n<h2><strong>M\u00dc\u015eTER\u0130 MEMNUN\u0130YET\u0130 VE KAL\u0130TE PERFORMANSI VURGUSU<\/strong><\/h2>\n<p>\u00c7e\u00e7en, EPDK\u2019nin <strong>4&#8217;\u00fcnc\u00fc Uygulama D\u00f6nemi<\/strong>nde<strong> tedarik s\u00fcreklili\u011fi<\/strong>, <strong>\u00e7a\u011fr\u0131 merkezi<\/strong> ve <strong>\u0130SG<\/strong> gibi bir\u00e7ok alanda t\u00fcketici memnuniyetini referans alan kalite d\u00fczenlemelerini geni\u015fletti\u011fini ifade etti.\u00a0<strong>T\u00fcketici memnuniyeti<\/strong>ni ve <strong>kalite performans\u0131<\/strong>n\u0131 oda\u011f\u0131na alan d\u00fczenlemelerle bir\u00e7ok \u00fclkenin reg\u00fclasyonlar\u0131ndan daha ileri bir noktaya ula\u015f\u0131ld\u0131\u011f\u0131na de\u011findi.<\/p>\n<h2><strong>\u201cD\u0130J\u0130TALLE\u015eMEYE A\u011eIRLIK VER\u0130LECEK, AR-GE VE TEKNOLOJ\u0130 GEL\u0130\u015eT\u0130R\u0130LECEK\u201d<\/strong><\/h2>\n<p>Sekt\u00f6r olarak <strong>dijitalle\u015fmeyle<\/strong> birlikte <strong>Ar-Ge<\/strong> ve <strong>teknoloji geli\u015ftirmeleri<\/strong>ne a\u011f\u0131rl\u0131k vereceklerinden bahseden \u00c7e\u00e7en s\u00f6zlerini <span style=\"text-decoration: underline;\">\u015f\u00f6yle s\u00fcrd\u00fcrd\u00fc:<\/span> <em>&#8220;Dijital hizmet yelpazemizin geni\u015fletilmesini, <strong>t\u00fcketici memnuniyeti<\/strong> ve <strong>verimli operasyon yap\u0131s\u0131<\/strong>n\u0131n <strong>en \u00f6nemli destekleyicisi<\/strong> olarak g\u00f6r\u00fcyoruz. <strong>Ar-Ge<\/strong> alan\u0131nda <strong>Milli Ak\u0131ll\u0131 Saya\u00e7 Sistemleri<\/strong> ve<strong> Yerli Enerji Yerli Teknoloji<\/strong> gibi projelerle sekt\u00f6r\u00fcm\u00fcz ve \u00fclkemiz i\u00e7in de\u011fer yaratmay\u0131 hedefliyoruz. <strong>T\u00fcrkiye\u2019de giri\u015fimcilik programlar\u0131<\/strong>n\u0131n \u00f6nc\u00fclerinden, <strong>ODT\u00dc Teknokent<\/strong> ve <strong>\u0130T\u00dc \u00c7ekirdek programlar\u0131<\/strong> ile <strong>gen\u00e7 giri\u015fimcileri<\/strong>mize destek veriyoruz.&#8221;<\/em><\/p>","protected":false},"excerpt":{"rendered":"<p>Sorry, this entry is only available in Turkish. For the sake of viewer convenience, the content is shown below in the alternative language. You may click the link to switch the active language. Elektrik Da\u011f\u0131t\u0131m Hizmetleri Derne\u011fi &#8211; ELDER 13&#8217;\u00fcnc\u00fc Sekt\u00f6r Toplant\u0131s\u0131 dijital platform \u00fczerinden ger\u00e7ekle\u015ftirildi. Toplant\u0131n\u0131n a\u00e7\u0131l\u0131\u015f konu\u015fmalar\u0131n\u0131; Enerji ve Tabii Kaynaklar Bakan\u0131 Fatih [&hellip;]<\/p>\n","protected":false},"author":1,"featured_media":130080,"comment_status":"open","ping_status":"open","sticky":false,"template":"","format":"standard","meta":[],"categories":[51,53],"tags":[81303,52566,53114,52259,87092,19002,82574,87093],"views":64,"_links":{"self":[{"href":"https:\/\/www.enerjigazetesi.ist\/en\/wp-json\/wp\/v2\/posts\/130078"}],"collection":[{"href":"https:\/\/www.enerjigazetesi.ist\/en\/wp-json\/wp\/v2\/posts"}],"about":[{"href":"https:\/\/www.enerjigazetesi.ist\/en\/wp-json\/wp\/v2\/types\/post"}],"author":[{"embeddable":true,"href":"https:\/\/www.enerjigazetesi.ist\/en\/wp-json\/wp\/v2\/users\/1"}],"replies":[{"embeddable":true,"href":"https:\/\/www.enerjigazetesi.ist\/en\/wp-json\/wp\/v2\/comments?post=130078"}],"version-history":[{"count":0,"href":"https:\/\/www.enerjigazetesi.ist\/en\/wp-json\/wp\/v2\/posts\/130078\/revisions"}],"wp:featuredmedia":[{"embeddable":true,"href":"https:\/\/www.enerjigazetesi.ist\/en\/wp-json\/wp\/v2\/media\/130080"}],"wp:attachment":[{"href":"https:\/\/www.enerjigazetesi.ist\/en\/wp-json\/wp\/v2\/media?parent=130078"}],"wp:term":[{"taxonomy":"category","embeddable":true,"href":"https:\/\/www.enerjigazetesi.ist\/en\/wp-json\/wp\/v2\/categories?post=130078"},{"taxonomy":"post_tag","embeddable":true,"href":"https:\/\/www.enerjigazetesi.ist\/en\/wp-json\/wp\/v2\/tags?post=130078"}],"curies":[{"name":"wp","href":"https:\/\/api.w.org\/{rel}","templated":true}]}}