{"id":130066,"date":"2021-02-25T10:40:26","date_gmt":"2021-02-25T07:40:26","guid":{"rendered":"https:\/\/www.enerjigazetesi.ist\/?p=130066"},"modified":"2021-02-25T10:40:55","modified_gmt":"2021-02-25T07:40:55","slug":"stklar-paris-anlasmasinin-onaylanmasi-icin-imza-kampanyasi-baslatti","status":"publish","type":"post","link":"https:\/\/www.enerjigazetesi.ist\/en\/stklar-paris-anlasmasinin-onaylanmasi-icin-imza-kampanyasi-baslatti\/","title":{"rendered":"(Turkish) STK&#8217;lar Paris Anla\u015fmas\u0131\u2019n\u0131n Onaylanmas\u0131 \u0130\u00e7in \u0130mza Kampanyas\u0131 Ba\u015flatt\u0131!"},"content":{"rendered":"<p class=\"qtranxs-available-languages-message qtranxs-available-languages-message-en\">Sorry, this entry is only available in <a href=\"https:\/\/www.enerjigazetesi.ist\/tr\/wp-json\/wp\/v2\/posts\/130066\" class=\"qtranxs-available-language-link qtranxs-available-language-link-tr\" title=\"Turkish\">Turkish<\/a>. For the sake of viewer convenience, the content is shown below in the alternative language. You may click the link to switch the active language.<\/p><p><\/p>\n<h1><strong>K\u00fcresel s\u0131cakl\u0131k art\u0131\u015f\u0131n\u0131 2 derecenin alt\u0131nda tutmay\u0131 ve daha fazla \u00e7aba sarf ederek 1,5 derecede s\u0131n\u0131rlamay\u0131 ama\u00e7layan Paris Anla\u015fmas\u0131\u2019n\u0131 T\u00fcrkiye\u2019nin de onaylamas\u0131 i\u00e7in sivil toplum kurulu\u015flar\u0131 TBMM\u2019ye iletilecek bir imza kampanyas\u0131 ba\u015flatt\u0131. Paris Anla\u015fmas\u0131\u2019na bug\u00fcne kadar 197 \u00fclke imza att\u0131, bunlar\u0131n 191\u2019i anla\u015fmaya taraf olarak s\u00fcreci tamamlad\u0131. T\u00fcrkiye ise anla\u015fmaya taraf olmayan alt\u0131 \u00fclkeden biri.<\/strong><\/h1>\n<p>Her ge\u00e7en g\u00fcn etkisini daha fazla hissetti\u011fimiz <strong>iklim krizini<\/strong> durdurmay\u0131, d\u00fcnyan\u0131n ortalama y\u00fczey s\u0131cakl\u0131\u011f\u0131ndaki art\u0131\u015f\u0131 <strong>2 derecenin<\/strong> olabildi\u011fince alt\u0131nda tutmay\u0131 ve daha fazla \u00e7aba sarf ederek 1,5 derecede s\u0131n\u0131rland\u0131rmay\u0131 ama\u00e7layan <strong>Paris Anla\u015fmas\u0131<\/strong>\u2019na T\u00fcrkiye\u2019nin de kat\u0131lmas\u0131n\u0131 isteyen<strong> sivil toplum kurulu\u015flar\u0131<\/strong> bir imza kampanyas\u0131 ba\u015flatt\u0131. \u0130mza kampanyas\u0131n\u0131 destekleyen kurulu\u015flar, Paris <img loading=\"lazy\" class=\"alignright wp-image-130071\" src=\"https:\/\/www.enerjigazetesi.ist\/wp-content\/uploads\/2021\/02\/paris-anlasmasinin-onaylanmasi-icin-imza-kampanyasi-baslatildi-2.jpg\" alt=\"\" width=\"340\" height=\"198\" srcset=\"https:\/\/www.enerjigazetesi.ist\/wp-content\/uploads\/2021\/02\/paris-anlasmasinin-onaylanmasi-icin-imza-kampanyasi-baslatildi-2.jpg 729w, https:\/\/www.enerjigazetesi.ist\/wp-content\/uploads\/2021\/02\/paris-anlasmasinin-onaylanmasi-icin-imza-kampanyasi-baslatildi-2-300x175.jpg 300w, https:\/\/www.enerjigazetesi.ist\/wp-content\/uploads\/2021\/02\/paris-anlasmasinin-onaylanmasi-icin-imza-kampanyasi-baslatildi-2-500x291.jpg 500w, https:\/\/www.enerjigazetesi.ist\/wp-content\/uploads\/2021\/02\/paris-anlasmasinin-onaylanmasi-icin-imza-kampanyasi-baslatildi-2-80x47.jpg 80w\" sizes=\"(max-width: 340px) 100vw, 340px\" \/>Anla\u015fmas\u0131\u2019n\u0131n ilk imzac\u0131lar\u0131ndan T\u00fcrkiye\u2019nin, s\u00fcreci tamamlayarak anla\u015fmaya taraf olmas\u0131n\u0131 istiyor. Bunun i\u00e7in de s\u00f6z konusu anla\u015fman\u0131n <strong>TBMM\u2019de onaylanmas\u0131<\/strong> gerekiyor. Onaylama s\u00fcrecini tamamlamayan \u00fclkeler <strong>Eritre, \u0130ran, Irak, Libya, Yemen<\/strong> ve <strong>T\u00fcrkiye<\/strong>. <strong>T\u00fcrkiye<\/strong>, <strong>Paris Anla\u015fmas\u0131<\/strong>\u2019n\u0131 onaylamayan tek <strong>G20 \u00fclkesi.<\/strong><\/p>\n<p>D\u00fcnyan\u0131n geri kalan\u0131 ise <strong>iklim politikalar\u0131<\/strong> a\u00e7\u0131s\u0131ndan iddial\u0131 bir d\u00f6neme girdi. Avrupa Birli\u011fi 2030 y\u0131l\u0131na kadar emisyonlar\u0131n\u0131 <strong>% 55<\/strong> azaltmay\u0131 ve <strong>2050 y\u0131l\u0131na<\/strong> kadar da<strong> karbon n\u00f6tr olmay\u0131<\/strong> hedefliyor. \u00c7in, 2060 i\u00e7in karbon n\u00f6tr olma hedefini; <strong>Japonya, G\u00fcney Kore, G\u00fcney Afrika<\/strong> ve <strong>Kanada<\/strong> ise <strong>s\u0131f\u0131r emisyon planlar\u0131<\/strong>n\u0131 a\u00e7\u0131klad\u0131. ABD ise Paris Anla\u015fmas\u0131\u2019na geri d\u00f6nd\u00fc.<\/p>\n<p>Anla\u015fma\u2019ya taraf \u00fclkeler, <strong>\u201culusal katk\u0131 beyan\u0131\u201d<\/strong> ad\u0131 verilen ve \u00fclkelerin kendi \u015fartlar\u0131 do\u011frultusunda haz\u0131rlad\u0131\u011f\u0131 bir plan \u00e7er\u00e7evesinde<strong> iklim krizi<\/strong>ne yol a\u00e7an<strong> sera gaz\u0131 emisyonlar\u0131<\/strong>n\u0131 nas\u0131l s\u0131n\u0131rlayacaklar\u0131n\u0131 ya da azaltacaklar\u0131n\u0131 belirtiyor. <strong>Paris Anla\u015fmas\u0131<\/strong>, \u00fclkelere bir azalt\u0131m hedefi koymazken, taraf \u00fclkelerin kendi iradeleriyle belirledi\u011fi <strong>ulusal katk\u0131 beyanlar\u0131<\/strong>n\u0131n <strong>k\u00fcresel \u0131s\u0131nmay\u0131<\/strong> iki derecenin alt\u0131nda kalacak \u015fekilde iyile\u015ftirilmesi i\u00e7in <strong>m\u00fczakere edilmesini<\/strong> \u00f6ng\u00f6r\u00fcyor. Geli\u015fen \u00fclkelere ise geli\u015fmi\u015f \u00fclkelerce <strong>teknolojik<\/strong> ve <strong>mali destek sa\u011flamas\u0131<\/strong> isteniyor.<\/p>\n<p><strong>\u0130mza kampanyas\u0131<\/strong>na bug\u00fcne kadar \u00e7evreyle ilgili \u00e7al\u0131\u015fmalar y\u00fcr\u00fcten <strong>37 sivil toplum kurulu\u015fu<\/strong> destek verdi. Toplanan imzalar, <strong>Paris Anla\u015fmas\u0131<\/strong>\u2019n\u0131n onay s\u00fcrecinin tamamlanaca\u011f\u0131 TBMM Ba\u015fkanl\u0131\u011f\u0131\u2019na teslim edilecek. \u0130mza kampanyas\u0131n\u0131 ba\u015flatan kurulu\u015flar, <strong>T\u00fcrkiye<\/strong>\u2019nin <strong>Paris Anla\u015fmas\u0131<\/strong>\u2019na taraf olmamas\u0131 halinde <strong>uluslararas\u0131<\/strong> <strong>iklim m\u00fczakereleri<\/strong> s\u00fcrecinin b\u00fcy\u00fck oranda d\u0131\u015f\u0131nda kalaca\u011f\u0131n\u0131 da belirtiyor.<\/p>\n<h2>Paris Anla\u015fmas\u0131\u2019n\u0131n Onaylanmas\u0131na Y\u00f6nelik G\u00f6r\u00fc\u015fler<\/h2>\n<p><strong><em>S\u00fcheyla Do\u011fan \/\u00a0<\/em><\/strong><strong><em>Ekoloji Birli\u011fi E\u015f S\u00f6zc\u00fcs\u00fc<\/em><\/strong><\/p>\n<p>\u201cT\u00fcrkiye bir\u00a0 an \u00f6nce Paris Anla\u015fmas\u0131n\u0131 onaylamal\u0131 ve en k\u0131sa s\u00fcrede de karbon n\u00f6tr bir \u00fclke olmal\u0131. Bu amaca ula\u015fmak i\u00e7in de hedeflerini belirleyerek, bu hedeflere ula\u015f\u0131lmas\u0131n\u0131 sa\u011flayacak somut ad\u0131mlar\u0131 atmal\u0131d\u0131r. Paris Anla\u015fmas\u0131&#8217;n\u0131 s\u00fcrecin ilk ad\u0131m\u0131 olarak kabul ediyoruz.&#8221;<\/p>\n<p><strong><em>\u00d6zg\u00fcr G\u00fcrb\u00fcz \/\u00a0<\/em><\/strong><strong><em>Ekosfer Derne\u011fi Y\u00f6netim Kurulu \u00dcyesi <\/em><\/strong><br \/>\n\u201cKarbonsuz yeni bir d\u00fczen kuruluyor ve T\u00fcrkiye bu d\u00fczenin d\u0131\u015f\u0131nda kal\u0131yor. En \u00e7ok seragaz\u0131 emisyonu \u00fcreten 20 \u00fclkeden biri olan T\u00fcrkiye&#8217;nin de hemen harekete ge\u00e7mesi gerek. Kimse T\u00fcrkiye\u2019den tek ba\u015f\u0131na d\u00fcnyay\u0131 kurtarmas\u0131n\u0131 beklemiyor ama evinin \u00f6n\u00fcn\u00fc s\u00fcp\u00fcrmesini istiyor. T\u00fcrkiye petrol ve do\u011falgazda zaten d\u0131\u015fa ba\u011f\u0131ml\u0131, t\u00fcketti\u011fi k\u00f6m\u00fcr\u00fcn de y\u00fczde 60\u2019\u0131 ithal. Dolay\u0131s\u0131yla, fosil yak\u0131tlardan kademeli bir \u015fekilde \u00e7\u0131k\u0131p yenilenebilir enerji ve enerji verimlili\u011fine ge\u00e7mek zaten her a\u00e7\u0131dan T\u00fcrkiye\u2019nin lehine\u201d.<\/p>\n<p><strong><em>Bengisu \u00d6zen\u00e7 \/\u00a0<\/em><\/strong><strong><em>S\u00fcrd\u00fcr\u00fclebilir Ekonomi ve Finans Ara\u015ft\u0131rmalar\u0131 Derne\u011fi (SEFiA) Direkt\u00f6r\u00fc<\/em><\/strong><\/p>\n<p>D\u00fc\u015f\u00fck karbonlu ekonomiye ge\u00e7i\u015f stratejileri bug\u00fcn \u00fclkelerin yaln\u0131zca sanayilerini de\u011fil, d\u0131\u015f politikalar\u0131n\u0131 da \u015fekillendiriyor. Net-s\u0131f\u0131r emisyona ula\u015fma hedefi 29 \u00fclkede kanunla\u015fm\u0131\u015f ya da politika dok\u00fcmanlar\u0131na yerle\u015fmi\u015f durumda. 98 \u00fclke ise bu y\u00f6nde hedef almay\u0131 tart\u0131\u015f\u0131yor. Uluslararas\u0131 ili\u015fkiler s\u00f6z konusu hedefler \u00fczerinden yeniden tan\u0131mlan\u0131rken, T\u00fcrkiye maalesef bu gruplar aras\u0131nda yer alm\u0131yor. A\u00e7\u0131k\u00e7a belirlenmi\u015f bir \u201cye\u015fil kalk\u0131nma\u201d stratejisi bulunmayan T\u00fcrkiye\u2019nin, kendisini bu k\u00fcresel g\u00fcndemin bir par\u00e7as\u0131 haline getirebilmesi i\u00e7in ilk ad\u0131m Paris Anla\u015fmas\u0131\u2019n\u0131n onaylanmas\u0131. Bu konuda daha fazla vakit kaybedilmemesi gerekiyor.<\/p>\n<p><strong><em>Ceren P\u0131nar Gayretli \/\u00a0<\/em><\/strong><strong><em>TEMA Vakf\u0131 \u00c7evre Politikalar\u0131 ve Uluslararas\u0131 \u0130li\u015fkiler B\u00f6l\u00fcm Ba\u015fkan\u0131<\/em><\/strong><\/p>\n<p>23 \u015eubat 2021 tarihinde G\u00fcney Sudan\u2019\u0131n da anla\u015fmaya taraf olmas\u0131 ile T\u00fcrkiye, Paris Anla\u015fmas\u0131n\u0131 onaylayarak y\u00fcr\u00fcrl\u00fc\u011fe koymayan 6 \u00fclkeden biri oldu. T\u00fcrkiye&#8217;nin sera gaz\u0131 azalt\u0131m taahh\u00fctlerini iyile\u015ftirmesi ve s\u00f6zle\u015fmeye taraf olan di\u011fer 191 \u00fclke gibi Paris \u0130klim Anla\u015fmas\u0131\u2019n\u0131 onaylayarak y\u00fcr\u00fcrl\u00fc\u011fe koymas\u0131 gerekiyor. T\u00fcrkiye, Paris Anla\u015fmas\u0131n\u0131 onaylamamaya devam etti\u011fi takdirde, gelece\u011fin siyasetinin, ticaretinin ve ekonomisinin \u00e7er\u00e7evesini \u00e7izen \u00fclkelerin d\u0131\u015f\u0131nda kalacak, y\u00f6n veren de\u011fil, izleyen olacak. T\u00fcrkiye&#8217;nin bir an \u00f6nce Paris \u0130klim Anla\u015fmas\u0131&#8217;n\u0131 onaylay\u0131p, iklim hedeflerini g\u00fc\u00e7lendirerek k\u00fcresel \u00e7al\u0131\u015fmalar\u0131n liderleri aras\u0131nda yer almas\u0131n\u0131 talep ediyoruz.<\/p>\n<p><strong><em>Asl\u0131 Pasinli\u00a0 \/\u00a0<\/em><\/strong><strong><em>WWF-T\u00fcrkiye (Do\u011fal Hayat\u0131 Koruma Vakf\u0131) Genel M\u00fcd\u00fcr\u00fc\u00a0<\/em><\/strong><\/p>\n<p>\u201cEtkilerini her ge\u00e7en g\u00fcn daha belirgin bir \u015fekilde hissetti\u011fimiz iklim krizi bug\u00fcn art\u0131k herkesi tehdit eden bir ekolojik kriz haline gelmi\u015f durumda. T\u00fcrkiye ise, kurakl\u0131k ba\u015fta olmak \u00fczere iklim krizinin etkilerini en ciddi \u00f6l\u00e7\u00fcde ya\u015famas\u0131 beklenen b\u00f6lgelerden biri olan Akdeniz Havzas\u0131\u2019nda yer al\u0131yor. Bu nedenle, d\u00fcnyan\u0131n geri kalan\u0131ndan ayr\u0131 hareket etmesi d\u00fc\u015f\u00fcn\u00fclemez. D\u00fcnyan\u0131n en b\u00fcy\u00fck 20 ekonomisinden biri olan T\u00fcrkiye\u2019nin iklim krizi ile m\u00fccadelede sorumlulu\u011funu yerine getirmek i\u00e7in acilen Paris Anla\u015fmas\u0131\u2019na taraf olaca\u011f\u0131n\u0131 ve ivedilikle ulusal katk\u0131 hedeflerini iyile\u015ftirece\u011fini umuyoruz.\u201d<\/p>\n<p><strong>\u0130lgili \u0130mza Kampanyas\u0131 \u0130\u00e7in:<\/strong> <a href=\"https:\/\/www.change.org\/p\/tbmm-t%C3%BCrkiye-paris-anla%C5%9Fmas%C4%B1-n%C4%B1-onaylas%C4%B1n?utm_source=share_petition&amp;utm_medium=custom_url&amp;recruited_by_id=88c403a0-76ce-11eb-8183-b3f0d6d0e454\" target=\"_blank\" rel=\"nofollow noopener\">Change.org\/ParisiOnayla\u00a0<\/a>\u00a0linkini ziyaret edebilirsiniz.<\/p>","protected":false},"excerpt":{"rendered":"<p>Sorry, this entry is only available in Turkish. For the sake of viewer convenience, the content is shown below in the alternative language. You may click the link to switch the active language. K\u00fcresel s\u0131cakl\u0131k art\u0131\u015f\u0131n\u0131 2 derecenin alt\u0131nda tutmay\u0131 ve daha fazla \u00e7aba sarf ederek 1,5 derecede s\u0131n\u0131rlamay\u0131 ama\u00e7layan Paris Anla\u015fmas\u0131\u2019n\u0131 T\u00fcrkiye\u2019nin de onaylamas\u0131 [&hellip;]<\/p>\n","protected":false},"author":1,"featured_media":130070,"comment_status":"open","ping_status":"open","sticky":false,"template":"","format":"standard","meta":[],"categories":[51,53,52],"tags":[52259,32617,87080,27427,53334,10368,35969,81533,57125,42001],"views":81,"_links":{"self":[{"href":"https:\/\/www.enerjigazetesi.ist\/en\/wp-json\/wp\/v2\/posts\/130066"}],"collection":[{"href":"https:\/\/www.enerjigazetesi.ist\/en\/wp-json\/wp\/v2\/posts"}],"about":[{"href":"https:\/\/www.enerjigazetesi.ist\/en\/wp-json\/wp\/v2\/types\/post"}],"author":[{"embeddable":true,"href":"https:\/\/www.enerjigazetesi.ist\/en\/wp-json\/wp\/v2\/users\/1"}],"replies":[{"embeddable":true,"href":"https:\/\/www.enerjigazetesi.ist\/en\/wp-json\/wp\/v2\/comments?post=130066"}],"version-history":[{"count":0,"href":"https:\/\/www.enerjigazetesi.ist\/en\/wp-json\/wp\/v2\/posts\/130066\/revisions"}],"wp:featuredmedia":[{"embeddable":true,"href":"https:\/\/www.enerjigazetesi.ist\/en\/wp-json\/wp\/v2\/media\/130070"}],"wp:attachment":[{"href":"https:\/\/www.enerjigazetesi.ist\/en\/wp-json\/wp\/v2\/media?parent=130066"}],"wp:term":[{"taxonomy":"category","embeddable":true,"href":"https:\/\/www.enerjigazetesi.ist\/en\/wp-json\/wp\/v2\/categories?post=130066"},{"taxonomy":"post_tag","embeddable":true,"href":"https:\/\/www.enerjigazetesi.ist\/en\/wp-json\/wp\/v2\/tags?post=130066"}],"curies":[{"name":"wp","href":"https:\/\/api.w.org\/{rel}","templated":true}]}}