{"id":130043,"date":"2021-02-24T13:04:59","date_gmt":"2021-02-24T10:04:59","guid":{"rendered":"https:\/\/www.enerjigazetesi.ist\/?p=130043"},"modified":"2021-02-24T13:09:26","modified_gmt":"2021-02-24T10:09:26","slug":"say-yenilenebilir-enerji-artik-nordex-acciona-nin-tedarikcileri-arasina-katildi","status":"publish","type":"post","link":"https:\/\/www.enerjigazetesi.ist\/en\/say-yenilenebilir-enerji-artik-nordex-acciona-nin-tedarikcileri-arasina-katildi\/","title":{"rendered":"(Turkish) &#8217;Say Yenilenebilir Enerji&#8217; Nordex Acciona&#8217;n\u0131n Tedarik\u00e7ileri Aras\u0131na Kat\u0131ld\u0131"},"content":{"rendered":"<p class=\"qtranxs-available-languages-message qtranxs-available-languages-message-en\">Sorry, this entry is only available in <a href=\"https:\/\/www.enerjigazetesi.ist\/tr\/wp-json\/wp\/v2\/posts\/130043\" class=\"qtranxs-available-language-link qtranxs-available-language-link-tr\" title=\"Turkish\">Turkish<\/a>. For the sake of viewer convenience, the content is shown below in the alternative language. You may click the link to switch the active language.<\/p><p><\/p>\n<h1><img loading=\"lazy\" class=\"alignright wp-image-130045\" src=\"https:\/\/www.enerjigazetesi.ist\/wp-content\/uploads\/2021\/02\/say-yenilenebilir-enerji-artik-nordex-accionanin-tedarikcileri-arasinda.jpg\" alt=\"\" width=\"340\" height=\"226\" srcset=\"https:\/\/www.enerjigazetesi.ist\/wp-content\/uploads\/2021\/02\/say-yenilenebilir-enerji-artik-nordex-accionanin-tedarikcileri-arasinda.jpg 882w, https:\/\/www.enerjigazetesi.ist\/wp-content\/uploads\/2021\/02\/say-yenilenebilir-enerji-artik-nordex-accionanin-tedarikcileri-arasinda-300x200.jpg 300w, https:\/\/www.enerjigazetesi.ist\/wp-content\/uploads\/2021\/02\/say-yenilenebilir-enerji-artik-nordex-accionanin-tedarikcileri-arasinda-768x511.jpg 768w, https:\/\/www.enerjigazetesi.ist\/wp-content\/uploads\/2021\/02\/say-yenilenebilir-enerji-artik-nordex-accionanin-tedarikcileri-arasinda-500x333.jpg 500w, https:\/\/www.enerjigazetesi.ist\/wp-content\/uploads\/2021\/02\/say-yenilenebilir-enerji-artik-nordex-accionanin-tedarikcileri-arasinda-75x50.jpg 75w, https:\/\/www.enerjigazetesi.ist\/wp-content\/uploads\/2021\/02\/say-yenilenebilir-enerji-artik-nordex-accionanin-tedarikcileri-arasinda-450x300.jpg 450w\" sizes=\"(max-width: 340px) 100vw, 340px\" \/>Say Yenilenebilir Enerji, r\u00fczgar enerjisi aksam\u0131 \u00fcr\u00fcnleriyle Nordex Acciona\u2019n\u0131n tedarik\u00e7ileri aras\u0131ndaki yerini ald\u0131.<\/h1>\n<p>Art\u0131k<strong> Say Yenilenebilir Enerji Ekipmanlar\u0131<\/strong>, Almanya merkezli <strong>Nordex Acciona<\/strong> kurulu\u015funun\u00a0<strong>tedarik\u00e7ileri<\/strong> aras\u0131na girdi.<\/p>\n<p>B\u00f6ylece Say Yanilenebilir Enerji Ekipmanlar\u0131 A.\u015e., r\u00fczgar enerji santralleri i\u00e7in\u00a0<strong>aksam<\/strong> ve <strong>b\u00fct\u00fcnleyici par\u00e7a tasar\u0131m\u0131<\/strong>, <strong>\u00fcretimi<\/strong> ve <strong>sat\u0131\u015f\u0131<\/strong>yla\u00a0<strong>sat\u0131\u015f sonras\u0131 hizmetler<\/strong>ine y\u00f6nelik\u00a0<strong>Nordex Acciona<\/strong>\u2019ya ve ba\u011fl\u0131 firmalar\u0131na\u00a0<strong>do\u011frudan teklif\u00a0<\/strong>verebilecek.<\/p>","protected":false},"excerpt":{"rendered":"<p>Sorry, this entry is only available in Turkish. For the sake of viewer convenience, the content is shown below in the alternative language. You may click the link to switch the active language. Say Yenilenebilir Enerji, r\u00fczgar enerjisi aksam\u0131 \u00fcr\u00fcnleriyle Nordex Acciona\u2019n\u0131n tedarik\u00e7ileri aras\u0131ndaki yerini ald\u0131. Art\u0131k Say Yenilenebilir Enerji Ekipmanlar\u0131, Almanya merkezli Nordex Acciona [&hellip;]<\/p>\n","protected":false},"author":1,"featured_media":130045,"comment_status":"open","ping_status":"open","sticky":false,"template":"","format":"standard","meta":[],"categories":[51,53,50],"tags":[87063,87064,5070,52259,87061,87068,87067,35002,87060,87066,53282,87065,87062,86927,54979],"views":171,"_links":{"self":[{"href":"https:\/\/www.enerjigazetesi.ist\/en\/wp-json\/wp\/v2\/posts\/130043"}],"collection":[{"href":"https:\/\/www.enerjigazetesi.ist\/en\/wp-json\/wp\/v2\/posts"}],"about":[{"href":"https:\/\/www.enerjigazetesi.ist\/en\/wp-json\/wp\/v2\/types\/post"}],"author":[{"embeddable":true,"href":"https:\/\/www.enerjigazetesi.ist\/en\/wp-json\/wp\/v2\/users\/1"}],"replies":[{"embeddable":true,"href":"https:\/\/www.enerjigazetesi.ist\/en\/wp-json\/wp\/v2\/comments?post=130043"}],"version-history":[{"count":0,"href":"https:\/\/www.enerjigazetesi.ist\/en\/wp-json\/wp\/v2\/posts\/130043\/revisions"}],"wp:featuredmedia":[{"embeddable":true,"href":"https:\/\/www.enerjigazetesi.ist\/en\/wp-json\/wp\/v2\/media\/130045"}],"wp:attachment":[{"href":"https:\/\/www.enerjigazetesi.ist\/en\/wp-json\/wp\/v2\/media?parent=130043"}],"wp:term":[{"taxonomy":"category","embeddable":true,"href":"https:\/\/www.enerjigazetesi.ist\/en\/wp-json\/wp\/v2\/categories?post=130043"},{"taxonomy":"post_tag","embeddable":true,"href":"https:\/\/www.enerjigazetesi.ist\/en\/wp-json\/wp\/v2\/tags?post=130043"}],"curies":[{"name":"wp","href":"https:\/\/api.w.org\/{rel}","templated":true}]}}