{"id":130030,"date":"2021-02-24T12:19:15","date_gmt":"2021-02-24T09:19:15","guid":{"rendered":"https:\/\/www.enerjigazetesi.ist\/?p=130030"},"modified":"2021-02-24T12:19:15","modified_gmt":"2021-02-24T09:19:15","slug":"kuresel-enerji-ve-iklim-politikalari-nda-yeni-donemle-gundem-abd-yonetimi","status":"publish","type":"post","link":"https:\/\/www.enerjigazetesi.ist\/en\/kuresel-enerji-ve-iklim-politikalari-nda-yeni-donemle-gundem-abd-yonetimi\/","title":{"rendered":"(Turkish) K\u00fcresel Enerji ve \u0130klim Politikalar\u0131nda Yeni D\u00f6nemle G\u00fcndem &#8216;ABD Y\u00f6netimi'"},"content":{"rendered":"<p class=\"qtranxs-available-languages-message qtranxs-available-languages-message-en\">Sorry, this entry is only available in <a href=\"https:\/\/www.enerjigazetesi.ist\/tr\/wp-json\/wp\/v2\/posts\/130030\" class=\"qtranxs-available-language-link qtranxs-available-language-link-tr\" title=\"Turkish\">Turkish<\/a>. For the sake of viewer convenience, the content is shown below in the alternative language. You may click the link to switch the active language.<\/p><p><\/p>\n<h1>Sabanc\u0131 \u00dcniversitesi \u0130stanbul Uluslararas\u0131 Enerji ve \u0130klim Merkezi (IICEC) taraf\u0131ndan d\u00fczenlenen \u201cK\u00fcresel Enerji ve \u0130klim Politikalar\u0131nda Yeni Bir D\u00f6nem: Yeni ABD Y\u00f6netimi G\u00fcndemi\u201d ba\u015fl\u0131kl\u0131 webinar 23 \u015eubat Sal\u0131 g\u00fcn\u00fc ger\u00e7ekle\u015fti. Webinar\u0131n a\u00e7\u0131l\u0131\u015f konu\u015fmas\u0131n\u0131 yapan Sabanc\u0131 \u00dcniversitesi Kurucu M\u00fctevelli Heyeti Ba\u015fkan\u0131 G\u00fcler Sabanc\u0131, IICEC&#8217;in, enerji ve iklim konular\u0131n\u0131n ili\u015fkilerini ele almak i\u00e7in tam zaman\u0131nda ve se\u00e7kin konu\u015fmac\u0131larla ger\u00e7ekle\u015ftirdi\u011fi bu \u00f6zel webinar ile \u00f6nc\u00fcl\u00fck etmesinden memnuniyet duydu\u011funu s\u00f6yledi. G\u00fcler Sabanc\u0131, <span style=\"text-decoration: underline;\">\u015f\u00f6yle konu\u015ftu:<\/span><\/h1>\n<p>\u201cBug\u00fcn bizimle birlikte olan Bakan Moniz&#8217;e kendisinin se\u00e7kin akademik liderli\u011finde kurulan, ileri g\u00f6r\u00fc\u015fl\u00fc bir kurum olan <strong>MIT Energy Initiative<\/strong>&#8216;e beni davet etti\u011fi i\u00e7in ki\u015fisel te\u015fekk\u00fcrlerim var. Kendisinin Obama Y\u00f6netimi\u2019nde <strong>ABD Enerji Bakan\u0131<\/strong> olarak liderli\u011fi \u00e7ok dikkat \u00e7ekiciydi; <strong>temiz enerjiyi, bilimi, inovasyonu<\/strong> ve <strong>teknolojiyi<\/strong> daha ileriye ta\u015f\u0131makta ve pek \u00e7ok stratejik enerji konular\u0131nda ola\u011fan\u00fcst\u00fc ba\u015far\u0131lar elde etti. Bakan Moniz&#8217;e,<strong> Sabanc\u0131 \u00dcniversitesi<\/strong> ve<strong> IICEC<\/strong>&#8216;e <img loading=\"lazy\" class=\"alignright wp-image-130032\" src=\"https:\/\/www.enerjigazetesi.ist\/wp-content\/uploads\/2021\/02\/kuresel-enerji-ve-iklim-politikalari-nda-yeni-donemle-gundem-abd-yonetimi.jpg\" alt=\"\" width=\"340\" height=\"209\" srcset=\"https:\/\/www.enerjigazetesi.ist\/wp-content\/uploads\/2021\/02\/kuresel-enerji-ve-iklim-politikalari-nda-yeni-donemle-gundem-abd-yonetimi.jpg 550w, https:\/\/www.enerjigazetesi.ist\/wp-content\/uploads\/2021\/02\/kuresel-enerji-ve-iklim-politikalari-nda-yeni-donemle-gundem-abd-yonetimi-300x184.jpg 300w, https:\/\/www.enerjigazetesi.ist\/wp-content\/uploads\/2021\/02\/kuresel-enerji-ve-iklim-politikalari-nda-yeni-donemle-gundem-abd-yonetimi-500x307.jpg 500w, https:\/\/www.enerjigazetesi.ist\/wp-content\/uploads\/2021\/02\/kuresel-enerji-ve-iklim-politikalari-nda-yeni-donemle-gundem-abd-yonetimi-80x50.jpg 80w\" sizes=\"(max-width: 340px) 100vw, 340px\" \/>deste\u011finden dolay\u0131 ve yeni<strong> ABD Y\u00f6netimi<\/strong> g\u00fcndeminde iklim konusunun \u00e7ok \u00f6n plana \u00e7\u0131kt\u0131\u011f\u0131 bu d\u00f6nemde, paha bi\u00e7ilmez g\u00f6r\u00fc\u015f ve de\u011ferlendirmelerini bizimle payla\u015fmak i\u00e7in sabah\u0131n erken saatlerinde Amerika Birle\u015fik Devletleri\u2019nden bize kat\u0131ld\u0131\u011f\u0131 i\u00e7in te\u015fekk\u00fcr ediyorum.\u201d<\/p>\n<p><strong>Dr. Fatih Birol<\/strong>&#8216;a ve panele kat\u0131lan t\u00fcm konu\u015fmac\u0131lara te\u015fekk\u00fcr eden <strong>G\u00fcler Sabanc\u0131<\/strong>, Dr. Birol y\u00f6netiminde <strong>Uluslararas\u0131 Enerji Ajans\u0131\u2019<\/strong>n\u0131n d\u00fcnyada<strong> temiz enerji d\u00f6n\u00fc\u015f\u00fcm\u00fc<\/strong>ne de liderlik etti\u011fini vurgulayarak<em> \u201cK\u0131sa s\u00fcre \u00f6nce Dr. Birol, Uluslararas\u0131 Enerji Ajans\u0131 taraf\u0131ndan d\u00fcnya enerji sekt\u00f6r\u00fcn\u00fcn b\u00fct\u00fcn\u00fcn\u00fc kapsayan ve 2050 y\u0131l\u0131na kadar net s\u0131f\u0131r emisyona ula\u015f\u0131lmas\u0131na y\u00f6nelik bir ilk olacak, kapsaml\u0131 yol haritas\u0131n\u0131n a\u00e7\u0131klanaca\u011f\u0131n\u0131 duyurdu. B\u00fct\u00fcn bu geli\u015fmeler i\u00e7erisinde, bu \u00f6zel IICEC webinar\u0131, Dr. Fatih Birol\u2019un, ABD Enerji ve Tabii Kaynaklar Komisyonu\u2019ndaki konu\u015fmas\u0131n\u0131n hemen ard\u0131ndan gelmesi bak\u0131m\u0131ndan da b\u00fcy\u00fck \u00f6nem ta\u015f\u0131yor\u201d<\/em> dedi.<\/p>\n<h2><strong>IICEC\u2019TEN YEN\u0130 PROJE: T\u00dcRK\u0130YE\u2019DE ELEKTR\u0130KL\u0130 ARA\u00c7LAR G\u00d6R\u00dcN\u00dcM\u00dc<\/strong><\/h2>\n<p>G\u00fcler Sabanc\u0131, enerji ve iklimin Sabanc\u0131 \u00dcniversitesi\u2019nin ilgi duydu\u011fu, <strong>\u00f6zel<\/strong> ve \u00f6ncelikli konular aras\u0131nda oldu\u011funu, <strong>10 y\u0131l<\/strong> \u00f6nce <strong>IICEC<\/strong>\u2019i, <strong>politika yap\u0131c\u0131lar\u0131, end\u00fcstriyi<\/strong> ve<strong> akademiyi<\/strong>, ortak bir ama\u00e7la bir araya getirmek ve daha iyi bir gelece\u011fe do\u011fru ad\u0131mlar atmak \u00fczere kurduklar\u0131n\u0131 hat\u0131rlatt\u0131. IICEC\u2019in k\u0131sa bir s\u00fcre \u00f6nce <strong>politika yap\u0131c\u0131lar, end\u00fcstri<\/strong> ve <strong>akademisyenlerle<\/strong> birlikte <strong>\u201cBa\u015far\u0131 \u00dc\u00e7geni\u201d<\/strong> i\u00e7inde \u00e7al\u0131\u015farak <strong>Turkey Energy Outlook (T\u00fcrkiye Enerji G\u00f6r\u00fcn\u00fcm\u00fc) \u00e7al\u0131\u015fmas\u0131<\/strong>n\u0131 yay\u0131nlad\u0131\u011f\u0131n\u0131 hat\u0131rlatan G\u00fcler Sabanc\u0131, <em>\u201cT\u00fcrkiye enerji sekt\u00f6r\u00fcndeki \u00f6nemli bir ihtiyac\u0131 kar\u015f\u0131layan bu \u00e7al\u0131\u015fma, t\u00fcm payda\u015flar i\u00e7in bir referans \u00e7al\u0131\u015fma niteli\u011finde oldu. <strong>IICEC<\/strong>\u2019in b\u00fcy\u00fcmesinden ve etkisini geni\u015fletmesini g\u00f6rmekten memnunum. Bu y\u0131l, IICEC&#8217;in bir di\u011fer b\u00fcy\u00fck projesi,<strong> \u201cTurkey Electric Vehicles Outlook\u201d<\/strong> (T\u00fcrkiye\u2019de Elektrikli Ara\u00e7lar G\u00f6r\u00fcn\u00fcm\u00fc) olacak. Bu \u00e7al\u0131\u015fmada T\u00fcrkiye&#8217;de elektrikli ara\u00e7lar ve <strong>e-mobilite ekosistemi<\/strong> ve b\u00fcy\u00fcme perspektifi, kapsaml\u0131 bir analitik perspektif i\u00e7inde sunulacak. Raporun \u00f6n\u00fcm\u00fczdeki sonbaharda yay\u0131nlanmas\u0131 planlan\u0131yor\u201d<\/em> dedi.<\/p>\n<h2><strong>BIDEN Y\u00d6NET\u0130M\u0130 \u0130KL\u0130M DE\u011e\u0130\u015e\u0130KL\u0130\u011e\u0130YLE M\u00dcCADELES\u0130N\u0130 S\u00dcRD\u00dcRECEK<\/strong><\/h2>\n<p>ABD\u2019nin 13&#8217;\u00fcnc\u00fc Enerji Bakan\u0131 <strong>Prof. Ernest J. Moniz<\/strong> konu\u015fmas\u0131nda, Biden Y\u00f6netimi ile birlikte ABD\u2019nin yeniden <strong>Paris \u0130klim Anla\u015fmas\u0131<\/strong>\u2019na dahil oldu\u011funu hat\u0131rlatarak,<em> \u201cUluslararas\u0131 taahh\u00fcd\u00fcm\u00fcz\u00fc yerine getirmek zorunday\u0131z. \u00d6n\u00fcm\u00fczde<strong> 22 Nisan<\/strong>\u2019da <strong>D\u00fcnya G\u00fcn\u00fc<\/strong> var. COP26 Glasgow \u00f6ncesi <strong>net s\u0131f\u0131r karbon hedefi<\/strong>ne ula\u015fabilmemiz i\u00e7in ortak bir eylem i\u00e7inde olaca\u011f\u0131z\u201d dedi. Prof. Moniz, ABD&#8217;deki yeni y\u00f6netimin<strong> iklim de\u011fi\u015fikli\u011fiyle m\u00fccadele<\/strong> ve <strong>temiz enerji teknolojileri<\/strong>nde \u00e7ok kapsaml\u0131 bir politika izleyece\u011fini, \u00fclkenin iklim de\u011fi\u015fikli\u011fiyle m\u00fccadele i\u00e7in taahh\u00fctler belirleyece\u011fini belirtti. Prof. Moniz, \u201c<strong>Net s\u0131f\u0131r emisyon hedefi<\/strong>ne ula\u015fmam\u0131z i\u00e7in bu \u00e7ok \u00f6nemli bir sava\u015f. Bizim i\u00e7in \u00f6nemli bir eylem. <strong>Biden y\u00f6netimi<\/strong>nde herkes g\u00fc\u00e7lerini bu hedef i\u00e7in birle\u015ftirdi. Kurumsal alanda b\u00fcy\u00fck ad\u0131mlar at\u0131lacak. <strong>Teknoloji<\/strong> ve <strong>inovasyona<\/strong> \u00e7ok fazla destek verilecek\u201d<\/em> dedi.<\/p>\n<p>Kas\u0131m ay\u0131nda Glasgow\u2019da yap\u0131lacak <strong>COP26 iklim toplant\u0131lar\u0131<\/strong>na giden yolun \u00e7ok heyecan verici olaca\u011f\u0131n\u0131 belirten ve bu y\u00fczy\u0131l i\u00e7erisinde net negatif emisyon vurgusu yapan Prof. Moniz, ABD\u2019de elektrikli ara\u00e7larda h\u0131zl\u0131 b\u00fcy\u00fcmenin de alt\u0131n\u0131 \u00e7izerek <em>&#8220;Bu b\u00fcy\u00fcme sadece <strong>elektrikli ara\u00e7lar\u0131 destekleyen<\/strong> bir y\u00f6netim oldu\u011fu i\u00e7in ya\u015fanm\u0131yor. \u00c7\u00fcnk\u00fc end\u00fcstri de inan\u0131lmaz \u015fekillerde \u00f6ne \u00e7\u0131k\u0131yor. Bu y\u00fczden emniyet kemerlerinizi tak\u0131n derim \u00e7\u00fcnk\u00fc <strong>elektrikli ara\u00e7 devrimi<\/strong> ger\u00e7ekten havalanmaya ve ilerlemeye ba\u015flayacak.&#8221;<\/em> dedi.<\/p>\n<h2><strong>SIFIR EM\u0130SYON \u0130\u00c7\u0130N SATILAN HER 2 ARA\u00c7TAN B\u0130R\u0130 ELEKTR\u0130KL\u0130 OLMALI<\/strong><\/h2>\n<p><strong>Uluslararas\u0131 Enerji Ajans\u0131 (IEA)<\/strong> Ba\u015fkan\u0131 <strong>Dr. Fatih Birol,<\/strong> <em>\u201cK\u00fcresel Perspektif\u201d ba\u015fl\u0131kl\u0131 Keynote konu\u015fmas\u0131nda, <strong>enerji <\/strong>ve<strong> iklim<\/strong> alanlar\u0131nda d\u00fcnyada \u00f6ne \u00e7\u0131kan <strong>\u00f6nemli dinamikleri, f\u0131rsatlar\u0131<\/strong> ve at\u0131lmas\u0131<strong> gereken ad\u0131mlar\u0131<\/strong> de\u011ferlendirdi. <strong>Dr. Fatih Birol<\/strong>, <strong>enerji<\/strong> ve<strong> iklim de\u011fi\u015fikli\u011finin<\/strong> birbiriyle \u00e7ok yak\u0131n ba\u011flant\u0131l\u0131 iki konu oldu\u011funu hat\u0131rlatarak, \u201cEnerji sekt\u00f6r\u00fcndeki sorunu \u00e7\u00f6zmeden iklim sorununu \u00e7\u00f6zmeniz m\u00fcmk\u00fcn de\u011fil. \u0130klim de\u011fi\u015fikli\u011fine yol a\u00e7an emisyonlar\u0131n <strong>% 80<\/strong>&#8216;i enerji sekt\u00f6r\u00fcnden kaynaklan\u0131yor\u201d diye konu\u015ftu. <strong>\u0130klim de\u011fi\u015fikli\u011finin y\u0131k\u0131c\u0131 etkileri<\/strong>nin<strong> COVID-19 salg\u0131n\u0131<\/strong>ndan birka\u00e7 kat daha \u015fiddetli ya\u015fanaca\u011f\u0131n\u0131 vurgulayan <strong>Dr. Fatih Birol<\/strong>, \u201cYenilenebilir enerji gibi umut vadeden geli\u015fmeler var. T\u00fcrkiye dahil bir\u00e7ok \u00fclke bu alanda \u00f6nemli geli\u015fmeler kaydetti. Ekonomi paketlerinde pek \u00e7ok \u00fclkede <strong>temiz enerji<\/strong> i\u00e7in <strong>\u00f6zel destekler<\/strong> konuluyor. Bu konuda bir \u00fclkenin iyi bir i\u015f \u00e7\u0131karmas\u0131 sorunu \u00e7\u00f6zmek i\u00e7in yeterli de\u011fil. Bu soruna k\u00fcresel bir \u00e7\u00f6z\u00fcm bulunmas\u0131 gerekiyor.&#8221;<\/em> dedi.<\/p>\n<p>Bir\u00e7ok h\u00fck\u00fcmetin 2050&#8217;de <strong>s\u0131f\u0131r emisyon hedefi<\/strong>ne ula\u015fmak i\u00e7in<strong> taahh\u00fctler<\/strong> verdi\u011fini ve Kas\u0131m ay\u0131nda ger\u00e7ekle\u015ftirilecek<strong> COP26 Zirvesi<\/strong>&#8216;nde t\u00fcm d\u00fcnyay\u0131 do\u011fru yolda<strong> ilerlemeye te\u015fvik etmek<\/strong> i\u00e7in bir anla\u015fmaya varmak istedi\u011fini belirten Dr. Birol, k\u00fcresel \u00f6l\u00e7ekte <strong>net s\u0131f\u0131r emisyon<\/strong> i\u00e7in t\u00fcm d\u00fcnyay\u0131 kapsayan ve bir ilk olacak yol haritas\u0131n\u0131 <strong>May\u0131s ay\u0131nda<\/strong> a\u00e7\u0131klayacaklar\u0131n\u0131, <strong>2050\u2019de<\/strong> t\u00fcm <strong>d\u00fcnya net s\u0131f\u0131ra ula\u015facak<\/strong> olursa bundan herkesin fayda sa\u011flayaca\u011f\u0131n\u0131 belirterek s\u00f6zlerini <span style=\"text-decoration: underline;\">\u015f\u00f6yle s\u00fcrd\u00fcrd\u00fc:\u00a0<\/span><\/p>\n<p>\u201c<strong>Enerji<\/strong> ve <strong>iklim<\/strong> ili\u015fkisinde sihirli kelime inovasyon. \u00c7ok b\u00fcy\u00fck, kapsaml\u0131 bir inovasyona ihtiyac\u0131m\u0131z var ki gerekli t\u00fcm teknolojileri piyasaya haz\u0131r hale getirelim.\u00a0Dipten gelen g\u00fc\u00e7l\u00fc dalgalar\u0131n T\u00fcrkiye&#8217;yi etkilememesi imkans\u0131z. Sekt\u00f6r\u00fcn d\u00fcnyadaki geli\u015fmelerden <strong>dersler \u00e7\u0131karmas\u0131<\/strong> gerekiyor. Bu nedenle oyunu zaman\u0131nda okuyup, <strong>ekonomimizi<\/strong> ve <strong>enerji sekt\u00f6r\u00fcn\u00fc<\/strong> ona g\u00f6re haz\u0131rlamal\u0131y\u0131z diye d\u00fc\u015f\u00fcn\u00fcyorum.\u201d<\/p>\n<p><strong>D\u00fcnya&#8217;da emisyonlar\u0131 s\u0131f\u0131ra getirmek<\/strong> i\u00e7in \u00f6ne \u00e7\u0131kan konular aras\u0131nda <strong>elektrikli ara\u00e7lara<\/strong> \u00f6zel bir parantez a\u00e7an Dr. Birol, <em>\u201cS\u0131f\u0131r emisyon i\u00e7in sat\u0131lan her <strong>2<\/strong> ara\u00e7tan <strong>1\u2019i<\/strong> elektrikli olmal\u0131. \u015eu anda sat\u0131lan her <strong>100<\/strong> arabadan belki <strong>3&#8217;\u00fc<\/strong> elektrikli. Bir\u00e7ok \u00fclke \u015fu anda kulland\u0131\u011f\u0131m\u0131z <strong>konvansiyonel ara\u00e7lar\u0131n sat\u0131\u015f\u0131n\u0131<\/strong> yasaklad\u0131 ve yak\u0131nda ba\u015fka \u00fclkeler de bu yasaklar\u0131 a\u00e7\u0131klayacak. Elektrikli ara\u00e7larla ilgili <strong>T\u00fcrkiye\u2019de de g\u00fczel geli\u015fmeler<\/strong> oluyor fakat hen\u00fcz yeterli seviyede de\u011fil. T\u00fcrkiye <strong>TOGG<\/strong> ile ilgili \u00f6nemli ad\u0131mlar att\u0131 ama T\u00fcrkiye&#8217;deki otomotiv sekt\u00f6r\u00fcn\u00fcn <strong>elektrikli ara\u00e7 devrimi<\/strong> konusunda daha fazla ne yapabilece\u011fini d\u00fc\u015f\u00fcnmesi laz\u0131m\u201d<\/em> dedi.<\/p>\n<p><strong>\u0130\u015e D\u00dcNYASI PANEL\u0130\u00a0<\/strong><\/p>\n<p>Sabanc\u0131 \u00dcniversitesi Rekt\u00f6r Yard\u0131mc\u0131s\u0131 <strong>Prof. Dr. Fuat Keyman<\/strong> taraf\u0131ndan y\u00f6netilen \u201c\u0130\u015f D\u00fcnyas\u0131\u201d odakl\u0131 panelle devam etti. Panele, Borusan Holding CEO\u2019su <strong>Erkan Kafadar<\/strong>, Shell T\u00fcrkiye \u00dclke Ba\u015fkan\u0131 <strong>Ahmet Erdem<\/strong> ve T\u00dcS\u0130AD Enerji \u00c7al\u0131\u015fma Grubu Ba\u015fkan\u0131<strong> K\u0131van\u00e7 Zaimler<\/strong> konu\u015fmac\u0131 olarak kat\u0131ld\u0131.<\/p>\n<p>Borusan Holding CEO\u2019su<strong> Erkan Kafadar<\/strong>, T\u00fcrkiye\u2019nin ihracat\u0131nda otomotivin ilk s\u0131rada yer ald\u0131\u011f\u0131na dikkat \u00e7ekerek, \u015funlar\u0131 s\u00f6yledi: <em>\u201c\u0130\u00e7ten yanmal\u0131 motorla \u00fcretim yapan bu end\u00fcstrinin d\u00f6n\u00fc\u015f\u00fcm\u00fcn\u00fc hep birlikte ger\u00e7ekle\u015ftirmemiz laz\u0131m. <strong>Sanayici, devlet<\/strong> ve <strong>\u00fcniversitenin<\/strong> do\u011fru d\u00f6n\u00fc\u015f\u00fcm\u00fcn\u00fc birlikte tarif etmemiz \u00e7ok \u00f6nemli. Burada ya\u015fanacak d\u00f6n\u00fc\u015f\u00fcm\u00fcn ayn\u0131 zamanda<strong> \u015farj istasyonlar\u0131<\/strong> ve <strong>elektrik da\u011f\u0131t\u0131m a\u011flar\u0131<\/strong> ile de desteklenmesi laz\u0131m. Genel olarak <strong>enerjide d\u00f6n\u00fc\u015f\u00fcm<\/strong> i\u00e7in finansmana ihtiya\u00e7 duyaca\u011f\u0131z. Avrupa\u2019n\u0131n <strong>d\u00fc\u015f\u00fck faizli<\/strong>, <strong>uzun vadeli<\/strong>, <strong>\u00e7evreci finansman<\/strong> kaynaklar\u0131na ula\u015fmal\u0131y\u0131z. <strong>Teknoloji<\/strong> ve <strong>inovasyonu<\/strong> destekleyecek olan konu \u00e7evreci finansman.\u201d<\/em><\/p>\n<p>Shell T\u00fcrkiye \u00dclke Ba\u015fkan\u0131 <strong>Ahmet Erdem<\/strong> ise Shell\u2019in <strong>enerji d\u00f6n\u00fc\u015f\u00fcm\u00fc<\/strong> konusundaki yakla\u015f\u0131m\u0131n\u0131n \u00e7ok net oldu\u011funu belirterek, <strong>Paris Anla\u015fmas\u0131<\/strong>\u2019ndaki <strong>s\u0131f\u0131r emisyon hedefine<\/strong> ula\u015fmak i\u00e7in yol haritas\u0131n\u0131 \u00e7izdiklerini s\u00f6yledi. D\u00fcnyaya daha fazla <strong>temiz enerji<\/strong> sa\u011flamay\u0131 ama\u00e7lad\u0131klar\u0131n\u0131 s\u00f6yleyen Ahmet Erdem, <em>\u201cNeresinden bakars\u0131n\u0131z bak\u0131n, <strong>enerji sistemi<\/strong> d\u00f6n\u00fc\u015fecek, b\u00fct\u00fcn mesele h\u0131z. Farkl\u0131 sekt\u00f6rler, farkl\u0131 \u00fclkeler, farkl\u0131 h\u0131zda ilerleyecek ancak olabildi\u011fince \u00e7abuk olunmas\u0131 gerekiyor. B\u00fct\u00fcn \u00fclkelerin bunu yapmas\u0131 gerek. B\u00fct\u00fcn <strong>i\u015fletmeler<\/strong> ve<strong> kurumlar\u0131n<\/strong> s\u0131f\u0131r emisyona gidecek yol haritas\u0131n\u0131 birlikte \u00e7izmemiz laz\u0131m. <strong>Uzun vadeli yat\u0131r\u0131m<\/strong> gerektiren alanlarda politikalar\u0131n \u00f6ng\u00f6r\u00fclebilir olmas\u0131 laz\u0131m. <strong>Net s\u0131f\u0131r emisyon<\/strong> i\u00e7in \u00f6nemli payda\u015flar olarak birlikte hareket edilmesi gerekiyor\u201d<\/em> dedi.<\/p>\n<p><strong>T\u00dcS\u0130AD<\/strong> Enerji \u00c7al\u0131\u015fma Grubu Ba\u015fkan\u0131<strong> K\u0131van\u00e7 Zaimler<\/strong> ise <strong>T\u00dcS\u0130AD Enerji \u00c7al\u0131\u015fma Grubu<\/strong>\u2019nun enerjide <strong>s\u00fcrd\u00fcr\u00fclebilir b\u00fcy\u00fcmeyi desteklemek<\/strong> \u00fczere <strong>rekabet odakl\u0131, yenilik\u00e7i, \u00e7evreyle uyumlu, somut<\/strong> ve <strong>uygulanabilir \u00f6neriler<\/strong> geli\u015ftirmeye \u00e7al\u0131\u015ft\u0131\u011f\u0131n\u0131 belirterek\u00a0\u015f\u00f6yle konu\u015ftu:<em> \u201c<strong>T\u00fcm D\u00fcnya\u2019da<\/strong> ve <strong>T\u00fcrkiye\u2019de<\/strong> enerji sekt\u00f6r\u00fcn\u00fcn d\u00f6n\u00fc\u015f\u00fcm\u00fc ve geli\u015fimi h\u0131zla devam ediyor.\u00a0Enerji ekosistemi giderek b\u00fcy\u00fcyor. Bu d\u00f6n\u00fc\u015f\u00fcm ya\u015fan\u0131rken;<strong> t\u00fcketici, inovasyon<\/strong> ve<strong> \u00e7evre<\/strong> dahil t\u00fcm boyutlar\u0131 bir arada konu\u015fmaya ba\u015flad\u0131\u011f\u0131m\u0131z bir d\u00fcnya bizi bekliyor. <strong>Megatrendler, iklim<\/strong> ve <strong>teknoloji<\/strong> ile birlikte d\u00f6n\u00fc\u015f\u00fcm h\u0131z\u0131m\u0131z\u0131 artt\u0131r\u0131rken; <strong>s\u00fcrd\u00fcr\u00fclebilirlik<\/strong> kavram\u0131n\u0131 da \u00f6ne \u00e7\u0131kart\u0131yor. Enerji d\u00f6n\u00fc\u015f\u00fcm ba\u015fl\u0131\u011f\u0131n\u0131n temelinde <strong>iklim<\/strong> ve<strong> teknoloji<\/strong> yat\u0131yor asl\u0131nda. Bu d\u00f6n\u00fc\u015f\u00fcm <strong>\u00fc\u00e7 D<\/strong> ile ba\u015flad\u0131, <strong>dekarbonizasyon, dijitalle\u015fme<\/strong> ve <strong>da\u011f\u0131t\u0131k enerji<\/strong>. Biz de T\u00dcS\u0130AD \u00e7al\u0131\u015fma grubunda s\u00fcrd\u00fcr\u00fclebilirlik oda\u011f\u0131nda ileti\u015fimini s\u00fcrd\u00fcrd\u00fc\u011f\u00fcm\u00fcz<strong> 4 ba\u015fl\u0131k ile bu d\u00f6n\u00fc\u015f\u00fcm\u00fc<\/strong> destekliyoruz. Birincisi<strong> piyasa odakl\u0131 bir verimli b\u00fcy\u00fcme<\/strong>. \u0130kincisi <strong>yenilenebilir d\u00f6n\u00fc\u015f\u00fcm<\/strong>. \u00dc\u00e7\u00fcnc\u00fcs\u00fc <strong>teknoloji<\/strong> ve d\u00f6rd\u00fcnc\u00fcs\u00fc de <strong>t\u00fcketici<\/strong>. B\u00fct\u00fcn bu konular\u0131 <strong>kamu<\/strong> ve <strong>kamuoyu<\/strong> ile isti\u015fare ederek, payla\u015farak <strong>bu d\u00f6n\u00fc\u015f\u00fcm\u00fcn sa\u011fl\u0131kl\u0131 olmas\u0131na<\/strong> destek olmaya \u00e7al\u0131\u015f\u0131yoruz.&#8221;<\/em><\/p>","protected":false},"excerpt":{"rendered":"<p>Sorry, this entry is only available in Turkish. For the sake of viewer convenience, the content is shown below in the alternative language. You may click the link to switch the active language. Sabanc\u0131 \u00dcniversitesi \u0130stanbul Uluslararas\u0131 Enerji ve \u0130klim Merkezi (IICEC) taraf\u0131ndan d\u00fczenlenen \u201cK\u00fcresel Enerji ve \u0130klim Politikalar\u0131nda Yeni Bir D\u00f6nem: Yeni ABD Y\u00f6netimi [&hellip;]<\/p>\n","protected":false},"author":1,"featured_media":130032,"comment_status":"open","ping_status":"open","sticky":false,"template":"","format":"standard","meta":[],"categories":[51,53,52],"tags":[8031,87044,87043,87045,52259,87039,1049,5232,4531,10921,87040,85812,87046,57125,87041,87042,54033],"views":133,"_links":{"self":[{"href":"https:\/\/www.enerjigazetesi.ist\/en\/wp-json\/wp\/v2\/posts\/130030"}],"collection":[{"href":"https:\/\/www.enerjigazetesi.ist\/en\/wp-json\/wp\/v2\/posts"}],"about":[{"href":"https:\/\/www.enerjigazetesi.ist\/en\/wp-json\/wp\/v2\/types\/post"}],"author":[{"embeddable":true,"href":"https:\/\/www.enerjigazetesi.ist\/en\/wp-json\/wp\/v2\/users\/1"}],"replies":[{"embeddable":true,"href":"https:\/\/www.enerjigazetesi.ist\/en\/wp-json\/wp\/v2\/comments?post=130030"}],"version-history":[{"count":0,"href":"https:\/\/www.enerjigazetesi.ist\/en\/wp-json\/wp\/v2\/posts\/130030\/revisions"}],"wp:featuredmedia":[{"embeddable":true,"href":"https:\/\/www.enerjigazetesi.ist\/en\/wp-json\/wp\/v2\/media\/130032"}],"wp:attachment":[{"href":"https:\/\/www.enerjigazetesi.ist\/en\/wp-json\/wp\/v2\/media?parent=130030"}],"wp:term":[{"taxonomy":"category","embeddable":true,"href":"https:\/\/www.enerjigazetesi.ist\/en\/wp-json\/wp\/v2\/categories?post=130030"},{"taxonomy":"post_tag","embeddable":true,"href":"https:\/\/www.enerjigazetesi.ist\/en\/wp-json\/wp\/v2\/tags?post=130030"}],"curies":[{"name":"wp","href":"https:\/\/api.w.org\/{rel}","templated":true}]}}