{"id":129939,"date":"2021-02-23T13:46:17","date_gmt":"2021-02-23T10:46:17","guid":{"rendered":"https:\/\/www.enerjigazetesi.ist\/?p=129939"},"modified":"2021-02-23T13:47:03","modified_gmt":"2021-02-23T10:47:03","slug":"tupras-in-nextremers-programi-3uncu-yilinda-da-yeni-yetenekleri-kesfediyor","status":"publish","type":"post","link":"https:\/\/www.enerjigazetesi.ist\/en\/tupras-in-nextremers-programi-3uncu-yilinda-da-yeni-yetenekleri-kesfediyor\/","title":{"rendered":"(Turkish) T\u00fcpra\u015f&#8217;\u0131n &#8216;Nextremers Program\u0131&#8217; 3&#8217;\u00fcnc\u00fc Y\u0131l\u0131nda da Yeni Yetenekleri Ke\u015ffediyor!"},"content":{"rendered":"<p class=\"qtranxs-available-languages-message qtranxs-available-languages-message-en\">Sorry, this entry is only available in <a href=\"https:\/\/www.enerjigazetesi.ist\/tr\/wp-json\/wp\/v2\/posts\/129939\" class=\"qtranxs-available-language-link qtranxs-available-language-link-tr\" title=\"Turkish\">Turkish<\/a>. For the sake of viewer convenience, the content is shown below in the alternative language. You may click the link to switch the active language.<\/p><p><\/p>\n<h1><strong>Gen\u00e7 yeteneklere hen\u00fcz \u00f6\u011frenciyken ger\u00e7ek bir \u00e7al\u0131\u015fma ortam\u0131 deneyimi sunan T\u00fcpra\u015f Nextremers program\u0131, yeni yetenekleri ke\u015ffetmeye ve gelece\u011fi \u00dcniversiteliler ile birlikte tasarlamaya devam ediyor. Gen\u00e7lerin ki\u015fisel geli\u015fimlerini de destekleyerek profesyonel i\u015f hayat\u0131na haz\u0131rlanma imkan\u0131 sunan T\u00fcpra\u015f Nextremers\u2019a ba\u015fvurular 5 \u015eubat- 14 Mart 2020 tarihleri aras\u0131nda devam edecek. T\u00fcpra\u015f Nextremers, gelece\u011fi; \u00fcniversite \u00f6\u011frencilerinin yetenek, tutku, bilgi birikimi, fikir ve hayallerinden alaca\u011f\u0131 g\u00fc\u00e7le birlikte tasarlamay\u0131 hedefliyor.<\/strong><\/h1>\n<p>\u00dcniversite \u00f6\u011frencilerinin <strong>ki\u015fisel geli\u015fimlerini destekleyerek<\/strong> ger\u00e7ek bir \u00e7al\u0131\u015fma ortam\u0131 deneyimi sunan <strong>Nextremers<\/strong> program\u0131, <strong>3\u2019\u00fcnc\u00fc senesinde<\/strong> de yeni yeteneklerle bulu\u015fmay\u0131 bekliyor. T\u00fcpra\u015f Genel M\u00fcd\u00fcrl\u00fc\u011f\u00fc ile <strong>\u0130zmit, \u0130zmir<\/strong> ve<strong> K\u0131r\u0131kkale rafinerileri<\/strong> i\u00e7in <strong>5 \u015eubat 2021<\/strong> tarihinde ba\u015flayan <img loading=\"lazy\" class=\"alignright wp-image-129941\" src=\"https:\/\/www.enerjigazetesi.ist\/wp-content\/uploads\/2021\/02\/tupras-in-nextremers-programi-3uncu-yilinda-da-yeni-yetenekleri-kesfediyor.jpg\" alt=\"\" width=\"340\" height=\"327\" srcset=\"https:\/\/www.enerjigazetesi.ist\/wp-content\/uploads\/2021\/02\/tupras-in-nextremers-programi-3uncu-yilinda-da-yeni-yetenekleri-kesfediyor.jpg 1080w, https:\/\/www.enerjigazetesi.ist\/wp-content\/uploads\/2021\/02\/tupras-in-nextremers-programi-3uncu-yilinda-da-yeni-yetenekleri-kesfediyor-300x289.jpg 300w, https:\/\/www.enerjigazetesi.ist\/wp-content\/uploads\/2021\/02\/tupras-in-nextremers-programi-3uncu-yilinda-da-yeni-yetenekleri-kesfediyor-768x739.jpg 768w, https:\/\/www.enerjigazetesi.ist\/wp-content\/uploads\/2021\/02\/tupras-in-nextremers-programi-3uncu-yilinda-da-yeni-yetenekleri-kesfediyor-1024x985.jpg 1024w, https:\/\/www.enerjigazetesi.ist\/wp-content\/uploads\/2021\/02\/tupras-in-nextremers-programi-3uncu-yilinda-da-yeni-yetenekleri-kesfediyor-416x400.jpg 416w, https:\/\/www.enerjigazetesi.ist\/wp-content\/uploads\/2021\/02\/tupras-in-nextremers-programi-3uncu-yilinda-da-yeni-yetenekleri-kesfediyor-52x50.jpg 52w, https:\/\/www.enerjigazetesi.ist\/wp-content\/uploads\/2021\/02\/tupras-in-nextremers-programi-3uncu-yilinda-da-yeni-yetenekleri-kesfediyor-500x481.jpg 500w\" sizes=\"(max-width: 340px) 100vw, 340px\" \/>ba\u015fvuru s\u00fcreci <strong>14 Mart<\/strong> tarihine kadar devam edecek.<\/p>\n<p><strong>\u00dcretim, Proses, Bak\u0131m, Ar-Ge, Veri Analiti\u011fi, \u0130novasyon<\/strong> ve <strong>Giri\u015fimcilik, Stratejik Planlama, Mali \u0130\u015fler<\/strong> ve <strong>\u0130nsan Kaynaklar\u0131<\/strong> gibi birbirinden farkl\u0131 fonksiyonlar i\u00e7in proje \u00f6\u011frencisini s\u00fcrece dahil etmek isteyen <strong>T\u00fcpra\u015f, ba\u015fvurular\u0131 \u201cKariyer\u201d<\/strong> sosyal medya hesaplar\u0131nda yay\u0131mlanan ilan ve <strong>ba\u015fvuru ba\u011flant\u0131lar\u0131<\/strong> \u00fczerinden almaya ba\u015flad\u0131.<\/p>\n<p>Program, \u00fcniversitelerin lisans<strong> 3\u2019\u00fcnc\u00fc<\/strong> s\u0131n\u0131f ve <strong>y\u00fcksek lisans<\/strong> \u00f6\u011frencilerine y\u00f6nelik olarak tasarlanarak mezuniyetlerinden \u00f6nce <strong>profesyonel \u00e7al\u0131\u015fma hayat\u0131n\u0131<\/strong> deneyimlemelerini sa\u011fl\u0131yor. Bu deneyimler sayesinde potansiyellerini ortaya \u00e7\u0131karmaya haz\u0131r olacak gen\u00e7ler, ald\u0131klar\u0131<strong> sorumluluk<\/strong> ve<strong> inisiyatiflerle<\/strong> yetkinliklerini geli\u015ftirmeyi s\u00fcrd\u00fcrecek. <strong>Mesleki<\/strong> ve <strong>teknik anlamdaki geli\u015fimlerini<\/strong> devam ettirirken, bug\u00fcnden gelece\u011fe haz\u0131rlanabilmek i\u00e7in de \u00f6nemli bir avantaj elde etmi\u015f olacaklar.<\/p>\n<h2><strong>Staj\u0131n \u00f6tesinde ger\u00e7ek bir \u00e7al\u0131\u015fma deneyimi sunuluyor<\/strong><\/h2>\n<p>\u00d6\u011frencilere gelecekte mutlu \u00e7al\u0131\u015fabilecekleri bir <strong>i\u015fyeri, sekt\u00f6r<\/strong> ve <strong>i\u015f alan\u0131 deneyimi<\/strong> ya\u015fatmak i\u00e7in kurgulanan <strong>Nextremers<\/strong>, staj deneyiminin \u00f6tesinde, ger\u00e7ek bir \u00e7al\u0131\u015fma deneyimi sunmay\u0131 ama\u00e7l\u0131yor. T\u00fcpra\u015f <strong>Nextremers<\/strong> proje <strong>\u00f6\u011frencileri yaz aylar\u0131<\/strong>nda <strong>tam zamanl\u0131<\/strong>, okul d\u00f6neminde ise haftan\u0131n en az <strong>2 g\u00fcn\u00fc T\u00fcpra\u015f<\/strong>\u2019a gelerek profesyonel i\u015f ortam\u0131n\u0131 soluyor.<\/p>\n<h2><strong>2019 ve 2020 d\u00f6neminde T\u00fcpra\u015f\u2019ta 57 proje \u00f6\u011frencisi g\u00f6rev ald\u0131<\/strong><\/h2>\n<p><strong>Nextremers program\u0131<\/strong>nda <strong>2019<\/strong> ve<strong> 2020<\/strong> d\u00f6nemlerinde toplam <strong>57<\/strong> \u00f6\u011frenci T\u00fcpra\u015f\u2019ta <strong>proje \u00f6\u011frencisi<\/strong> olarak \u00e7al\u0131\u015fmaya ba\u015flad\u0131. Kat\u0131ld\u0131klar\u0131 geli\u015fim programlar\u0131yla <strong>ki\u015fisel geli\u015fimlerini<\/strong> desteklerken, yer ald\u0131klar\u0131 projelerle <strong>tak\u0131m \u00e7al\u0131\u015fmas\u0131<\/strong>,<strong> i\u015f birli\u011fi, fikir geli\u015ftirme<\/strong> ve <strong>i\u015f s\u00fcre\u00e7lerine<\/strong> <strong>katk\u0131 sa\u011flama sorumluluklar\u0131<\/strong>n\u0131 ald\u0131lar. Yakla\u015f\u0131k<strong> 11 ay<\/strong> s\u00fcren <strong>Nextremers program\u0131<\/strong> sonras\u0131nda 10 gen\u00e7 yetenek; <strong>\u00dcretim, Bak\u0131m, Ar-Ge, Kurumsal \u0130leti\u015fim<\/strong> ve <strong>\u0130nsan Kaynaklar\u0131<\/strong> ba\u015fta olmak \u00fczere <strong>bir\u00e7ok departmanda istihdam<\/strong> edildi.<\/p>\n<h2><strong>\u201c2020 A\u011fustos- Eyl\u00fcl d\u00f6neminde 200\u2019den fazla \u00f6\u011frenci ile bulu\u015ftuk\u201d<\/strong><\/h2>\n<p><strong>\u00a0<\/strong>\u00d6\u011frencilerle bir araya gelmeyi her zamankinden daha de\u011ferli buldu\u011funu ifade eden <strong>T\u00fcpra\u015f \u0130nsan Kaynaklar\u0131 Direkt\u00f6r\u00fc Ahmet Aksoy<\/strong> <em>\u201c\u015eirketimiz her b\u00f6l\u00fcm \u00f6\u011frencisinin, okulda \u00f6\u011frendiklerinden yans\u0131malar bulabilece\u011fi, b\u00fcy\u00fck bir organizasyon. Bu programla \u00f6\u011frencilerin hem ilgi alanlar\u0131ndaki departmanlarda proje baz\u0131nda \u00e7al\u0131\u015fmalar\u0131n\u0131 sa\u011fl\u0131yor; hem de farkl\u0131 i\u015f alanlar\u0131nda y\u00fcr\u00fct\u00fclen <strong>projelere<\/strong> ve <strong>e\u011fitimlere<\/strong> dahil olarak b\u00fct\u00fcn\u00fc g\u00f6rmelerine destek oluyoruz. Pandeminin etkisiyle \u00f6\u011frencilerin e\u011fitim, bizlerin de \u00e7al\u0131\u015fma alanlar\u0131 farkl\u0131la\u015ft\u0131. Yeni d\u00fczene \u00e7evik bir \u015fekilde adapte olarak \u00f6\u011frencilerle yeni bulu\u015fma alanlar\u0131 tasarlad\u0131k.<strong> Mart 2020<\/strong>\u2019den bu yana \u00f6ncelikle <strong>2020<\/strong> y\u0131l\u0131 <strong>Nextremers \u00f6\u011frencileri<\/strong>mizi <strong>uzaktan \u00e7al\u0131\u015fmayla<\/strong> aram\u0131za katt\u0131k, sonras\u0131nda <strong>A\u011fustos-Eyl\u00fcl d\u00f6nemi<\/strong>nde<strong> 200\u2019den fazla<\/strong> \u00f6\u011frenci ile \u2018<strong>T\u00fcpra\u015f Online Staj Program\u0131<\/strong>\u2019nda bulu\u015ftuk. \u2018T\u00fcpra\u015f Dijital Kariyer Bulu\u015fmalar\u0131\u2019 ile de \u00f6\u011frencileri her hafta dijital ortamda i\u015fin uzman\u0131 T\u00fcpra\u015f \u00e7al\u0131\u015fanlar\u0131yla bulu\u015fturuyor,<strong> \u2018Ak\u0131ll\u0131 Baret\u2019<\/strong> gibi dijital uygulamalar\u0131m\u0131zla uzaktan da olsa, rafinerileri canl\u0131 olarak g\u00f6rebilmelerini sa\u011fl\u0131yoruz. <strong>Kariyer<\/strong> ve <strong>geli\u015fim sohbetleri<\/strong>mizle \u00f6\u011frencilerin bu d\u00f6nemde ak\u0131llar\u0131ndaki sorular\u0131 da yan\u0131tland\u0131rmaya \u00e7al\u0131\u015f\u0131yoruz\u201d<\/em> dedi.<\/p>\n<h2><strong>Nextremers \u00f6\u011frenciler, T\u00fcpra\u015f ailesinin bir par\u00e7as\u0131 oluyor<\/strong><\/h2>\n<p><strong>Gen\u00e7 yetenekler<\/strong>, <strong>T\u00fcpra\u015f<\/strong>\u2019a geldiklerinde farkl\u0131 b\u00f6l\u00fcmlerle ortak ilerleyen,<strong> inovasyon, dijital d\u00f6n\u00fc\u015f\u00fcm, s\u00fcrd\u00fcr\u00fclebilirlik<\/strong> ve<strong> rafineri teknik projelerinde<\/strong> yer alma f\u0131rsat\u0131 buluyor. \u00d6\u011frenciler, <strong>inovasyon kurum i\u00e7i giri\u015fimcilik<\/strong> ekiplerine dahil olarak<strong> fikirlerini \u00fcst y\u00f6netime<\/strong> sunma \u015fans\u0131 da elde ediyor. <strong>Dijital d\u00f6n\u00fc\u015f\u00fcm projeleri<\/strong> kapsam\u0131nda <strong>veri analiti\u011fi ekiplerimizle<\/strong> \u00e7al\u0131\u015fmalar ger\u00e7ekle\u015ftiriyor, <strong>s\u00fcrd\u00fcr\u00fclebilir i\u015f fikirleri<\/strong> \u00fcretirlerken gelece\u011fin yetkinlikleriyle tan\u0131\u015f\u0131yor. Ayr\u0131ca <strong>Genel M\u00fcd\u00fcrl\u00fck<\/strong> ve<strong> rafinerilerde teknik departmanlarda<\/strong> \u00e7al\u0131\u015farak, \u00f6nemli teknik kazan\u0131mlar sa\u011fl\u0131yorlar.<\/p>","protected":false},"excerpt":{"rendered":"<p>Sorry, this entry is only available in Turkish. For the sake of viewer convenience, the content is shown below in the alternative language. You may click the link to switch the active language. Gen\u00e7 yeteneklere hen\u00fcz \u00f6\u011frenciyken ger\u00e7ek bir \u00e7al\u0131\u015fma ortam\u0131 deneyimi sunan T\u00fcpra\u015f Nextremers program\u0131, yeni yetenekleri ke\u015ffetmeye ve gelece\u011fi \u00dcniversiteliler ile birlikte tasarlamaya [&hellip;]<\/p>\n","protected":false},"author":1,"featured_media":129941,"comment_status":"open","ping_status":"open","sticky":false,"template":"","format":"standard","meta":[],"categories":[51,53,52],"tags":[79889,68468,52259,86967,68462,86968,68464,86966],"views":65,"_links":{"self":[{"href":"https:\/\/www.enerjigazetesi.ist\/en\/wp-json\/wp\/v2\/posts\/129939"}],"collection":[{"href":"https:\/\/www.enerjigazetesi.ist\/en\/wp-json\/wp\/v2\/posts"}],"about":[{"href":"https:\/\/www.enerjigazetesi.ist\/en\/wp-json\/wp\/v2\/types\/post"}],"author":[{"embeddable":true,"href":"https:\/\/www.enerjigazetesi.ist\/en\/wp-json\/wp\/v2\/users\/1"}],"replies":[{"embeddable":true,"href":"https:\/\/www.enerjigazetesi.ist\/en\/wp-json\/wp\/v2\/comments?post=129939"}],"version-history":[{"count":0,"href":"https:\/\/www.enerjigazetesi.ist\/en\/wp-json\/wp\/v2\/posts\/129939\/revisions"}],"wp:featuredmedia":[{"embeddable":true,"href":"https:\/\/www.enerjigazetesi.ist\/en\/wp-json\/wp\/v2\/media\/129941"}],"wp:attachment":[{"href":"https:\/\/www.enerjigazetesi.ist\/en\/wp-json\/wp\/v2\/media?parent=129939"}],"wp:term":[{"taxonomy":"category","embeddable":true,"href":"https:\/\/www.enerjigazetesi.ist\/en\/wp-json\/wp\/v2\/categories?post=129939"},{"taxonomy":"post_tag","embeddable":true,"href":"https:\/\/www.enerjigazetesi.ist\/en\/wp-json\/wp\/v2\/tags?post=129939"}],"curies":[{"name":"wp","href":"https:\/\/api.w.org\/{rel}","templated":true}]}}