{"id":129928,"date":"2021-02-23T13:04:30","date_gmt":"2021-02-23T10:04:30","guid":{"rendered":"https:\/\/www.enerjigazetesi.ist\/?p=129928"},"modified":"2021-02-23T13:06:34","modified_gmt":"2021-02-23T10:06:34","slug":"yildiz-enerji-20-milyon-tl-lik-ilk-yatirimini-entegre-mersin-tesisi-nde-yapti","status":"publish","type":"post","link":"https:\/\/www.enerjigazetesi.ist\/en\/yildiz-enerji-20-milyon-tl-lik-ilk-yatirimini-entegre-mersin-tesisi-nde-yapti\/","title":{"rendered":"(Turkish) &#8217;Y\u0131ld\u0131z Enerji&#8217; 20 Milyon TL&#8217;lik GES Yat\u0131r\u0131m\u0131n\u0131 Entegre Mersin Tesisi\u2019ne Yapt\u0131"},"content":{"rendered":"<p class=\"qtranxs-available-languages-message qtranxs-available-languages-message-en\">Sorry, this entry is only available in <a href=\"https:\/\/www.enerjigazetesi.ist\/tr\/wp-json\/wp\/v2\/posts\/129928\" class=\"qtranxs-available-language-link qtranxs-available-language-link-tr\" title=\"Turkish\">Turkish<\/a>. For the sake of viewer convenience, the content is shown below in the alternative language. You may click the link to switch the active language.<\/p><p><\/p>\n<h1><strong>Y\u0131ld\u0131zlar Yat\u0131r\u0131m Holding \u00e7at\u0131s\u0131 alt\u0131nda faaliyet g\u00f6steren Y\u0131ld\u0131z Enerji ilk yat\u0131r\u0131m\u0131n\u0131 tamamlad\u0131. 20 milyon TL\u2019lik yat\u0131r\u0131m kapsam\u0131nda, Y\u0131ld\u0131z Entegre Akdeniz tesisinin \u00e7at\u0131s\u0131 13 binden fazla g\u00fcne\u015f paneliyle kapland\u0131. B\u00f6ylece, T\u00fcrkiye\u2019nin en b\u00fcy\u00fck \u00e7at\u0131 tipi g\u00fcne\u015f enerji santrallar\u0131ndan biri Mersin\u2019de hayata ge\u00e7mi\u015f oldu.<img loading=\"lazy\" class=\"alignright wp-image-129930\" src=\"https:\/\/www.enerjigazetesi.ist\/wp-content\/uploads\/2021\/02\/yildiz-enerji-20-milyon-tl-lik-ilk-yatirimini-entegre-mersin-tesisi-nde-yapti.jpg\" alt=\"\" width=\"340\" height=\"191\" srcset=\"https:\/\/www.enerjigazetesi.ist\/wp-content\/uploads\/2021\/02\/yildiz-enerji-20-milyon-tl-lik-ilk-yatirimini-entegre-mersin-tesisi-nde-yapti.jpg 448w, https:\/\/www.enerjigazetesi.ist\/wp-content\/uploads\/2021\/02\/yildiz-enerji-20-milyon-tl-lik-ilk-yatirimini-entegre-mersin-tesisi-nde-yapti-300x169.jpg 300w, https:\/\/www.enerjigazetesi.ist\/wp-content\/uploads\/2021\/02\/yildiz-enerji-20-milyon-tl-lik-ilk-yatirimini-entegre-mersin-tesisi-nde-yapti-80x45.jpg 80w\" sizes=\"(max-width: 340px) 100vw, 340px\" \/><\/strong><\/h1>\n<p>T\u00fcrkiye\u2019nin \u00f6nde gelen sanayi gruplar\u0131ndan <strong>Y\u0131ld\u0131zlar Yat\u0131r\u0131m Holding<\/strong>, i\u015ftiraki <strong>Y\u0131ld\u0131z Enerji<\/strong> arac\u0131l\u0131\u011f\u0131yla <strong>\u00e7evreci<\/strong> ve<strong> yenilenebilir enerji projeleri<\/strong> konusunda sekt\u00f6re \u00f6nc\u00fcl\u00fck ediyor. Y\u0131ld\u0131z Enerji, <strong>pandemi d\u00f6nemi<\/strong>nin t\u00fcm olumsuzluklar\u0131na ra\u011fmen ge\u00e7ti\u011fimiz y\u0131l i\u00e7inde ba\u015flad\u0131\u011f\u0131 <strong>\u00e7at\u0131 tipi g\u00fcne\u015f enerji santralini<\/strong> planlanan s\u00fcrede tamamlamay\u0131 ba\u015fard\u0131.<\/p>\n<h2><strong>13 B\u0130N G\u00dcNE\u015e PANEL\u0130 KULLANILDI<\/strong><\/h2>\n<p>Proje kapsam\u0131nda <strong>Y\u0131ld\u0131zlar Yat\u0131r\u0131m Holding<\/strong> i\u015ftiraklerinden Y\u0131ld\u0131z Entegre\u2019nin <strong>Mersin<\/strong>\u2019de bulunan do\u011faya ve \u00e7evreye duyarl\u0131 Akdeniz tesisinin \u00e7at\u0131s\u0131na g\u00fcne\u015f panelleri yerle\u015ftirildi. Yakla\u015f\u0131k <strong>20 milyon TL<\/strong>\u2019lik yat\u0131r\u0131m kapsam\u0131nda<strong> 26 bin 400 metrekarelik<\/strong> alan <strong>13 binden fazla<\/strong> g\u00fcne\u015f panelleriyle kapland\u0131. B\u00f6ylece, T\u00fcrkiye\u2019nin en b\u00fcy\u00fck <strong>\u00e7at\u0131 tipi g\u00fcne\u015f enerji santralleri<\/strong>ndan biri<strong> Mersin\u2019de<\/strong> hayata ge\u00e7mi\u015f oldu.<\/p>\n<h2><strong>YILDA 11 B\u0130N A\u011eACA E\u015eDE\u011eER<\/strong><\/h2>\n<p>S\u00f6z konusu \u00e7al\u0131\u015fmayla y\u0131lda <strong>11 bin a\u011fa\u00e7 e\u015fde\u011feri<\/strong>nde<strong> karbon sal\u0131m\u0131n\u0131n<\/strong> \u00f6n\u00fcne ge\u00e7ilmesi planlan\u0131rken, yat\u0131r\u0131m sayesinde Akdeniz tesisinin toplam elektrik ihtiyac\u0131n\u0131n yakla\u015f\u0131k <strong>% 10<\/strong>\u2019u g\u00fcne\u015f enerjisinden sa\u011flanacak.\u00a0Di\u011fer yandan tesiste ger\u00e7ekle\u015ftirilecek olas\u0131<strong> bak\u0131m \u00e7al\u0131\u015fmalar\u0131<\/strong> ya da <strong>ar\u0131za<\/strong> durumlar\u0131nda, <strong>g\u00fcne\u015f panelleri<\/strong>nden \u00fcretilen elektrik, genel \u015febekeye verilerek, b\u00f6lge ekonomisine de can suyu olmas\u0131 da planlan\u0131yor.<\/p>\n<p><strong>Y\u0131ld\u0131z Enerji<\/strong>, <strong>Y\u0131ld\u0131zlar Yat\u0131r\u0131m Holding<\/strong> b\u00fcnyesindeki grup \u015firketleri ad\u0131na<strong> \u00e7evreci, do\u011faya sayg\u0131l\u0131<\/strong> ve gelecek i\u00e7in vazge\u00e7ilmez oldu\u011funa inand\u0131\u011f\u0131 <strong>yenilenebilir enerji yat\u0131r\u0131mlar\u0131<\/strong>na h\u0131zla devam etmeyi hedeflemektedir.<\/p>","protected":false},"excerpt":{"rendered":"<p>Sorry, this entry is only available in Turkish. For the sake of viewer convenience, the content is shown below in the alternative language. You may click the link to switch the active language. Y\u0131ld\u0131zlar Yat\u0131r\u0131m Holding \u00e7at\u0131s\u0131 alt\u0131nda faaliyet g\u00f6steren Y\u0131ld\u0131z Enerji ilk yat\u0131r\u0131m\u0131n\u0131 tamamlad\u0131. 20 milyon TL\u2019lik yat\u0131r\u0131m kapsam\u0131nda, Y\u0131ld\u0131z Entegre Akdeniz tesisinin \u00e7at\u0131s\u0131 [&hellip;]<\/p>\n","protected":false},"author":1,"featured_media":129930,"comment_status":"open","ping_status":"open","sticky":false,"template":"","format":"standard","meta":[],"categories":[51,53,49],"tags":[86956,86957,53114,5070,52259,53157,78490,54979,1245,86954,86955,66130],"views":121,"_links":{"self":[{"href":"https:\/\/www.enerjigazetesi.ist\/en\/wp-json\/wp\/v2\/posts\/129928"}],"collection":[{"href":"https:\/\/www.enerjigazetesi.ist\/en\/wp-json\/wp\/v2\/posts"}],"about":[{"href":"https:\/\/www.enerjigazetesi.ist\/en\/wp-json\/wp\/v2\/types\/post"}],"author":[{"embeddable":true,"href":"https:\/\/www.enerjigazetesi.ist\/en\/wp-json\/wp\/v2\/users\/1"}],"replies":[{"embeddable":true,"href":"https:\/\/www.enerjigazetesi.ist\/en\/wp-json\/wp\/v2\/comments?post=129928"}],"version-history":[{"count":0,"href":"https:\/\/www.enerjigazetesi.ist\/en\/wp-json\/wp\/v2\/posts\/129928\/revisions"}],"wp:featuredmedia":[{"embeddable":true,"href":"https:\/\/www.enerjigazetesi.ist\/en\/wp-json\/wp\/v2\/media\/129930"}],"wp:attachment":[{"href":"https:\/\/www.enerjigazetesi.ist\/en\/wp-json\/wp\/v2\/media?parent=129928"}],"wp:term":[{"taxonomy":"category","embeddable":true,"href":"https:\/\/www.enerjigazetesi.ist\/en\/wp-json\/wp\/v2\/categories?post=129928"},{"taxonomy":"post_tag","embeddable":true,"href":"https:\/\/www.enerjigazetesi.ist\/en\/wp-json\/wp\/v2\/tags?post=129928"}],"curies":[{"name":"wp","href":"https:\/\/api.w.org\/{rel}","templated":true}]}}