{"id":129916,"date":"2021-02-23T12:26:31","date_gmt":"2021-02-23T09:26:31","guid":{"rendered":"https:\/\/www.enerjigazetesi.ist\/?p=129916"},"modified":"2021-02-23T12:27:31","modified_gmt":"2021-02-23T09:27:31","slug":"enerjisa-enerji-2020de-18-milyar-tllik-yatirim-gerceklestirdi","status":"publish","type":"post","link":"https:\/\/www.enerjigazetesi.ist\/en\/enerjisa-enerji-2020de-18-milyar-tllik-yatirim-gerceklestirdi\/","title":{"rendered":"(Turkish) &#8217;Enerjisa Enerji&#8217; 2020\u2019de 1,8 Milyar TL&#8217;lik Yat\u0131r\u0131m Ger\u00e7ekle\u015ftirdi"},"content":{"rendered":"<p class=\"qtranxs-available-languages-message qtranxs-available-languages-message-en\">Sorry, this entry is only available in <a href=\"https:\/\/www.enerjigazetesi.ist\/tr\/wp-json\/wp\/v2\/posts\/129916\" class=\"qtranxs-available-language-link qtranxs-available-language-link-tr\" title=\"Turkish\">Turkish<\/a>. For the sake of viewer convenience, the content is shown below in the alternative language. You may click the link to switch the active language.<\/p><p><\/p>\n<h1><strong>Elektrik da\u011f\u0131t\u0131m ve perakende sat\u0131\u015f sekt\u00f6r\u00fcnde T\u00fcrkiye&#8217;nin lider \u015firketi Enerjisa Enerji, 2020\u2019de g\u00fc\u00e7l\u00fc bir finansal performans g\u00f6stererek y\u0131l\u0131n 2&#8217;inci yar\u0131s\u0131nda nakit ak\u0131\u015f\u0131nda \u00f6nemli bir toparlanma yakalad\u0131. Covid-19 pandemisinin k\u00fcresel ve yerel piyasalarda yaratt\u0131\u011f\u0131 belirsizlikler devam etmesine ra\u011fmen, Enerjisa Enerji 2020 y\u0131l\u0131nda 1 milyar 790 milyon TL tutar\u0131nda \u015febeke yat\u0131r\u0131m\u0131 ger\u00e7ekle\u015ftirirdi. Konsolide Faaliyet Geliri ge\u00e7en y\u0131l\u0131n ayn\u0131 d\u00f6nemine g\u00f6re % 22 b\u00fcy\u00fcme ile 5 milyar 609 milyon TL oldu.<\/strong><\/h1>\n<p><strong>%20<\/strong>\u2019si <strong>halka a\u00e7\u0131k olan<\/strong> ve ana sermayedarlar\u0131<strong> Sabanc\u0131 Holding<\/strong> ve<strong> E.ON SE<\/strong> olan <strong>Enerjisa Enerji<\/strong>, <strong>31.12.2020<\/strong> tarihi itibariyle mali tablolar\u0131n\u0131 a\u00e7\u0131klad\u0131. Buna g\u00f6re \u015firket, <strong>2020 y\u0131l\u0131nda<\/strong> <em>konsolide Faaliyet Gelirini<\/em> ge\u00e7en y\u0131l\u0131n ayn\u0131 d\u00f6nemine g\u00f6re<strong> % 22<\/strong> art\u0131rarak<strong> 5 milyar 609 milyon TL<\/strong>\u2019ye \u00e7\u0131kard\u0131.<\/p>\n<h2><strong>\u201cKesintisiz enerji temini i\u00e7in \u015febeke yat\u0131r\u0131mlar\u0131 ilk \u00f6ncelik<\/strong>\u201d<\/h2>\n<p><strong>Enerjisa Enerji CEO\u2019su Murat P\u0131nar,\u00a0<\/strong>\u201cPandeminin damga vurdu\u011fu bu y\u0131lda \u00f6nceli\u011fimiz iki<img loading=\"lazy\" class=\"alignright wp-image-129918\" src=\"https:\/\/www.enerjigazetesi.ist\/wp-content\/uploads\/2021\/02\/enerjisa-enerji-2020de-18-milyar-tllik-yatirim-gerceklestirdi-2.jpg\" alt=\"\" width=\"340\" height=\"189\" srcset=\"https:\/\/www.enerjigazetesi.ist\/wp-content\/uploads\/2021\/02\/enerjisa-enerji-2020de-18-milyar-tllik-yatirim-gerceklestirdi-2.jpg 725w, https:\/\/www.enerjigazetesi.ist\/wp-content\/uploads\/2021\/02\/enerjisa-enerji-2020de-18-milyar-tllik-yatirim-gerceklestirdi-2-300x167.jpg 300w, https:\/\/www.enerjigazetesi.ist\/wp-content\/uploads\/2021\/02\/enerjisa-enerji-2020de-18-milyar-tllik-yatirim-gerceklestirdi-2-500x278.jpg 500w, https:\/\/www.enerjigazetesi.ist\/wp-content\/uploads\/2021\/02\/enerjisa-enerji-2020de-18-milyar-tllik-yatirim-gerceklestirdi-2-80x44.jpg 80w\" sizes=\"(max-width: 340px) 100vw, 340px\" \/> alandayd\u0131. <strong>Elektrik da\u011f\u0131t\u0131m<\/strong> ve<strong> sat\u0131\u015f hizmetini<\/strong> t\u00fcm b\u00f6lgemiz genelinde kesintisiz bir \u015fekilde devam ettirmek, bir yandan da <strong>\u00e7al\u0131\u015fanlar\u0131m\u0131z\u0131n, tedarik\u00e7ilerimizin<\/strong> ve<strong> m\u00fc\u015fterilerimizin sa\u011fl\u0131klar\u0131<\/strong> i\u00e7in <strong>gereken tedbirleri<\/strong> en iyi \u015fekilde sa\u011flamak.<\/p>\n<p><strong>2020 y\u0131l\u0131n\u0131n<\/strong> sekt\u00f6r\u00fcm\u00fcz i\u00e7in en \u00f6nemli geli\u015fmesi ise, <strong>4&#8217;\u00fcnc\u00fc uygulama d\u00f6nemi<\/strong> parametrelerinin a\u00e7\u0131klanmas\u0131 oldu. Yeni d\u00f6nemde de <strong>verimli, kaliteli<\/strong> ve<strong> s\u00fcrd\u00fcr\u00fclebilir hizmet<\/strong> sa\u011flama ilkelerimiz paralelinde \u00e7al\u0131\u015fmalar\u0131m\u0131za devam edece\u011fiz.<\/p>\n<h2><strong>S\u00fcrd\u00fcr\u00fclebilir \u00e7\u00f6z\u00fcmlere \u00f6nem veriyoruz<\/strong><\/h2>\n<p><strong>Enerjisa<\/strong> olarak m\u00fc\u015fterilerimiz i\u00e7in<strong> s\u00fcrd\u00fcr\u00fclebilir<\/strong> ve<strong> yenilik\u00e7i \u00e7\u00f6z\u00fcmlere<\/strong> \u00f6nem veriyoruz. Ana i\u015f kollar\u0131m\u0131z\u0131n d\u0131\u015f\u0131nda bu y\u0131l \u00f6nemli ad\u0131mlardan bir tanesi de <strong>\u201c\u0130\u015fimin Enerjisi\u201d<\/strong> markas\u0131yla lanse etti\u011fimiz<strong> teknolojiyi<\/strong> ve <strong>s\u00fcrd\u00fcr\u00fclebilirli\u011fi oda\u011f\u0131na<\/strong> alan m\u00fc\u015fteri \u00e7\u00f6z\u00fcmlerimizdi. Enerjisa Enerji olarak t\u00fcm stratejimizi k\u00fcresel<strong> enerji trendleri<\/strong> ve \u00fclkemizdeki yerel dinamikleri g\u00f6z \u00f6n\u00fcnde bulundurarak \u015fekillendiriyoruz. Yeni enerji d\u00fcnyas\u0131n\u0131n temelinde <strong>da\u011f\u0131t\u0131k \u00fcretim, verimlilik, yenilenebilir enerji, e-mobilite<\/strong> gibi kavramlar var. \u0130\u015fimin <strong>Enerjisi \u00fcr\u00fcn ailesi<\/strong> de bu alanlarda sekt\u00f6rde \u00f6nc\u00fc yakla\u015f\u0131m\u0131m\u0131z\u0131n<strong> birer g\u00f6stergesi<\/strong> olarak b\u00fcy\u00fck \u00f6neme sahipler.<\/p>\n<h2><strong>\u201cBaz Al\u0131nan Net Kar 2020\u2019de 1.878 milyon TL\u2019ye ula\u015ft\u0131 ve bu \u015fekilde b\u00fcy\u00fcme oran\u0131 Faaliyet Gelir art\u0131\u015f oran\u0131n\u0131n \u00f6nemli \u00f6l\u00e7\u00fcde \u00fczerinde ger\u00e7ekle\u015fti.\u201d<\/strong><\/h2>\n<p><strong>Enerjisa Enerji<\/strong>\u00a0<strong>CFO\u2019su Michael Moser,\u00a0<\/strong>\u201cGenel olarak, 2020 sonu\u00e7lar\u0131m\u0131z finansman maliyetlerinde d\u00fc\u015f\u00fc\u015f, g\u00fc\u00e7l\u00fc operasyonel performans\u0131m\u0131z, ihtiyatl\u0131 <strong>bilan\u00e7o y\u00f6netimimiz<\/strong> ve e<strong>fektif vergi oran\u0131m\u0131zdaki<\/strong> d\u00fc\u015f\u00fc\u015f\u00fcn etkisi ile<strong> Covid\u2019in etkilerine ra\u011fmen<\/strong> g\u00fc\u00e7l\u00fc bir b\u00fcy\u00fcme g\u00f6stermi\u015ftir. <strong>2020<\/strong>\u2019de g\u00fc\u00e7l\u00fc <strong>bir kar art\u0131\u015f\u0131<\/strong> ve <strong>y\u0131l\u0131n ikinci yar\u0131s\u0131nda<\/strong> nakit ak\u0131\u015f\u0131nda \u00f6nemli bir toparlanma yakalad\u0131k. Baz Al\u0131nan <strong>Net Kar<\/strong>, <strong>2020<\/strong>\u2019de<strong> 1.878 milyon TL<\/strong>\u2019ye ula\u015ft\u0131, bu \u015fekilde art\u0131\u015f oran\u0131 <strong>Faaliyet Geliri art\u0131\u015f<\/strong> oran\u0131n\u0131n \u00f6nemli \u00f6l\u00e7\u00fcde \u00fczerinde ger\u00e7ekle\u015fti. Ayn\u0131 zamanda g\u00fc\u00e7l\u00fc sonu\u00e7lar\u0131m\u0131z sayesinde finansal net borcun faaliyet gelirine oran\u0131 ge\u00e7en y\u0131l <strong>1,9 kat<\/strong> iken, bu y\u0131l<strong> 1,7 kata<\/strong> d\u00fc\u015ft\u00fc.<\/p>\n<p>\u00d6te yandan, <strong>4&#8217;\u00fcnc\u00fc uygulama d\u00f6nemine<\/strong> ili\u015fkin heyecanl\u0131y\u0131z. Altyap\u0131 yat\u0131r\u0131mlar\u0131n\u0131, <strong>kurumsal y\u00f6netimi<\/strong> ve <strong>kalite art\u0131\u015f\u0131n\u0131<\/strong> destekleyen bir <strong>reg\u00fclasyon \u00e7er\u00e7evemiz<\/strong> var ve bu bize \u00f6n\u00fcm\u00fczdeki <strong>5 y\u0131l<\/strong> i\u00e7in y\u00fcksek\u00a0\u00f6ng\u00f6r\u00fclebilirlik sa\u011fl\u0131yor.<\/p>\n<p>Payda\u015flar i\u00e7in uzun vadeli de\u011fer sa\u011flamak ve T\u00fcrkiye&#8217;de <strong>Yeni Enerji D\u00fcnyas\u0131na<\/strong> ge\u00e7i\u015fe \u00f6nc\u00fcl\u00fck etmek i\u00e7in sadece<strong> k\u0131sa vadeli finansallara<\/strong> de\u011fil,<strong> s\u00fcrd\u00fcr\u00fclebilirli\u011fe de<\/strong> odaklan\u0131yoruz. S\u00fcrd\u00fcr\u00fclebilirlik alan\u0131nda s\u0131n\u0131f\u0131n\u0131n en iyisi olma yolculu\u011fumuza<strong> 2021\u2019de<\/strong> de devam edece\u011fiz.<\/p>\n<p>Hissedarlar\u0131m\u0131za <strong>s\u00fcrd\u00fcr\u00fclebilir temett\u00fc taahh\u00fcd\u00fc<\/strong>m\u00fcze uygun \u015fekilde y\u00f6netim kurulumuz Genel Kurul\u2019da g\u00f6r\u00fc\u015f\u00fclmek \u00fczere <strong>hisse ba\u015f\u0131na 96 kuru\u015f<\/strong> temett\u00fc \u00f6nerdi. Bu <strong>% 60,37<\/strong> temett\u00fc oran\u0131na ve ge\u00e7en seneye g\u00f6re <strong>%60<\/strong> art\u0131\u015fa denk gelmektedir\u201d dedi.<\/p>","protected":false},"excerpt":{"rendered":"<p>Sorry, this entry is only available in Turkish. For the sake of viewer convenience, the content is shown below in the alternative language. You may click the link to switch the active language. Elektrik da\u011f\u0131t\u0131m ve perakende sat\u0131\u015f sekt\u00f6r\u00fcnde T\u00fcrkiye&#8217;nin lider \u015firketi Enerjisa Enerji, 2020\u2019de g\u00fc\u00e7l\u00fc bir finansal performans g\u00f6stererek y\u0131l\u0131n 2&#8217;inci yar\u0131s\u0131nda nakit ak\u0131\u015f\u0131nda [&hellip;]<\/p>\n","protected":false},"author":1,"featured_media":129919,"comment_status":"open","ping_status":"open","sticky":false,"template":"","format":"standard","meta":[],"categories":[51,53],"tags":[69892,52566,53114,86951,52259,78966,57125],"views":101,"_links":{"self":[{"href":"https:\/\/www.enerjigazetesi.ist\/en\/wp-json\/wp\/v2\/posts\/129916"}],"collection":[{"href":"https:\/\/www.enerjigazetesi.ist\/en\/wp-json\/wp\/v2\/posts"}],"about":[{"href":"https:\/\/www.enerjigazetesi.ist\/en\/wp-json\/wp\/v2\/types\/post"}],"author":[{"embeddable":true,"href":"https:\/\/www.enerjigazetesi.ist\/en\/wp-json\/wp\/v2\/users\/1"}],"replies":[{"embeddable":true,"href":"https:\/\/www.enerjigazetesi.ist\/en\/wp-json\/wp\/v2\/comments?post=129916"}],"version-history":[{"count":0,"href":"https:\/\/www.enerjigazetesi.ist\/en\/wp-json\/wp\/v2\/posts\/129916\/revisions"}],"wp:featuredmedia":[{"embeddable":true,"href":"https:\/\/www.enerjigazetesi.ist\/en\/wp-json\/wp\/v2\/media\/129919"}],"wp:attachment":[{"href":"https:\/\/www.enerjigazetesi.ist\/en\/wp-json\/wp\/v2\/media?parent=129916"}],"wp:term":[{"taxonomy":"category","embeddable":true,"href":"https:\/\/www.enerjigazetesi.ist\/en\/wp-json\/wp\/v2\/categories?post=129916"},{"taxonomy":"post_tag","embeddable":true,"href":"https:\/\/www.enerjigazetesi.ist\/en\/wp-json\/wp\/v2\/tags?post=129916"}],"curies":[{"name":"wp","href":"https:\/\/api.w.org\/{rel}","templated":true}]}}