{"id":129897,"date":"2021-02-22T13:18:54","date_gmt":"2021-02-22T10:18:54","guid":{"rendered":"https:\/\/www.enerjigazetesi.ist\/?p=129897"},"modified":"2021-02-22T13:18:54","modified_gmt":"2021-02-22T10:18:54","slug":"yapilan-yonetmelik-degisikligiyle-elektrik-kesintilerine-istisna-getirildi","status":"publish","type":"post","link":"https:\/\/www.enerjigazetesi.ist\/en\/yapilan-yonetmelik-degisikligiyle-elektrik-kesintilerine-istisna-getirildi\/","title":{"rendered":"(Turkish) Yap\u0131lan Y\u00f6netmelik De\u011fi\u015fikli\u011fiyle Elektrik Kesintilerine \u0130stisna Getirildi"},"content":{"rendered":"<p class=\"qtranxs-available-languages-message qtranxs-available-languages-message-en\">Sorry, this entry is only available in <a href=\"https:\/\/www.enerjigazetesi.ist\/tr\/wp-json\/wp\/v2\/posts\/129897\" class=\"qtranxs-available-language-link qtranxs-available-language-link-tr\" title=\"Turkish\">Turkish<\/a>. For the sake of viewer convenience, the content is shown below in the alternative language. You may click the link to switch the active language.<\/p><p><\/p>\n<h1><strong>Enerji Piyasas\u0131 D\u00fczenleme Kurumu, Elektrik Piyasas\u0131 T\u00fcketici Hizmetleri Y\u00f6netmeli\u011fi\u2019nde de\u011fi\u015fiklik yapt\u0131. Resmi Gazete\u2019de yay\u0131mlanan y\u00f6netmelikle pandemi d\u00f6neminde vatanda\u015f\u0131n ya\u015fad\u0131\u011f\u0131 baz\u0131 zorluklara kolayl\u0131klar getirildi.<\/strong><\/h1>\n<p>\u0130\u015fte y\u00f6netmelikteki baz\u0131 <span style=\"text-decoration: underline;\">\u00f6nemli maddeler:<\/span><\/p>\n<p><strong>65 ya\u015f \u00fcst\u00fc<\/strong>, <strong>% 40<\/strong>\u2019\u0131n \u00fczerinde<strong> engelli, \u015eehit Aileleri<\/strong> ve<strong> Muharip\/Malul Gaz<\/strong>i olanlar\u0131n elektri\u011fi, <img loading=\"lazy\" class=\"alignright wp-image-129899\" src=\"https:\/\/www.enerjigazetesi.ist\/wp-content\/uploads\/2021\/02\/yapilan-yonetmelik-degisikligiyle-elektrik-kesintilerine-istisna-getirildi.jpg\" alt=\"\" width=\"340\" height=\"170\" srcset=\"https:\/\/www.enerjigazetesi.ist\/wp-content\/uploads\/2021\/02\/yapilan-yonetmelik-degisikligiyle-elektrik-kesintilerine-istisna-getirildi.jpg 800w, https:\/\/www.enerjigazetesi.ist\/wp-content\/uploads\/2021\/02\/yapilan-yonetmelik-degisikligiyle-elektrik-kesintilerine-istisna-getirildi-300x150.jpg 300w, https:\/\/www.enerjigazetesi.ist\/wp-content\/uploads\/2021\/02\/yapilan-yonetmelik-degisikligiyle-elektrik-kesintilerine-istisna-getirildi-768x384.jpg 768w, https:\/\/www.enerjigazetesi.ist\/wp-content\/uploads\/2021\/02\/yapilan-yonetmelik-degisikligiyle-elektrik-kesintilerine-istisna-getirildi-500x250.jpg 500w, https:\/\/www.enerjigazetesi.ist\/wp-content\/uploads\/2021\/02\/yapilan-yonetmelik-degisikligiyle-elektrik-kesintilerine-istisna-getirildi-80x40.jpg 80w\" sizes=\"(max-width: 340px) 100vw, 340px\" \/>tek bir kullan\u0131m yerine ait faturalar\u0131n aral\u0131ks\u0131z olarak y\u0131l i\u00e7erisinde en az<strong> 3\u00a0d\u00f6nem boyunca<\/strong> zaman\u0131nda \u00f6denmemesi halinde kesilebilir.<\/p>\n<p><strong>Elektri\u011fin kesilmesi<\/strong> i\u00e7in t\u00fcketicinin kesme yap\u0131laca\u011f\u0131 hakk\u0131nda<strong> g\u00f6revli tedarik \u015firketi<\/strong> taraf\u0131ndan bilgilendirildi\u011finin ispat\u0131 da aranacak.<\/p>\n<p><strong>Borcun \u00f6denmesine ili\u015fkin<\/strong> taksitlendirme talep edilmesi halinde taksitlendirme tedarik\u00e7iler taraf\u0131ndan yap\u0131l\u0131r.<strong> Taksitlendirme s\u00fcresi<\/strong> azami <strong>d\u00f6rt ayd\u0131r.<\/strong><\/p>\n<p>T\u00fcm t\u00fcketiciler i\u00e7in, zaman\u0131nda \u00f6denmeyen bor\u00e7lar kapsam\u0131nda uygulanan kesme i\u015flemi;<strong> Pazartesi, Sal\u0131, \u00c7ar\u015famba, Per\u015fembe<\/strong> g\u00fcnleri <strong>08:00-15:00<\/strong> saatleri aras\u0131nda yap\u0131l\u0131r.<\/p>\n<p><strong>Resm\u00ee, dini bayram g\u00fcnleri, genel tatil g\u00fcnleri<\/strong> ile bunlar\u0131n bir \u00f6nceki g\u00fcnlerinde <strong>kesme i\u015flemi yap\u0131lmaz.<\/strong><\/p>\n<p>T\u00fcketicinin talebi halinde, <strong>g\u00fcvence bedeli<\/strong> mesken t\u00fcketici grubunda bulunan t\u00fcketiciler i\u00e7in faturaya yans\u0131t\u0131lmak \u00fczere <strong>iki e\u015fit taksitte<\/strong>, di\u011fer t\u00fcketici gruplar\u0131 i\u00e7in <strong>ilk taksit pe\u015fin ikinci taksit faturaya<\/strong> yans\u0131t\u0131lmak \u00fczere tahsil edilir.<\/p>\n<p><strong>Geriye d\u00f6n\u00fck itiraz<\/strong> s\u00fcresini <strong>12 aya<\/strong> \u00e7\u0131karan d\u00fczenleme <span style=\"text-decoration: underline;\">ise \u015f\u00f6yle:<\/span><\/p>\n<p>\u201c<strong>Fatura tebli\u011f<\/strong> tarihinden itibaren <strong>60 g\u00fcn i\u00e7inde<\/strong> yaz\u0131l\u0131 olarak yap\u0131lmayan ve ba\u015fvuru tarihi itibar\u0131yla en fazla <strong>12 ay \u00f6nceki<\/strong> fatura d\u00f6nemine ait <strong>itiraz ba\u015fvurular\u0131<\/strong>, <strong>itiraz ba\u015fvurusu<\/strong>nu takip eden <strong>3 ay<\/strong> i\u00e7erisinde<strong> Piyasa \u0130\u015fletmecisi<\/strong> taraf\u0131ndan de\u011ferlendirilerek sonu\u00e7land\u0131r\u0131lmas\u0131 veya <strong>Piyasa \u0130\u015fletmecisi<\/strong> taraf\u0131ndan <strong>di\u011fer hatalar\u0131n tespit edilmesi<\/strong> durumunda, gerekli d\u00fczeltme i\u015flemi ger\u00e7ekle\u015ftirilir.\u201d<\/p>","protected":false},"excerpt":{"rendered":"<p>Sorry, this entry is only available in Turkish. For the sake of viewer convenience, the content is shown below in the alternative language. You may click the link to switch the active language. Enerji Piyasas\u0131 D\u00fczenleme Kurumu, Elektrik Piyasas\u0131 T\u00fcketici Hizmetleri Y\u00f6netmeli\u011fi\u2019nde de\u011fi\u015fiklik yapt\u0131. Resmi Gazete\u2019de yay\u0131mlanan y\u00f6netmelikle pandemi d\u00f6neminde vatanda\u015f\u0131n ya\u015fad\u0131\u011f\u0131 baz\u0131 zorluklara kolayl\u0131klar [&hellip;]<\/p>\n","protected":false},"author":1,"featured_media":129899,"comment_status":"open","ping_status":"open","sticky":false,"template":"","format":"standard","meta":[],"categories":[51,53],"tags":[86935,53114,20981,71533,52259],"views":99,"_links":{"self":[{"href":"https:\/\/www.enerjigazetesi.ist\/en\/wp-json\/wp\/v2\/posts\/129897"}],"collection":[{"href":"https:\/\/www.enerjigazetesi.ist\/en\/wp-json\/wp\/v2\/posts"}],"about":[{"href":"https:\/\/www.enerjigazetesi.ist\/en\/wp-json\/wp\/v2\/types\/post"}],"author":[{"embeddable":true,"href":"https:\/\/www.enerjigazetesi.ist\/en\/wp-json\/wp\/v2\/users\/1"}],"replies":[{"embeddable":true,"href":"https:\/\/www.enerjigazetesi.ist\/en\/wp-json\/wp\/v2\/comments?post=129897"}],"version-history":[{"count":0,"href":"https:\/\/www.enerjigazetesi.ist\/en\/wp-json\/wp\/v2\/posts\/129897\/revisions"}],"wp:featuredmedia":[{"embeddable":true,"href":"https:\/\/www.enerjigazetesi.ist\/en\/wp-json\/wp\/v2\/media\/129899"}],"wp:attachment":[{"href":"https:\/\/www.enerjigazetesi.ist\/en\/wp-json\/wp\/v2\/media?parent=129897"}],"wp:term":[{"taxonomy":"category","embeddable":true,"href":"https:\/\/www.enerjigazetesi.ist\/en\/wp-json\/wp\/v2\/categories?post=129897"},{"taxonomy":"post_tag","embeddable":true,"href":"https:\/\/www.enerjigazetesi.ist\/en\/wp-json\/wp\/v2\/tags?post=129897"}],"curies":[{"name":"wp","href":"https:\/\/api.w.org\/{rel}","templated":true}]}}