{"id":129869,"date":"2021-02-22T11:52:53","date_gmt":"2021-02-22T08:52:53","guid":{"rendered":"https:\/\/www.enerjigazetesi.ist\/?p=129869"},"modified":"2021-02-22T11:54:30","modified_gmt":"2021-02-22T08:54:30","slug":"adimlar-otizmli-cocuklarin-egitimi-icin","status":"publish","type":"post","link":"https:\/\/www.enerjigazetesi.ist\/en\/adimlar-otizmli-cocuklarin-egitimi-icin\/","title":{"rendered":"(Turkish) &#8217;Ad\u0131mlar&#8217; Otizmli \u00c7ocuklar\u0131n E\u011fitimi \u0130\u00e7in!"},"content":{"rendered":"<p class=\"qtranxs-available-languages-message qtranxs-available-languages-message-en\">Sorry, this entry is only available in <a href=\"https:\/\/www.enerjigazetesi.ist\/tr\/wp-json\/wp\/v2\/posts\/129869\" class=\"qtranxs-available-language-link qtranxs-available-language-link-tr\" title=\"Turkish\">Turkish<\/a>. For the sake of viewer convenience, the content is shown below in the alternative language. You may click the link to switch the active language.<\/p><p><\/p>\n<h1><strong>7 Mart 2021, Pazar g\u00fcn\u00fc 16&#8217;\u0131nc\u0131s\u0131 ger\u00e7ekle\u015fecek olan Antalya&#8217;n\u0131n en b\u00fcy\u00fck spor organizasyonu Runatolia Uluslararas\u0131 Antalya Maratonu\u2019nda Tohum Otizm Vakf\u0131 i\u00e7in ko\u015farak otizmli \u00e7ocuklar\u0131n e\u011fitimine katk\u0131 sa\u011flayabilirsiniz.<\/strong><\/h1>\n<p><strong>Tohum Otizm Vakf\u0131<\/strong>\u2019n\u0131n 7&#8217;inci kez kat\u0131ld\u0131\u011f\u0131 <strong>Runatolia Maratonu<\/strong>\u2019nda<strong> bireysel<\/strong> ve farkl\u0131 firmalar\u0131 temsil eden<strong> g\u00f6n\u00fcll\u00fc<\/strong> ko\u015fucular; <strong>ko\u015farak<\/strong> veya<strong> y\u00fcr\u00fcyerek<\/strong>, ad\u0131mlar\u0131n\u0131 <strong>otizmli<\/strong> \u00e7ocuklar i\u00e7in atacak, <img loading=\"lazy\" class=\"alignright wp-image-129871\" src=\"https:\/\/www.enerjigazetesi.ist\/wp-content\/uploads\/2021\/02\/adimlar-otizmli-cocuklarin-egitimi-icin.jpg\" alt=\"\" width=\"320\" height=\"320\" srcset=\"https:\/\/www.enerjigazetesi.ist\/wp-content\/uploads\/2021\/02\/adimlar-otizmli-cocuklarin-egitimi-icin.jpg 550w, https:\/\/www.enerjigazetesi.ist\/wp-content\/uploads\/2021\/02\/adimlar-otizmli-cocuklarin-egitimi-icin-150x150.jpg 150w, https:\/\/www.enerjigazetesi.ist\/wp-content\/uploads\/2021\/02\/adimlar-otizmli-cocuklarin-egitimi-icin-300x300.jpg 300w, https:\/\/www.enerjigazetesi.ist\/wp-content\/uploads\/2021\/02\/adimlar-otizmli-cocuklarin-egitimi-icin-400x400.jpg 400w, https:\/\/www.enerjigazetesi.ist\/wp-content\/uploads\/2021\/02\/adimlar-otizmli-cocuklarin-egitimi-icin-50x50.jpg 50w, https:\/\/www.enerjigazetesi.ist\/wp-content\/uploads\/2021\/02\/adimlar-otizmli-cocuklarin-egitimi-icin-100x100.jpg 100w, https:\/\/www.enerjigazetesi.ist\/wp-content\/uploads\/2021\/02\/adimlar-otizmli-cocuklarin-egitimi-icin-500x500.jpg 500w\" sizes=\"(max-width: 320px) 100vw, 320px\" \/>maratonun \u00f6ncesinde ve sonras\u0131nda, toplamda <strong>1 ay s\u00fcresince<\/strong> sosyal \u00e7evresinden toplad\u0131\u011f\u0131 ba\u011f\u0131\u015flarla <strong>otizmli \u00e7ocuklar\u0131n e\u011fitimine katk\u0131 sa\u011flayacaklar.<\/strong><\/p>\n<p>Otizmin bilinen tek \u00e7aresinin <strong>\u201cerken tan\u0131 ile yo\u011fun ve s\u00fcrekli e\u011fitim\u201d<\/strong> oldu\u011funa dikkat \u00e7eken <strong>Tohum Otizm Vakf\u0131 Genel M\u00fcd\u00fcr\u00fc Suat Karda\u015f<\/strong> \u201cBug\u00fcn d\u00fcnyada her <strong>59<\/strong> \u00e7ocuktan <strong>1\u2019i<\/strong> otizm riski ile do\u011fuyor. Bu rakam <strong>her y\u0131l art\u0131\u015f e\u011filimi<\/strong> g\u00f6steriyor. <strong>Runatoila Maratonu<\/strong>\u2019nda ko\u015farak <strong>hem otizm<\/strong> konusunda fark\u0131ndal\u0131k yaratabilir hem de <strong>otizmli \u00e7ocuklar\u0131m\u0131z\u0131n e\u011fitimi<\/strong> i\u00e7in ba\u011f\u0131\u015f toplayabilirsiniz. T\u00fcm sporseverleri <strong>Runatolia Maratonu<\/strong>\u2019nda yan\u0131m\u0131zda olmaya davet ediyoruz.\u201d dedi.<\/p>\n<h2><strong>Otizmin Tek \u00c7aresi E\u011fitim<\/strong><\/h2>\n<p>Otizmin g\u00fcn\u00fcm\u00fczde bilinen tek \u00e7aresi;<strong> erken tan\u0131<\/strong> ile<strong> yo\u011fun<\/strong> ve <strong>s\u00fcrekli \u00f6zel e\u011fitim<\/strong>dir. Erken tan\u0131 ve do\u011fru bir e\u011fitim yakla\u015f\u0131m\u0131 ile yo\u011fun olarak e\u011fitim alan \u00e7ocuklar\u0131n yakla\u015f\u0131k <strong>% 50<\/strong>\u2019sinde <strong>otizmin belirtileri<\/strong> kontrol alt\u0131na al\u0131nabilmekte, geli\u015fim sa\u011flanabilmekte,<strong> b\u00fcy\u00fck ilerleme kaydedilmekte<\/strong> ve hatta baz\u0131 <strong>otizmli \u00e7ocuklar\u0131n ergenlik ya\u015f\u0131na<\/strong> geldiklerinde di\u011fer arkada\u015flar\u0131ndan fark\u0131 kalmayabilmektedir. Otizmde en \u00f6nemli nokta \u00e7ocuklara olabildi\u011fince erken d\u00f6nemde (18 ay civar\u0131) tan\u0131 koyabilmek ve haftada en az <strong>30 saati<\/strong> bulan yo\u011fun bir <strong>e\u011fitim almalar\u0131n\u0131<\/strong> sa\u011flamakt\u0131r. \u00d6zellikle <strong>3<\/strong> ile <strong>5<\/strong> ya\u015f aras\u0131nda bu yo\u011fun e\u011fitim \u00e7ok k\u0131ymetlidir.<\/p>\n<h2><strong>Bunlar\u0131 Biliyor musunuz?<\/strong><\/h2>\n<p>&#8211; Otizmin tek \u00e7aresi <strong>ERKEN TANI ile YO\u011eUN, S\u00dcREKL\u0130 E\u011e\u0130T\u0130M<\/strong>\u2019dir.<\/p>\n<p>&#8211; G\u00fcn\u00fcm\u00fczde her <strong>59 \u00c7OCUKTAN 1\u2019inin<\/strong> otizm riski ile<strong> d\u00fcnyaya gelmekte<\/strong> ve <strong>otizmin g\u00f6r\u00fclme s\u0131kl\u0131\u011f\u0131<\/strong> \u00e7ok b\u00fcy\u00fck bir<strong> h\u0131zla art\u0131\u015f<\/strong> g\u00f6stermektedir.<\/p>\n<p>&#8211; D\u00fcnyada <strong>her 20 DAK\u0130KADA 1<\/strong> \u00e7ocuk otizm tan\u0131s\u0131 almaktad\u0131r.<\/p>\n<p>&#8211; <strong>Otizm erkek \u00e7ocuklarda<\/strong>, k\u0131zlardan <strong>4 KAT FAZLA\u00a0<\/strong>oranda g\u00f6r\u00fclmektedir.<\/p>\n<p>&#8211; \u00dclkemizde <strong>0-19 ya\u015f<\/strong> grubundaki <strong>434.010<\/strong> otizmli \u00e7ocuk ve gencimizden sadece <strong>42.461\u2019<\/strong>i E\u011e\u0130T\u0130ME ER\u0130\u015eEB\u0130LMEKTED\u0130R.<\/p>\n<p>&#8211; <strong>Otizmin belirtileri:<\/strong> \u0130smi s\u00f6ylendi\u011finde bakmamak, g\u00f6z konta\u011f\u0131 kurmamak, baz\u0131 objelere a\u015f\u0131r\u0131 ilgi duymak, \u00f6rne\u011fin \u00e7ama\u015f\u0131r makinesini saatlerce izlemek, \u2026<\/p>","protected":false},"excerpt":{"rendered":"<p>Sorry, this entry is only available in Turkish. For the sake of viewer convenience, the content is shown below in the alternative language. You may click the link to switch the active language. 7 Mart 2021, Pazar g\u00fcn\u00fc 16&#8217;\u0131nc\u0131s\u0131 ger\u00e7ekle\u015fecek olan Antalya&#8217;n\u0131n en b\u00fcy\u00fck spor organizasyonu Runatolia Uluslararas\u0131 Antalya Maratonu\u2019nda Tohum Otizm Vakf\u0131 i\u00e7in ko\u015farak [&hellip;]<\/p>\n","protected":false},"author":1,"featured_media":129871,"comment_status":"open","ping_status":"open","sticky":false,"template":"","format":"standard","meta":[],"categories":[53,4],"tags":[52259,86913,56506,86912,57125,51310],"views":64,"_links":{"self":[{"href":"https:\/\/www.enerjigazetesi.ist\/en\/wp-json\/wp\/v2\/posts\/129869"}],"collection":[{"href":"https:\/\/www.enerjigazetesi.ist\/en\/wp-json\/wp\/v2\/posts"}],"about":[{"href":"https:\/\/www.enerjigazetesi.ist\/en\/wp-json\/wp\/v2\/types\/post"}],"author":[{"embeddable":true,"href":"https:\/\/www.enerjigazetesi.ist\/en\/wp-json\/wp\/v2\/users\/1"}],"replies":[{"embeddable":true,"href":"https:\/\/www.enerjigazetesi.ist\/en\/wp-json\/wp\/v2\/comments?post=129869"}],"version-history":[{"count":0,"href":"https:\/\/www.enerjigazetesi.ist\/en\/wp-json\/wp\/v2\/posts\/129869\/revisions"}],"wp:featuredmedia":[{"embeddable":true,"href":"https:\/\/www.enerjigazetesi.ist\/en\/wp-json\/wp\/v2\/media\/129871"}],"wp:attachment":[{"href":"https:\/\/www.enerjigazetesi.ist\/en\/wp-json\/wp\/v2\/media?parent=129869"}],"wp:term":[{"taxonomy":"category","embeddable":true,"href":"https:\/\/www.enerjigazetesi.ist\/en\/wp-json\/wp\/v2\/categories?post=129869"},{"taxonomy":"post_tag","embeddable":true,"href":"https:\/\/www.enerjigazetesi.ist\/en\/wp-json\/wp\/v2\/tags?post=129869"}],"curies":[{"name":"wp","href":"https:\/\/api.w.org\/{rel}","templated":true}]}}