{"id":1298,"date":"2012-08-08T09:14:23","date_gmt":"2012-08-08T06:14:23","guid":{"rendered":"https:\/\/www.enerjigazetesi.ist\/?p=1298"},"modified":"2012-08-08T09:14:23","modified_gmt":"2012-08-08T06:14:23","slug":"almanlar-yenilenebilir-enerji-yatirimlari-icin-afyonkarahisara-geldi","status":"publish","type":"post","link":"https:\/\/www.enerjigazetesi.ist\/en\/almanlar-yenilenebilir-enerji-yatirimlari-icin-afyonkarahisara-geldi\/","title":{"rendered":"(Turkish) Almanlar, Yenilenebilir Enerji Yat\u0131r\u0131mlar\u0131 \u0130\u00e7in Afyonkarahisar\u2019a Geldi"},"content":{"rendered":"<p class=\"qtranxs-available-languages-message qtranxs-available-languages-message-en\">Sorry, this entry is only available in <a href=\"https:\/\/www.enerjigazetesi.ist\/tr\/wp-json\/wp\/v2\/posts\/1298\" class=\"qtranxs-available-language-link qtranxs-available-language-link-tr\" title=\"Turkish\">Turkish<\/a>. For the sake of viewer convenience, the content is shown below in the alternative language. You may click the link to switch the active language.<\/p><p><\/p>\n<div>\n<div><strong>Almanlar, Afyonkarahisar\u2019\u0131n jeotermal kaynaklar\u0131n\u0131 yak\u0131n takibe ald\u0131. Almanya\u2019dan gelen bir grup i\u015fadam\u0131 kent merkezinde 12 bin konutu jeotermal enerjiyle \u0131s\u0131tan AFJET A\u015e\u2019yi inceledi.<\/strong><\/div>\n<div>\n<div>\n<p>Almanlar, Afyonkarahisar\u2019\u0131n jeotermal kaynaklar\u0131n\u0131 yak\u0131ntakibe ald\u0131. Almanya\u2019dan gelen birgrup i\u015fadam\u0131 kent merkezinde 12 bin<img loading=\"lazy\" class=\"alignleft size-medium wp-image-1299\" title=\"almanlar-yenilenebilir-enerji-yatirimlari-icin-afyonkarahisara-geldi\" src=\"https:\/\/www.enerjigazetesi.ist\/wp-content\/uploads\/2012\/08\/almanlar-yenilenebilir-enerji-yatirimlari-icin-afyonkarahisara-geldi-300x167.jpg\" alt=\"\" width=\"300\" height=\"167\" srcset=\"https:\/\/www.enerjigazetesi.ist\/wp-content\/uploads\/2012\/08\/almanlar-yenilenebilir-enerji-yatirimlari-icin-afyonkarahisara-geldi-300x167.jpg 300w, https:\/\/www.enerjigazetesi.ist\/wp-content\/uploads\/2012\/08\/almanlar-yenilenebilir-enerji-yatirimlari-icin-afyonkarahisara-geldi-500x278.jpg 500w, https:\/\/www.enerjigazetesi.ist\/wp-content\/uploads\/2012\/08\/almanlar-yenilenebilir-enerji-yatirimlari-icin-afyonkarahisara-geldi-80x44.jpg 80w, https:\/\/www.enerjigazetesi.ist\/wp-content\/uploads\/2012\/08\/almanlar-yenilenebilir-enerji-yatirimlari-icin-afyonkarahisara-geldi.jpg 600w\" sizes=\"(max-width: 300px) 100vw, 300px\" \/> konutu jeotermal enerjiyle\u0131s\u0131tan AFJET A\u015e\u2019yi inceledi. Alman heyete, AFJET tesislerinde yap\u0131lan toplant\u0131da jeotermal enerji hakk\u0131nda Vali \u0130rfan Balkanl\u0131o\u011flu, Milletvekili Do\u00e7. Dr. Sait A\u00e7ba ve AFJET GenelM\u00fcd\u00fcr\u00fc Yusuf Ulut\u00fcrk taraf\u0131ndan bilgiler verildi.<\/p>\n<p>\u00a0Toplant\u0131 \u00f6ncesinde bas\u0131n mensuplar\u0131na bir a\u00e7\u0131klama yapan Vali \u0130rfan Balkanl\u0131o\u011flu, Almanya\u2019dan gelen heyetin T\u00fcrkiye\u2019de yat\u0131r\u0131m yapmak istedi\u011fini belirterek, \u201cAlmanya\u2019da Jeotermal Vakf\u0131 var. B\u00fct\u00fcn jeotermalcilerin \u00fcye oldu\u011fu bir vak\u0131f. Bu vakf\u0131n genel m\u00fcd\u00fcr\u00fc geldi. Herhalde AFJET\u2019le ilgili yat\u0131r\u0131m yapabilir miyiz diye ara\u015ft\u0131r\u0131yorlar.\u201d dedi.<\/p>\n<p>Afyonkarahisar\u2019\u0131 daha ileriye g\u00f6trmek, insana ve do\u011faya faydas\u0131 olacak her t\u00fcrl\u00fc \u00e7al\u0131\u015fmada valili\u011fe d\u00fc\u015fen g\u00f6revi en verimli \u015fekilde yerine getireceklerini ifade eden Balkanl\u0131o\u011flu, \u201cAfyonkarahisar\u2019da alt\u0131n de\u011ferinde enerjiler var. Bunlar\u0131n en etkin bi\u00e7imde kullan\u0131lmas\u0131 i\u00e7in yurt i\u00e7inden ve hatta yurt d\u0131\u015f\u0131ndan gelecek olan yat\u0131r\u0131mc\u0131lara, Afyonkarahisar ve halk\u0131na fayda sa\u011flamak, istihdam\u0131 art\u0131rmak, ekonomimizi canland\u0131rmak i\u00e7in valilik olarak destek verece\u011fiz.\u2019\u2019 diye konu\u015ftu.<\/p>\n<p>\u00a0Jeotermal Vakf\u0131 Y\u00f6netim Kurulu Ba\u015fkan\u0131 Dr. Rolf Schiffer Afyonkarahisar\u2019\u0131n jeotermal kaynaklar\u0131 ile ilgili olarak \u00e7al\u0131\u015fma yapt\u0131klar\u0131n\u0131, bu alanda iki \u00fclke arsas\u0131nda yap\u0131labilecek yat\u0131r\u0131mlar ve i\u015f birli\u011fi \u00e7al\u0131\u015fmalar\u0131na katk\u0131da bulunmak i\u00e7in burada olduklar\u0131n\u0131 s\u00f6yledi. Schiffer, Afyonkarahisar\u2019a jeotermal ve tavuk g\u00fcbresinden elektrik elde edilmesi gibi yenilenebilir enerji kaynaklar\u0131 \u00fczerinde durduklar\u0131n\u0131 anlatt\u0131.<\/p>\n<p>AK Parti Afyonkarahisar Milletvekili Sait A\u00e7ba da, Almanya\u2019dan Afyonkarahisar\u2019daki jeotermal durumunu ara\u015ft\u0131rmak \u00fczere gelen heyetin, \u00f6zellikle tavuk g\u00fcbresinden enerji elde etme ile ilgili yat\u0131r\u0131m imkanlar\u0131n\u0131 ara\u015ft\u0131rmak istediklerini bildirdi. Afyonkarahisar\u2019\u0131n yat\u0131r\u0131m yapmak a\u00e7\u0131s\u0131ndan \u00e7ok \u00f6nemli merkezlerden birisi oldu\u011funa dikkat \u00e7eken A\u00e7ba, \u201cT\u00fcrkiye\u2019de son 10 y\u0131lda yat\u0131r\u0131m bak\u0131m\u0131ndan \u00e7ok ciddi geli\u015fmeler var. \u00d6zellikle 2004 y\u0131l\u0131nda \u00e7\u0131kar\u0131lan te\u015fvik yasas\u0131 ile birlikte T\u00fcrkiye d\u00fcnyan\u0131n her kesiminden yat\u0131r\u0131mc\u0131n\u0131n dikkatini \u00e7ekiyor. Afyonkarahisar&#8217;da \u00f6zellikle termal turizm a\u00e7\u0131s\u0131ndan, teknolojik sera a\u00e7\u0131s\u0131ndan, mermer a\u00e7\u0131s\u0131ndan \u00f6nemli bir yat\u0131r\u0131m merkezi.\u201d dedi. Yat\u0131r\u0131mlar\u0131n ileriye d\u00f6n\u00fck olarak meyvesini verece\u011fini belirten A\u00e7ba, Almanlar\u0131n bu ke\u015fif gezisinden sonra Afyonkarahisar\u2019da neler yap\u0131labilece\u011fi konusunda gerekli ad\u0131mlar\u0131 atacaklar\u0131n\u0131 kaydetti.<\/p>\n<p>Konu\u015fmalar\u0131n ard\u0131ndan Afjet Genel M\u00fcd\u00fcr\u00fc Yusuf Ulut\u00fck taraf\u0131ndan Afjet\u2019in potansiyeli, yat\u0131r\u0131mlar\u0131 ile \u00e7al\u0131\u015fma sistemi hakk\u0131nda slayt g\u00f6sterisi e\u015fli\u011finde bilgiler verildi. C\u0130HAN<\/p>\n<p>Kaynak: <a href=\"http:\/\/www.haberimport.com\/haber\/almanlar,-yenilenebilir-enerji-yatirimlari-icin-afyonkarahisara-geldi-116945.htm\" target=\"_blank\">Haberimport<\/a><\/p>\n<\/div>\n<\/div>\n<\/div>\n<p><\/p>","protected":false},"excerpt":{"rendered":"<p>Sorry, this entry is only available in Turkish. For the sake of viewer convenience, the content is shown below in the alternative language. You may click the link to switch the active language. Almanlar, Afyonkarahisar\u2019\u0131n jeotermal kaynaklar\u0131n\u0131 yak\u0131n takibe ald\u0131. Almanya\u2019dan gelen bir grup i\u015fadam\u0131 kent merkezinde 12 bin konutu jeotermal enerjiyle \u0131s\u0131tan AFJET A\u015e\u2019yi [&hellip;]<\/p>\n","protected":false},"author":1,"featured_media":1299,"comment_status":"open","ping_status":"open","sticky":false,"template":"","format":"standard","meta":[],"categories":[53,48],"tags":[258,257,56],"views":845,"_links":{"self":[{"href":"https:\/\/www.enerjigazetesi.ist\/en\/wp-json\/wp\/v2\/posts\/1298"}],"collection":[{"href":"https:\/\/www.enerjigazetesi.ist\/en\/wp-json\/wp\/v2\/posts"}],"about":[{"href":"https:\/\/www.enerjigazetesi.ist\/en\/wp-json\/wp\/v2\/types\/post"}],"author":[{"embeddable":true,"href":"https:\/\/www.enerjigazetesi.ist\/en\/wp-json\/wp\/v2\/users\/1"}],"replies":[{"embeddable":true,"href":"https:\/\/www.enerjigazetesi.ist\/en\/wp-json\/wp\/v2\/comments?post=1298"}],"version-history":[{"count":2,"href":"https:\/\/www.enerjigazetesi.ist\/en\/wp-json\/wp\/v2\/posts\/1298\/revisions"}],"predecessor-version":[{"id":1301,"href":"https:\/\/www.enerjigazetesi.ist\/en\/wp-json\/wp\/v2\/posts\/1298\/revisions\/1301"}],"wp:featuredmedia":[{"embeddable":true,"href":"https:\/\/www.enerjigazetesi.ist\/en\/wp-json\/wp\/v2\/media\/1299"}],"wp:attachment":[{"href":"https:\/\/www.enerjigazetesi.ist\/en\/wp-json\/wp\/v2\/media?parent=1298"}],"wp:term":[{"taxonomy":"category","embeddable":true,"href":"https:\/\/www.enerjigazetesi.ist\/en\/wp-json\/wp\/v2\/categories?post=1298"},{"taxonomy":"post_tag","embeddable":true,"href":"https:\/\/www.enerjigazetesi.ist\/en\/wp-json\/wp\/v2\/tags?post=1298"}],"curies":[{"name":"wp","href":"https:\/\/api.w.org\/{rel}","templated":true}]}}