{"id":129748,"date":"2021-02-20T20:06:50","date_gmt":"2021-02-20T17:06:50","guid":{"rendered":"https:\/\/www.enerjigazetesi.ist\/?p=129748"},"modified":"2021-02-20T20:10:32","modified_gmt":"2021-02-20T17:10:32","slug":"ibm-2030-yilina-kadar-sera-gazi-emisyonunu-sifira-indirme-yi-taahhut-etti","status":"publish","type":"post","link":"https:\/\/www.enerjigazetesi.ist\/en\/ibm-2030-yilina-kadar-sera-gazi-emisyonunu-sifira-indirme-yi-taahhut-etti\/","title":{"rendered":"(Turkish) &#8217;IBM&#8217; 2030&#8217;a Kadar Sera Gaz\u0131 Emisyonunu S\u0131f\u0131ra \u0130ndirmeyi Taahh\u00fct Etti"},"content":{"rendered":"<p class=\"qtranxs-available-languages-message qtranxs-available-languages-message-en\">Sorry, this entry is only available in <a href=\"https:\/\/www.enerjigazetesi.ist\/tr\/wp-json\/wp\/v2\/posts\/129748\" class=\"qtranxs-available-language-link qtranxs-available-language-link-tr\" title=\"Turkish\">Turkish<\/a>. For the sake of viewer convenience, the content is shown below in the alternative language. You may click the link to switch the active language.<\/p><p><\/p>\n<h1>IBM (NYSE:\u00a0<a href=\"https:\/\/c212.net\/c\/link\/?t=0&amp;l=en&amp;o=3068509-1&amp;h=2956050037&amp;u=http%3A%2F%2Fwww.ibm.com%2Finvestor&amp;a=IBM\" target=\"_blank\" rel=\"nofollow noopener\">IBM<\/a>); k\u00fcresel iklim kriziyle m\u00fccadele kapsam\u0131nda, 2030 y\u0131l\u0131na kadar sera gaz\u0131 emisyonunda s\u0131f\u0131ra ula\u015faca\u011f\u0131n\u0131 a\u00e7\u0131klad\u0131. Kurulu\u015f bu hedefini yerine getirmek i\u00e7in; faaliyet g\u00f6sterdi\u011fi 175\u2019i a\u015fk\u0131n \u00fclke genelinde yol a\u00e7t\u0131\u011f\u0131 emisyonlar\u0131 fiilen azaltmaya, enerji verimlili\u011fine ve temiz enerji kullan\u0131m\u0131n\u0131 art\u0131rmaya \u00f6ncelik verecek.<\/h1>\n<p><strong>Net s\u0131f\u0131r taahh\u00fcd\u00fcn\u00fc<\/strong> ger\u00e7ekle\u015ftirmek isteyen <span style=\"text-decoration: underline;\">IBM \u015fu ad\u0131mlar\u0131 atacak:<\/span><\/p>\n<p><strong>&#8211; 2025 y\u0131l\u0131na kadar sera gaz\u0131 emisyonlar\u0131n\u0131, <\/strong>temel al\u0131nan<strong> 2010 y\u0131l\u0131na <\/strong>g\u00f6re<strong> % 65 oran\u0131nda <img loading=\"lazy\" class=\"alignright wp-image-129750\" src=\"https:\/\/www.enerjigazetesi.ist\/wp-content\/uploads\/2021\/02\/ibm-den-2030-yilina-kadar-sera-gazi-emisyonunu-sifira-indirme-taahhudu.jpg\" alt=\"\" width=\"320\" height=\"214\" srcset=\"https:\/\/www.enerjigazetesi.ist\/wp-content\/uploads\/2021\/02\/ibm-den-2030-yilina-kadar-sera-gazi-emisyonunu-sifira-indirme-taahhudu.jpg 550w, https:\/\/www.enerjigazetesi.ist\/wp-content\/uploads\/2021\/02\/ibm-den-2030-yilina-kadar-sera-gazi-emisyonunu-sifira-indirme-taahhudu-300x200.jpg 300w, https:\/\/www.enerjigazetesi.ist\/wp-content\/uploads\/2021\/02\/ibm-den-2030-yilina-kadar-sera-gazi-emisyonunu-sifira-indirme-taahhudu-500x334.jpg 500w, https:\/\/www.enerjigazetesi.ist\/wp-content\/uploads\/2021\/02\/ibm-den-2030-yilina-kadar-sera-gazi-emisyonunu-sifira-indirme-taahhudu-75x50.jpg 75w, https:\/\/www.enerjigazetesi.ist\/wp-content\/uploads\/2021\/02\/ibm-den-2030-yilina-kadar-sera-gazi-emisyonunu-sifira-indirme-taahhudu-450x300.jpg 450w\" sizes=\"(max-width: 320px) 100vw, 320px\" \/>azaltacak.<\/strong><\/p>\n<p><strong>&#8211; D\u00fcnya \u00e7ap\u0131nda t\u00fcketti\u011fi elektri\u011fin 2025 y\u0131l\u0131nda <\/strong>kadar<strong> % 75\u2019ini, 2030&#8217;a <\/strong>kadar da<strong> % 90\u2019\u0131n\u0131 yenilenebilir kaynaklardan temin edecek.<\/strong><\/p>\n<p><strong>&#8211; Emisyonlar\u0131n s\u0131f\u0131rlanmas\u0131 i\u00e7in karbon saklama <\/strong>gibi <strong>uygulanabilir teknolojilerin en ge\u00e7 2030 y\u0131l\u0131ndan itibaren <\/strong>kullan\u0131lmas\u0131,<\/p>\n<p><strong>\u0130klim krizi<\/strong>nin bir an \u00f6nce ele al\u0131nmas\u0131 gerekti\u011finin alt\u0131n\u0131 \u00e7izen <strong>IBM Y\u00f6netim Kurulu Ba\u015fkan\u0131 ve CEO\u2019su Arvind Krishna<\/strong> \u015funlar\u0131 <span style=\"text-decoration: underline;\">s\u00f6yledi:<\/span> <em>\u201cIBM\u2019in\u00a0<\/em><em><strong>sera gaz\u0131 emisyonlar\u0131<\/strong>n\u0131<\/em><em><strong>\u00a0s\u0131f\u0131ra indirme taahh\u00fcd\u00fc<\/strong>, iklim alan\u0131nda uzun s\u00fcredir devam eden liderli\u011fimizi g\u00fc\u00e7lendiren ve \u015firketimizi <strong>Paris \u0130klim Anla\u015fmas\u0131\u2019nda<\/strong> belirtilen hedeflerin y\u0131llarca ilerisinde bir noktaya konumland\u0131ran cesur bir ad\u0131m. Emisyonlar\u0131 \u00f6nemli \u00f6l\u00e7\u00fcde azaltacak ad\u0131mlar\u0131 atarak bu alanda \u00f6nc\u00fcl\u00fck etmemiz gurur verici.\u201d\u00a0<\/em><strong>Yenilenebilir enerji kullan\u0131m\u0131n\u0131<\/strong> hesaplama ve raporlama konusunda \u015feffaf olan IBM\u2019in<em>\u00a0<\/em>sera gaz\u0131 emisyonlar\u0131n\u0131 s\u0131f\u0131ra indirme taahh\u00fcd\u00fc, k\u0131sa vadeli hedefler de ortaya koyuyor. IBM hedefinin; <strong>yenilenebilir enerji sertifikalar\u0131<\/strong>n\u0131n sat\u0131n al\u0131nmas\u0131na de\u011fil, fiilen <strong>t\u00fcketece\u011fi enerjiye<\/strong> dayand\u0131\u011f\u0131n\u0131 vurguluyor.<\/p>\n<p>IBM\u2019in<strong> s\u00fcrd\u00fcr\u00fclebilirlik taahh\u00fcd\u00fcne desteklemek<\/strong> i\u00e7in bilim ve teknolojinin uygulanmas\u0131na odaklanan <strong>IBM Research<\/strong>, iklim de\u011fi\u015fikli\u011finin yol a\u00e7t\u0131\u011f\u0131 etkilere y\u00f6nelik \u00e7\u00f6z\u00fcmlerin ke\u015ffedilmesini h\u0131zland\u0131rmak \u00fczere\u00a0<a href=\"https:\/\/c212.net\/c\/link\/?t=0&amp;l=en&amp;o=3068509-1&amp;h=2205842035&amp;u=https%3A%2F%2Fnewsroom.ibm.com%2FIBM-Joins-the-MIT-Climate-and-Sustainability-Consortium-Part-of-a-Broader-IBM-Future-of-Climate-Initiative&amp;a=Future+of+Climate\" target=\"_blank\" rel=\"nofollow noopener\"><strong>\u0130klimin Gelece\u011fi (Future of Climate<u>)<\/u><\/strong><\/a>\u00a0giri\u015fimini ba\u015flatt\u0131.<\/p>\n<p><strong>Yapay zeka, hibrit bulut<\/strong> ve <strong>kuantum hesaplamadan<\/strong> yararlanan IBM ara\u015ft\u0131rmac\u0131lar\u0131; giderek artan <strong>karbon ayak izini, de\u011fi\u015fen \u00e7evre<\/strong> ve <strong>iklim kal\u0131plar\u0131n\u0131<\/strong> do\u011fru \u015fekilde modelleyip bu kal\u0131plar\u0131n riskini de\u011ferlendirebilen y\u00f6ntemler geli\u015ftirecek. Ara\u015ft\u0131rmac\u0131lar; emisyon ba\u015flang\u0131c\u0131nda <strong>karbonu yakalay\u0131p absorbe edebilen<\/strong> yeni materyallerin geli\u015ftirilmesi gibi, <strong>iklimle ili\u015fkili<\/strong> karma\u015f\u0131k problemlere\u00a0<strong><a href=\"https:\/\/c212.net\/c\/link\/?t=0&amp;l=en&amp;o=3068509-1&amp;h=3205071019&amp;u=https%3A%2F%2Fwww.research.ibm.com%2Furgencyofscience%2F&amp;a=science\" target=\"_blank\" rel=\"nofollow noopener\">bilimsel\u00a0<\/a>\u00e7\u00f6z\u00fcmler<\/strong> sunmak i\u00e7in <strong>IBM m\u00fc\u015fterileri<\/strong> ve <strong>i\u015f ortaklar\u0131yla<\/strong> birlikte \u00e7al\u0131\u015f\u0131yor.<\/p>\n<h2><strong>\u00c7evresel s\u00fcrd\u00fcr\u00fclebilirli\u011fe ge\u00e7mi\u015ften bug\u00fcne s\u00fcre gelen destek<\/strong><\/h2>\n<p>Kurumsal \u00e7evre politikas\u0131n\u0131 ilk kez <strong>1971 y\u0131l\u0131nda<\/strong> yay\u0131nlayan IBM\u2019in <strong>\u00e7evresel s\u00fcrd\u00fcr\u00fclebilirlik<\/strong> alan\u0131na deste\u011fi onlarca y\u0131l \u00f6ncesine dayan\u0131yor. IBM 1990 y\u0131l\u0131ndan bu yana<strong> at\u0131k y\u00f6netimi, enerji tasarrufu, yenilenebilir elektrik kullan\u0131m\u0131, karbondioksit emisyonlar\u0131n\u0131 azaltma<\/strong> ve <strong>yenilik\u00e7i \u00e7\u00f6z\u00fcmler geli\u015ftirme<\/strong> konular\u0131ndaki performans\u0131n\u0131; her y\u0131l <strong>Kurumsal \u00c7evre Raporlar\u0131<\/strong>nda a\u00e7\u0131kl\u0131yor. Firma 2007 y\u0131l\u0131nda,<em> \u201catmosferdeki sera gaz\u0131 konsantrasyonunu dengelemek i\u00e7in k\u00fcresel temelde \u00f6nemli \u00e7al\u0131\u015fmalar ger\u00e7ekle\u015ftirilmesinin gerekti\u011fini\u201d<\/em> s\u00f6yleyerek iklim de\u011fi\u015fikli\u011fi konusundaki tutumunu kamuoyuna a\u00e7\u0131klad\u0131. 2015 y\u0131l\u0131nda <strong>Paris Anla\u015fmas\u0131<\/strong>\u2019na destek veren firma, 2017 y\u0131l\u0131nda ABD\u2019nin bu anla\u015fman\u0131n taraf\u0131 olmaya devam etmesi gereklili\u011fine verdi\u011fi deste\u011fi a\u00e7\u0131k bir \u015fekilde yineledi. 2019 y\u0131l\u0131nda <strong>Climate Leadership Council<\/strong>\u2019\u0131n (\u0130klim Liderli\u011fi Konseyi) Kurucu \u00dcyelerinden biri olan IBM, net gelirinin<strong> % 100<\/strong>\u2019\u00fcn\u00fcn<strong> karbon temett\u00fc<\/strong> olarak \u00f6denece\u011fi bir vergiyi \u00f6neren karar\u0131\u00a0<strong>tamamen destekliyor.\u00a0<\/strong><\/p>\n<p><strong>IBM<\/strong>\u2019in <strong>\u00e7evre politikalar\u0131<\/strong> hakk\u0131nda daha fazla bilgi almak i\u00e7in:\u00a0<a href=\"https:\/\/c212.net\/c\/link\/?t=0&amp;l=en&amp;o=3068509-1&amp;h=649143567&amp;u=https%3A%2F%2Fwww.ibm.com%2Fibm%2Fenvironment%2F&amp;a=https%3A%2F%2Fwww.ibm.com%2Fenvironment%2F\" target=\"_blank\" rel=\"nofollow noopener\">https:\/\/www.ibm.com\/environment\/<\/a>\u00a0adresini ziyaret edebilirsiniz.<\/p>","protected":false},"excerpt":{"rendered":"<p>Sorry, this entry is only available in Turkish. For the sake of viewer convenience, the content is shown below in the alternative language. You may click the link to switch the active language. IBM (NYSE:\u00a0IBM); k\u00fcresel iklim kriziyle m\u00fccadele kapsam\u0131nda, 2030 y\u0131l\u0131na kadar sera gaz\u0131 emisyonunda s\u0131f\u0131ra ula\u015faca\u011f\u0131n\u0131 a\u00e7\u0131klad\u0131. Kurulu\u015f bu hedefini yerine getirmek i\u00e7in; [&hellip;]<\/p>\n","protected":false},"author":1,"featured_media":129750,"comment_status":"open","ping_status":"open","sticky":false,"template":"","format":"standard","meta":[],"categories":[51,53,52,157],"tags":[86816,37982,86820,86814,26559,58103,86823,86819,52510,86821,86825,86822,86824,86826,86817,86813,57125,86818,65918,30046,62711,86815,793,6379,71395],"views":85,"_links":{"self":[{"href":"https:\/\/www.enerjigazetesi.ist\/en\/wp-json\/wp\/v2\/posts\/129748"}],"collection":[{"href":"https:\/\/www.enerjigazetesi.ist\/en\/wp-json\/wp\/v2\/posts"}],"about":[{"href":"https:\/\/www.enerjigazetesi.ist\/en\/wp-json\/wp\/v2\/types\/post"}],"author":[{"embeddable":true,"href":"https:\/\/www.enerjigazetesi.ist\/en\/wp-json\/wp\/v2\/users\/1"}],"replies":[{"embeddable":true,"href":"https:\/\/www.enerjigazetesi.ist\/en\/wp-json\/wp\/v2\/comments?post=129748"}],"version-history":[{"count":0,"href":"https:\/\/www.enerjigazetesi.ist\/en\/wp-json\/wp\/v2\/posts\/129748\/revisions"}],"wp:featuredmedia":[{"embeddable":true,"href":"https:\/\/www.enerjigazetesi.ist\/en\/wp-json\/wp\/v2\/media\/129750"}],"wp:attachment":[{"href":"https:\/\/www.enerjigazetesi.ist\/en\/wp-json\/wp\/v2\/media?parent=129748"}],"wp:term":[{"taxonomy":"category","embeddable":true,"href":"https:\/\/www.enerjigazetesi.ist\/en\/wp-json\/wp\/v2\/categories?post=129748"},{"taxonomy":"post_tag","embeddable":true,"href":"https:\/\/www.enerjigazetesi.ist\/en\/wp-json\/wp\/v2\/tags?post=129748"}],"curies":[{"name":"wp","href":"https:\/\/api.w.org\/{rel}","templated":true}]}}