{"id":129705,"date":"2021-02-19T15:59:51","date_gmt":"2021-02-19T12:59:51","guid":{"rendered":"https:\/\/www.enerjigazetesi.ist\/?p=129705"},"modified":"2021-02-19T15:59:51","modified_gmt":"2021-02-19T12:59:51","slug":"g-20-toplantisinda-dunya-liderlerini-anlamli-temsil","status":"publish","type":"post","link":"https:\/\/www.enerjigazetesi.ist\/en\/g-20-toplantisinda-dunya-liderlerini-anlamli-temsil\/","title":{"rendered":"(Turkish) &#8217;G 20&#8242; Toplant\u0131s\u0131nda D\u00fcnya Liderleri&#8217;ni Anlaml\u0131 Temsil!"},"content":{"rendered":"<p class=\"qtranxs-available-languages-message qtranxs-available-languages-message-en\">Sorry, this entry is only available in <a href=\"https:\/\/www.enerjigazetesi.ist\/tr\/wp-json\/wp\/v2\/posts\/129705\" class=\"qtranxs-available-language-link qtranxs-available-language-link-tr\" title=\"Turkish\">Turkish<\/a>. For the sake of viewer convenience, the content is shown below in the alternative language. You may click the link to switch the active language.<\/p><p><\/p>\n<h1><strong>Uluslararas\u0131 \u0130\u015fverenler Te\u015fkilat\u0131\u2019n\u0131n (IOE) 2017\u2019den g\u00fcn\u00fcm\u00fcze Ba\u015fkan\u0131 olan, Santa Farma \u0130la\u00e7 Y\u00f6netim Kurulu Ba\u015fkan\u0131 ve T\u00fcrkiye Kimya Petrol Lastik ve Plastik Sanayi \u0130\u015fverenleri Sendikas\u0131 (K\u0130PLAS) Ba\u015fkan Vekili Erol Kiresepi, G20 \u0130stihdam \u00c7al\u0131\u015fma Grubu Toplant\u0131s\u0131nda D\u00fcnya \u0130\u015fverenlerini Temsil Etti.<\/strong><\/h1>\n<p><strong>Uluslararas\u0131 \u0130\u015fverenler Te\u015fkilat\u0131\u2019<\/strong>n\u0131n<strong> (IOE)<\/strong> 2017\u2019den g\u00fcn\u00fcm\u00fcze Ba\u015fkan\u0131 olan, Santa Farma \u0130la\u00e7 Y\u00f6netim Kurulu Ba\u015fkan\u0131 ve <strong>T\u00fcrkiye Kimya Petrol Lastik ve Plastik Sanayi \u0130\u015fverenleri Sendikas\u0131 (K\u0130PLAS)<\/strong> Ba\u015fkan Vekili <strong>Erol Kiresepi<\/strong>, <em>G20 2021 \u0130talya D\u00f6nem Ba\u015fkanl\u0131\u011f\u0131<\/em> \u00e7er\u00e7evesinde, <strong><img loading=\"lazy\" class=\"alignright wp-image-129709\" src=\"https:\/\/www.enerjigazetesi.ist\/wp-content\/uploads\/2021\/02\/g-20-toplantisinda-dunya-liderlerini-anlamli-temsil.jpg\" alt=\"\" width=\"340\" height=\"190\" srcset=\"https:\/\/www.enerjigazetesi.ist\/wp-content\/uploads\/2021\/02\/g-20-toplantisinda-dunya-liderlerini-anlamli-temsil.jpg 640w, https:\/\/www.enerjigazetesi.ist\/wp-content\/uploads\/2021\/02\/g-20-toplantisinda-dunya-liderlerini-anlamli-temsil-300x167.jpg 300w, https:\/\/www.enerjigazetesi.ist\/wp-content\/uploads\/2021\/02\/g-20-toplantisinda-dunya-liderlerini-anlamli-temsil-500x279.jpg 500w, https:\/\/www.enerjigazetesi.ist\/wp-content\/uploads\/2021\/02\/g-20-toplantisinda-dunya-liderlerini-anlamli-temsil-80x45.jpg 80w\" sizes=\"(max-width: 340px) 100vw, 340px\" \/>15-17 \u015eubat 2021<\/strong> tarihlerinde video konferans y\u00f6ntemiyle ger\u00e7ekle\u015ftirilen, <strong>\u0130stihdam \u00c7al\u0131\u015fma Grubu toplant\u0131s\u0131<\/strong>na d\u00fcnya i\u015fverenlerini temsilen kat\u0131ld\u0131.<\/p>\n<p><strong>G20 \u00fclkeleri<\/strong>nden \u00e7al\u0131\u015fma ve ekonomi bakanl\u0131klar\u0131, <strong>Uluslararas\u0131 \u00c7al\u0131\u015fma Te\u015fkilat\u0131 (ILO)<\/strong>, <strong>D\u00fcnya Bankas\u0131<\/strong> gibi uluslararas\u0131 kurulu\u015flar ile k\u00fcresel d\u00fczeydek<strong>i i\u015f\u00e7i<\/strong> ve <strong>i\u015fveren kurulu\u015flar\u0131<\/strong> olarak <strong>B20<\/strong> ve <strong>L20<\/strong> temsilcilerinin kat\u0131ld\u0131\u011f\u0131 toplant\u0131da,<strong> 2 ana g\u00fcndem maddesi<\/strong> de\u011ferlendirildi. Bu kapsamda <strong>&#8216;2014 Brisbane Liderler Deklarasyonu&#8217;<\/strong>nda belirtilen &#8216;<strong>2025 y\u0131l\u0131na<\/strong> kadar erkek ve kad\u0131n \u00e7al\u0131\u015fanlar aras\u0131nda kat\u0131l\u0131m oran\u0131 fark\u0131n\u0131n <strong>% 25<\/strong>&#8216;in alt\u0131na indirilmesi&#8217; hedefine y\u00f6nelik<strong> G20 faaliyetleri<\/strong> ile <strong>sosyal koruma sistemleri<\/strong>nin dayan\u0131kl\u0131l\u0131\u011f\u0131n\u0131n ve <strong>etkinli\u011finin art\u0131r\u0131lmas\u0131na<\/strong> y\u00f6nelik \u00e7al\u0131\u015fmalar k\u00fcresel \u00e7apta analiz edildi.<\/p>\n<h2><strong>\u201cSosyal koruma etkili bir ara\u00e7\u201d<\/strong><\/h2>\n<p><strong>\u00c7al\u0131\u015fma Grubu<\/strong>&#8216;na <strong>B20 temsilcisi<\/strong> olarak kat\u0131lan <strong>Erol Kiresepi<\/strong>,<strong> sosyal koruma sistemlerine<\/strong> ili\u015fkin olarak <strong>16 \u015eubat 2021<\/strong> tarihinde yapt\u0131\u011f\u0131 konu\u015fmada, sosyal koruman\u0131n \u00f6zellikle <strong>COVID-19<\/strong> nedeniyle ya\u015fad\u0131\u011f\u0131m\u0131z insani sorunlar\u0131n \u00e7\u00f6z\u00fcm\u00fcnde etkili bir ara\u00e7 oldu\u011funu, konuya y\u00f6nelik <strong>G20<\/strong> taraf\u0131ndan al\u0131nan tavsiye kararlar\u0131n\u0131n acilen uygulanmas\u0131na ihtiya\u00e7 duyuldu\u011funu, <strong>IOE<\/strong>\u2019nin \u00f6zellikle <strong>ya\u015fanan krizi a\u015fmak<\/strong> \u00fczere <strong>ILO<\/strong>\u2019nun koordinasyonunda<strong> ITUC, IndustriALL<\/strong> gibi payda\u015flar ile birlikte,<strong> haz\u0131r giyim tedarik zincirinde<\/strong> olup pandemi s\u00fcrecinden olumsuz etkilenen \u00fclkelerdeki i\u015fletmelere ve i\u015f\u00e7ilere destek sa\u011flamak i\u00e7in bir giri\u015fim ba\u015flatt\u0131\u011f\u0131n\u0131 vurgulad\u0131. Kiresepi, <strong>sosyal koruma sistemleri<\/strong>nin geli\u015fmesinin, <strong>kay\u0131t d\u0131\u015f\u0131 ekonomi<\/strong> ile <strong>m\u00fccadele politikalar\u0131<\/strong> ile birlikte ele al\u0131nmas\u0131 gerekti\u011fini, <strong>\u00f6zellikle kay\u0131tl\u0131 istihdama zarar verecek<\/strong> kararlardan ka\u00e7\u0131n\u0131lmas\u0131n\u0131n elzem oldu\u011funu belirtti.<\/p>\n<p>Kiresepi, <strong>ya\u015fanan demografik d\u00f6n\u00fc\u015f\u00fcm<\/strong> dikkate al\u0131nd\u0131\u011f\u0131nda <strong>sosyal koruma sistemleri<\/strong>nin s\u00fcrd\u00fcr\u00fclebilirli\u011fi konusunda acil tedbirlerin geli\u015ftirilmesi gerekti\u011fini, \u00f6zellikle bu sistemler \u00e7er\u00e7evesinde <strong>gen\u00e7 ku\u015faklara<\/strong> ve <strong>\u015firketlere fazladan<\/strong> yeni y\u00fckler tahmil edilmesinden ka\u00e7\u0131n\u0131lmas\u0131nda yarar g\u00f6rd\u00fcklerini kaydetti.<\/p>\n<h2><strong>\u201c202 say\u0131l\u0131 ILO Tavsiye Karar\u0131\u2019n\u0131n uygulanmas\u0131n\u0131 bekliyoruz\u201d<\/strong><\/h2>\n<p><strong>Sosyal koruma sistemleri<\/strong>nin yeni ger\u00e7ekli\u011fe uyum sa\u011flamas\u0131n\u0131n, <strong>\u00f6zel sekt\u00f6r a\u011f\u0131rl\u0131kl\u0131 sosyal g\u00fcvenlik ara\u00e7lar\u0131<\/strong> ve <strong>yeni finansman modelleri<\/strong>,<strong> ba\u011f\u0131ms\u0131z \u00e7al\u0131\u015fanlar<\/strong> gibi baz\u0131 kesimlere y\u00f6nelik yeni <strong>sosyal koruma sistemleri<\/strong> <strong>geli\u015ftirilmesi<\/strong> ile m\u00fcmk\u00fcn olabilece\u011fine vurgu yapan Kiresepi, s\u00f6zlerine <span style=\"text-decoration: underline;\">\u015f\u00f6yle devam etti:<\/span><\/p>\n<p><em>\u201cYeni d\u00f6nemde sosyal koruma sistemlerinin <strong>beceri geli\u015fimi<\/strong> ve<strong> istihdam edilebilirli\u011fi art\u0131rma<\/strong> noktas\u0131nda da fonksiyon \u00fcstlenmesi gerekiyor. S\u00fcrekli de\u011fi\u015fen beceri ihtiya\u00e7lar\u0131n\u0131n kar\u015f\u0131lanmas\u0131 noktas\u0131nda<strong> devletler<\/strong>, yeterince h\u0131zl\u0131 hareket edemiyor; ancak <strong>sosyal<\/strong> taraflar\u0131n s\u00fcrecin y\u00f6netimine daha fazla dahil edilmesi durumunda soruna \u00e7ok h\u0131zl\u0131 \u015fekilde e\u011filmek m\u00fcmk\u00fcn olacak. <strong>Sosyal koruma sistemleri<\/strong> konusunda k\u00fcresel \u00f6l\u00e7ekte<strong> i\u015f\u00e7i, i\u015fveren<\/strong> ve <strong>h\u00fck\u00fcmet temsilcilerinin<\/strong> uzla\u015ft\u0131\u011f\u0131 bir \u00e7er\u00e7eve olarak,<strong> 202 say\u0131l\u0131 ILO Tavsiye Karar\u0131<\/strong>\u2019n\u0131n uygulanmas\u0131n\u0131 bekliyoruz.\u201d<\/em><\/p>\n<p>Toplant\u0131 kapsam\u0131nda \u00fclke uygulamalar\u0131n\u0131n de\u011ferlendirildi\u011fi b\u00f6l\u00fcmde, <strong>Aile, \u00c7al\u0131\u015fma ve Sosyal Hizmetler Bakanl\u0131\u011f\u0131 temsilcileri<\/strong> taraf\u0131ndan<strong> kad\u0131n istihdam\u0131n\u0131n art\u0131r\u0131lmas\u0131<\/strong> ve <strong>sosyal koruma sistemlerinin etkinli\u011fi<\/strong> hakk\u0131nda birer sunum ger\u00e7ekle\u015ftirildi.<\/p>","protected":false},"excerpt":{"rendered":"<p>Sorry, this entry is only available in Turkish. For the sake of viewer convenience, the content is shown below in the alternative language. You may click the link to switch the active language. Uluslararas\u0131 \u0130\u015fverenler Te\u015fkilat\u0131\u2019n\u0131n (IOE) 2017\u2019den g\u00fcn\u00fcm\u00fcze Ba\u015fkan\u0131 olan, Santa Farma \u0130la\u00e7 Y\u00f6netim Kurulu Ba\u015fkan\u0131 ve T\u00fcrkiye Kimya Petrol Lastik ve Plastik Sanayi [&hellip;]<\/p>\n","protected":false},"author":1,"featured_media":129709,"comment_status":"open","ping_status":"open","sticky":false,"template":"","format":"standard","meta":[],"categories":[53,44],"tags":[86787,86785,86783,86784,86786,86782,86781],"views":111,"_links":{"self":[{"href":"https:\/\/www.enerjigazetesi.ist\/en\/wp-json\/wp\/v2\/posts\/129705"}],"collection":[{"href":"https:\/\/www.enerjigazetesi.ist\/en\/wp-json\/wp\/v2\/posts"}],"about":[{"href":"https:\/\/www.enerjigazetesi.ist\/en\/wp-json\/wp\/v2\/types\/post"}],"author":[{"embeddable":true,"href":"https:\/\/www.enerjigazetesi.ist\/en\/wp-json\/wp\/v2\/users\/1"}],"replies":[{"embeddable":true,"href":"https:\/\/www.enerjigazetesi.ist\/en\/wp-json\/wp\/v2\/comments?post=129705"}],"version-history":[{"count":0,"href":"https:\/\/www.enerjigazetesi.ist\/en\/wp-json\/wp\/v2\/posts\/129705\/revisions"}],"wp:featuredmedia":[{"embeddable":true,"href":"https:\/\/www.enerjigazetesi.ist\/en\/wp-json\/wp\/v2\/media\/129709"}],"wp:attachment":[{"href":"https:\/\/www.enerjigazetesi.ist\/en\/wp-json\/wp\/v2\/media?parent=129705"}],"wp:term":[{"taxonomy":"category","embeddable":true,"href":"https:\/\/www.enerjigazetesi.ist\/en\/wp-json\/wp\/v2\/categories?post=129705"},{"taxonomy":"post_tag","embeddable":true,"href":"https:\/\/www.enerjigazetesi.ist\/en\/wp-json\/wp\/v2\/tags?post=129705"}],"curies":[{"name":"wp","href":"https:\/\/api.w.org\/{rel}","templated":true}]}}