{"id":129659,"date":"2021-02-18T19:47:50","date_gmt":"2021-02-18T16:47:50","guid":{"rendered":"https:\/\/www.enerjigazetesi.ist\/?p=129659"},"modified":"2021-02-18T19:51:54","modified_gmt":"2021-02-18T16:51:54","slug":"total-adani-green-energy-limitede-25-milyar-dolarlik-yatirim-yapti","status":"publish","type":"post","link":"https:\/\/www.enerjigazetesi.ist\/en\/total-adani-green-energy-limitede-25-milyar-dolarlik-yatirim-yapti\/","title":{"rendered":"(Turkish) &#8217;Total&#8217; Adani Green Energy\u2019ye 2,5 Milyar Dolarl\u0131k Yat\u0131r\u0131m Ger\u00e7ekle\u015ftirdi"},"content":{"rendered":"<p class=\"qtranxs-available-languages-message qtranxs-available-languages-message-en\">Sorry, this entry is only available in <a href=\"https:\/\/www.enerjigazetesi.ist\/tr\/wp-json\/wp\/v2\/posts\/129659\" class=\"qtranxs-available-language-link qtranxs-available-language-link-tr\" title=\"Turkish\">Turkish<\/a>. For the sake of viewer convenience, the content is shown below in the alternative language. You may click the link to switch the active language.<\/p><p><\/p>\n<h1><strong>Total taraf\u0131ndan g\u00fcne\u015f enerjisi sekt\u00f6r\u00fcnde d\u00fcnyan\u0131n en b\u00fcy\u00fc\u011f\u00fc olarak kabul g\u00f6ren Adani Green Energy Limited\u2019e 2,5 milyar dolarl\u0131k yat\u0131r\u0131m ger\u00e7ekle\u015ftirdi. Firma, d\u00fcnyan\u0131n en b\u00fcy\u00fck g\u00fcne\u015f fotovoltaik \u00e7\u00f6z\u00fcmlerinin <img loading=\"lazy\" class=\"alignright wp-image-129661\" src=\"https:\/\/www.enerjigazetesi.ist\/wp-content\/uploads\/2021\/02\/total-adani-green-energy-limitede-25-milyar-dolarlik-yatirim-yapti.jpeg\" alt=\"\" width=\"340\" height=\"227\" srcset=\"https:\/\/www.enerjigazetesi.ist\/wp-content\/uploads\/2021\/02\/total-adani-green-energy-limitede-25-milyar-dolarlik-yatirim-yapti.jpeg 600w, https:\/\/www.enerjigazetesi.ist\/wp-content\/uploads\/2021\/02\/total-adani-green-energy-limitede-25-milyar-dolarlik-yatirim-yapti-300x200.jpeg 300w, https:\/\/www.enerjigazetesi.ist\/wp-content\/uploads\/2021\/02\/total-adani-green-energy-limitede-25-milyar-dolarlik-yatirim-yapti-500x333.jpeg 500w, https:\/\/www.enerjigazetesi.ist\/wp-content\/uploads\/2021\/02\/total-adani-green-energy-limitede-25-milyar-dolarlik-yatirim-yapti-75x50.jpeg 75w, https:\/\/www.enerjigazetesi.ist\/wp-content\/uploads\/2021\/02\/total-adani-green-energy-limitede-25-milyar-dolarlik-yatirim-yapti-450x300.jpeg 450w\" sizes=\"(max-width: 340px) 100vw, 340px\" \/>\u00fcreticisi Hindistan merkezli Adani Green\u00a0<\/strong><strong>Energy Limited\u2019e yat\u0131r\u0131m yapt\u0131.<\/strong><\/h1>\n<p>Total, Adani\u2019nin <strong>% 20<\/strong>\u2019lik hissesine kar\u015f\u0131l\u0131k tam<strong> 2,5 milyar dolar<\/strong> \u00f6deme yapacak olup b\u00f6ylece\u00a0<strong>Covid-19 pandemisi<\/strong>nin de etkisiyle ivme kazanan <strong>fosil yak\u0131ttan d\u00fc\u015f\u00fck karbon kaynaklar\u0131<\/strong>na <strong>ge\u00e7i\u015f s\u00fcrecinde<\/strong> planlad\u0131\u011f\u0131 hedeflerine daha rahat ula\u015facak. Total, geride b\u0131rakt\u0131\u011f\u0131m\u0131z y\u0131l yenilenebilir kaynaklara <strong>2 milyar dolarl\u0131k yat\u0131r\u0131m<\/strong> hayata ge\u00e7irirken\u00a0<strong>2030&#8217;a<\/strong> kadar ise<strong> y\u0131ll\u0131k yat\u0131r\u0131m b\u00fct\u00e7esi<\/strong>nin <strong>% 20<\/strong>\u2019sini yani y\u0131lda<strong> 3 milyar dolar <\/strong>ile\u00a0yenilenebilir kaynaklara yat\u0131r\u0131m ger\u00e7ekle\u015ftirecek.<\/p>\n<p><strong>Total<\/strong>\u2019in <strong>Adani<\/strong>\u2019deki bu yat\u0131r\u0131m\u0131, \u015firkete d\u00fcnyan\u0131n en b\u00fcy\u00fck<strong> yenilenebilir enerji pazarlar\u0131<\/strong>ndan birinde <strong>s\u00f6z sahibi olmas\u0131n\u0131<\/strong> sa\u011flayacak. <strong>Adani<\/strong>\u2019nin \u00fclke \u00e7ap\u0131nda<strong> 54 g\u00fcne\u015f<\/strong> ve <strong>r\u00fczgar enerjisi projesi<\/strong> yer al\u0131rken bu hamle ile Total,<strong>\u00a02025 y\u0131l\u0131<\/strong> plan\u0131yla\u00a0<strong>35 GigaWatt<\/strong> g\u00fcce sahip\u00a0<strong>yenilenebilir enerji hedefi<\/strong>ne bir ad\u0131m daha yakla\u015f\u0131rken ge\u00e7en y\u0131l, <strong>7 GigaWatt<\/strong> yenilenebilir enerji kapasitesi yer al\u0131yordu.<\/p>\n<p>Kaynak:\u00a0<a href=\"https:\/\/www.yumpu.com\/tr\/document\/read\/65302486\/enerji-panorama-subat-2021\" target=\"_blank\" rel=\"nofollow noopener\">Enerji Panorama<\/a><\/p>","protected":false},"excerpt":{"rendered":"<p>Sorry, this entry is only available in Turkish. For the sake of viewer convenience, the content is shown below in the alternative language. You may click the link to switch the active language. Total taraf\u0131ndan g\u00fcne\u015f enerjisi sekt\u00f6r\u00fcnde d\u00fcnyan\u0131n en b\u00fcy\u00fc\u011f\u00fc olarak kabul g\u00f6ren Adani Green Energy Limited\u2019e 2,5 milyar dolarl\u0131k yat\u0131r\u0131m ger\u00e7ekle\u015ftirdi. Firma, d\u00fcnyan\u0131n [&hellip;]<\/p>\n","protected":false},"author":1,"featured_media":129661,"comment_status":"open","ping_status":"open","sticky":false,"template":"","format":"standard","meta":[],"categories":[51,53,49,50],"tags":[85275,69892,52259,86739,86740,53157,86741,54979,77508,81025],"views":174,"_links":{"self":[{"href":"https:\/\/www.enerjigazetesi.ist\/en\/wp-json\/wp\/v2\/posts\/129659"}],"collection":[{"href":"https:\/\/www.enerjigazetesi.ist\/en\/wp-json\/wp\/v2\/posts"}],"about":[{"href":"https:\/\/www.enerjigazetesi.ist\/en\/wp-json\/wp\/v2\/types\/post"}],"author":[{"embeddable":true,"href":"https:\/\/www.enerjigazetesi.ist\/en\/wp-json\/wp\/v2\/users\/1"}],"replies":[{"embeddable":true,"href":"https:\/\/www.enerjigazetesi.ist\/en\/wp-json\/wp\/v2\/comments?post=129659"}],"version-history":[{"count":0,"href":"https:\/\/www.enerjigazetesi.ist\/en\/wp-json\/wp\/v2\/posts\/129659\/revisions"}],"wp:featuredmedia":[{"embeddable":true,"href":"https:\/\/www.enerjigazetesi.ist\/en\/wp-json\/wp\/v2\/media\/129661"}],"wp:attachment":[{"href":"https:\/\/www.enerjigazetesi.ist\/en\/wp-json\/wp\/v2\/media?parent=129659"}],"wp:term":[{"taxonomy":"category","embeddable":true,"href":"https:\/\/www.enerjigazetesi.ist\/en\/wp-json\/wp\/v2\/categories?post=129659"},{"taxonomy":"post_tag","embeddable":true,"href":"https:\/\/www.enerjigazetesi.ist\/en\/wp-json\/wp\/v2\/tags?post=129659"}],"curies":[{"name":"wp","href":"https:\/\/api.w.org\/{rel}","templated":true}]}}