{"id":129588,"date":"2021-02-18T12:53:54","date_gmt":"2021-02-18T09:53:54","guid":{"rendered":"https:\/\/www.enerjigazetesi.ist\/?p=129588"},"modified":"2021-02-18T12:54:49","modified_gmt":"2021-02-18T09:54:49","slug":"iicec-kuresel-enerji-ve-iklim-politikalarinda-yeni-bir-donem-yeni-abd","status":"publish","type":"post","link":"https:\/\/www.enerjigazetesi.ist\/en\/iicec-kuresel-enerji-ve-iklim-politikalarinda-yeni-bir-donem-yeni-abd\/","title":{"rendered":"(Turkish) IICEC &#8220;K\u00fcresel Enerji ve \u0130klim Politikalar\u0131nda Yeni Bir D\u00f6nem: Yeni ABD&#8221;"},"content":{"rendered":"<p class=\"qtranxs-available-languages-message qtranxs-available-languages-message-en\">Sorry, this entry is only available in <a href=\"https:\/\/www.enerjigazetesi.ist\/tr\/wp-json\/wp\/v2\/posts\/129588\" class=\"qtranxs-available-language-link qtranxs-available-language-link-tr\" title=\"Turkish\">Turkish<\/a>. For the sake of viewer convenience, the content is shown below in the alternative language. You may click the link to switch the active language.<\/p><p><\/p>\n<h1>Sabanc\u0131 \u00dcniversitesi \u0130stanbul Uluslararas\u0131 Enerji ve \u0130klim Merkezi (IICEC), <strong>\u201cK\u00fcresel Enerji ve \u0130klim Politikalar\u0131nda Yeni Bir D\u00f6nem: Yeni ABD Y\u00f6netimi G\u00fcndemi\u201d<\/strong> ba\u015fl\u0131kl\u0131 bir Webinar d\u00fczenliyor.<\/h1>\n<p><strong>23 \u015eubat 2021 Sal\u0131<\/strong> g\u00fcn\u00fc (16:30-17:30) ger\u00e7ekle\u015ftirilecek <strong>Webinar<\/strong>\u2019\u0131n a\u00e7\u0131\u015f konu\u015fmas\u0131n\u0131 <em>Sabanc\u0131 \u00dcniversitesi Kurucu M\u00fctevelli Heyeti Ba\u015fkan\u0131<\/em> <strong>G\u00fcler Sabanc\u0131<\/strong> yapacak.<\/p>\n<p><img loading=\"lazy\" class=\"alignright wp-image-129592\" src=\"https:\/\/www.enerjigazetesi.ist\/wp-content\/uploads\/2021\/02\/iicec-kuresel-enerji-ve-iklim-politikalarinda-yeni-bir-donem-yeni-abd-1.png\" alt=\"\" width=\"340\" height=\"217\" srcset=\"https:\/\/www.enerjigazetesi.ist\/wp-content\/uploads\/2021\/02\/iicec-kuresel-enerji-ve-iklim-politikalarinda-yeni-bir-donem-yeni-abd-1.png 471w, https:\/\/www.enerjigazetesi.ist\/wp-content\/uploads\/2021\/02\/iicec-kuresel-enerji-ve-iklim-politikalarinda-yeni-bir-donem-yeni-abd-1-300x192.png 300w, https:\/\/www.enerjigazetesi.ist\/wp-content\/uploads\/2021\/02\/iicec-kuresel-enerji-ve-iklim-politikalarinda-yeni-bir-donem-yeni-abd-1-78x50.png 78w\" sizes=\"(max-width: 340px) 100vw, 340px\" \/>A\u00e7\u0131l\u0131\u015f konu\u015fmas\u0131n\u0131n ard\u0131ndan <strong>Uluslararas\u0131 Enerji Ajans\u0131 (IEA)<\/strong> Ba\u015fkan\u0131 <strong>Dr. Fatih Birol,<\/strong> <strong>\u201cK\u00fcresel Perspektif\u201d<\/strong> ba\u015fl\u0131kl\u0131 Keynote Konu\u015fmas\u0131n\u0131 ger\u00e7ekle\u015ftirecek ve enerji ve iklim alanlar\u0131nda \u00f6ne \u00e7\u0131kan \u00f6nemli dinamikleri ve liderli\u011finde <strong>IEA g\u00fcndemindeki konular\u0131<\/strong> de\u011ferlendirecek.<\/p>\n<p><strong>Dr. Fatih Birol<\/strong>\u2019un ard\u0131ndan, Obama Ba\u015fkanl\u0131\u011f\u0131\u2019nda <strong>ABD 13&#8217;\u00fcnc\u00fc Enerji Bakan\u0131<\/strong> olarak g\u00f6rev alan <strong>Prof. Ernest J. Moniz<\/strong> toplant\u0131n\u0131n <strong>Onur Konu\u011fu Konu\u015fmac\u0131s\u0131<\/strong> olarak s\u00f6z alacak ve ABD\u2019nin yeni <strong>enerji<\/strong> ve <strong>iklim politikalar\u0131n\u0131<\/strong> anlatacak.<\/p>\n<p>Webinar, konu\u015fmalardan sonra <strong>i\u015f d\u00fcnyas\u0131 odakl\u0131 bir panel<\/strong> ile devam edecek. Konu\u015fmac\u0131lar\u0131n SHELL T\u00fcrkiye \u00dclke Ba\u015fkan\u0131 <strong>Ahmet Erdem<\/strong>, Borusan Holding CEO\u2019su <strong>Erkan Kafadar<\/strong>, T\u00dcS\u0130AD Enerji \u00c7al\u0131\u015fma Grubu Ba\u015fkan\u0131 <strong>K\u0131van\u00e7 Zaimler\u00a0<\/strong>olaca\u011f\u0131 panel, Sabanc\u0131 \u00dcniversitesi Rekt\u00f6r Yard\u0131mc\u0131s\u0131 <strong>Prof. Dr. Fuat Keyman<\/strong> taraf\u0131ndan y\u00f6netilecek.<\/p>\n<p><strong>Enerji<\/strong> ve <strong>iklim alanlar\u0131ndaki<\/strong> g\u00fcncel k\u00fcresel geli\u015fmelerin, <strong>Uluslararas\u0131 Enerji Ajans\u0131 (IEA)<\/strong> g\u00fcndemindeki \u00e7al\u0131\u015fmalar\u0131n, yeni ABD y\u00f6netiminin <strong>temiz enerji<\/strong> ve <strong>iklim de\u011fi\u015fikli\u011fi<\/strong> ile ilgili yeni politika giri\u015fimlerinin ve <strong>enerji<\/strong> ve<strong> iklim konular\u0131nda<\/strong> i\u015f d\u00fcnyas\u0131n\u0131n g\u00fcndeminin ele al\u0131naca\u011f\u0131 <strong>bu \u00f6nemli etkinli\u011fe<\/strong> kat\u0131l\u0131mlar\u0131n\u0131zdan mutluluk duyaca\u011f\u0131z.<\/p>\n<h2><strong>IICEC \u201cK\u00fcresel Enerji ve \u0130klim Politikalar\u0131nda Yeni Bir D\u00f6nem: Yeni ABD Y\u00f6netimi G\u00fcndemi\u201d Webinar\u0131,\u00a0<\/strong><\/h2>\n<p><strong>Tarih\u00a0: <\/strong>23 \u015eubat 2021, Sal\u0131<\/p>\n<p><strong>Saat\u00a0\u00a0: <\/strong>16:30 \u2013 17:30<\/p>\n<p>Toplant\u0131y\u0131 \u00a0<a href=\"http:\/\/iiceconline.sabanciuniv.edu\/\" target=\"_blank\" rel=\"nofollow noopener\">http:\/\/iiceconline.sabanciuniv.edu\/<\/a>\u00a0 adresinden canl\u0131 olarak izleyebilirsiniz.<\/p>","protected":false},"excerpt":{"rendered":"<p>Sorry, this entry is only available in Turkish. For the sake of viewer convenience, the content is shown below in the alternative language. You may click the link to switch the active language. Sabanc\u0131 \u00dcniversitesi \u0130stanbul Uluslararas\u0131 Enerji ve \u0130klim Merkezi (IICEC), \u201cK\u00fcresel Enerji ve \u0130klim Politikalar\u0131nda Yeni Bir D\u00f6nem: Yeni ABD Y\u00f6netimi G\u00fcndemi\u201d ba\u015fl\u0131kl\u0131 [&hellip;]<\/p>\n","protected":false},"author":1,"featured_media":129592,"comment_status":"open","ping_status":"open","sticky":false,"template":"","format":"standard","meta":[],"categories":[51,53,52],"tags":[52259,86693,86692,57846,57125,86694],"views":95,"_links":{"self":[{"href":"https:\/\/www.enerjigazetesi.ist\/en\/wp-json\/wp\/v2\/posts\/129588"}],"collection":[{"href":"https:\/\/www.enerjigazetesi.ist\/en\/wp-json\/wp\/v2\/posts"}],"about":[{"href":"https:\/\/www.enerjigazetesi.ist\/en\/wp-json\/wp\/v2\/types\/post"}],"author":[{"embeddable":true,"href":"https:\/\/www.enerjigazetesi.ist\/en\/wp-json\/wp\/v2\/users\/1"}],"replies":[{"embeddable":true,"href":"https:\/\/www.enerjigazetesi.ist\/en\/wp-json\/wp\/v2\/comments?post=129588"}],"version-history":[{"count":0,"href":"https:\/\/www.enerjigazetesi.ist\/en\/wp-json\/wp\/v2\/posts\/129588\/revisions"}],"wp:featuredmedia":[{"embeddable":true,"href":"https:\/\/www.enerjigazetesi.ist\/en\/wp-json\/wp\/v2\/media\/129592"}],"wp:attachment":[{"href":"https:\/\/www.enerjigazetesi.ist\/en\/wp-json\/wp\/v2\/media?parent=129588"}],"wp:term":[{"taxonomy":"category","embeddable":true,"href":"https:\/\/www.enerjigazetesi.ist\/en\/wp-json\/wp\/v2\/categories?post=129588"},{"taxonomy":"post_tag","embeddable":true,"href":"https:\/\/www.enerjigazetesi.ist\/en\/wp-json\/wp\/v2\/tags?post=129588"}],"curies":[{"name":"wp","href":"https:\/\/api.w.org\/{rel}","templated":true}]}}