{"id":129571,"date":"2021-02-17T16:59:08","date_gmt":"2021-02-17T13:59:08","guid":{"rendered":"https:\/\/www.enerjigazetesi.ist\/?p=129571"},"modified":"2021-02-17T16:59:25","modified_gmt":"2021-02-17T13:59:25","slug":"camsan-ordu-dan-5-8-mw-kurulu-guce-sahip-gunes-santrali-yatirimi","status":"publish","type":"post","link":"https:\/\/www.enerjigazetesi.ist\/en\/camsan-ordu-dan-5-8-mw-kurulu-guce-sahip-gunes-santrali-yatirimi\/","title":{"rendered":"(Turkish) &#8217;\u00c7amsan Ordu\u2019dan 5,8 MW Kurulu G\u00fcce Sahip G\u00fcne\u015f Santrali Yat\u0131r\u0131m\u0131"},"content":{"rendered":"<p class=\"qtranxs-available-languages-message qtranxs-available-languages-message-en\">Sorry, this entry is only available in <a href=\"https:\/\/www.enerjigazetesi.ist\/tr\/wp-json\/wp\/v2\/posts\/129571\" class=\"qtranxs-available-language-link qtranxs-available-language-link-tr\" title=\"Turkish\">Turkish<\/a>. For the sake of viewer convenience, the content is shown below in the alternative language. You may click the link to switch the active language.<\/p><p><\/p>\n<h1>\u00c7amsan Ordu&#8217;nun yeni a\u00e7aca\u011f\u0131 MDF3 \u00fcretim tesisi yat\u0131r\u0131m\u0131na ek olarak ayr\u0131ca fabrika genelinin \u00e7at\u0131lar\u0131 g\u00fcne\u015f panelleriyle yenilenmi\u015f olunup 5,8 MW kapasiteye sahip g\u00fcne\u015f santraliyle toplam enerji ihtiyac\u0131n\u0131n %10\u2019unun kar\u015f\u0131lanmas\u0131 planlan\u0131yor.<\/h1>\n<p><strong>\u00c7amsan Ordu<\/strong>, 2020&#8217;de ba\u015flay\u0131p\u00a0 halen daha s\u00fcren<strong> salg\u0131n hastal\u0131\u011fa<\/strong> ve \u00fclkemizde ya\u015fanan <strong>ciddi<\/strong> <strong>ekonomik dalgalanmalara<\/strong> ra\u011fmen<strong> yat\u0131r\u0131mlar\u0131na h\u0131z kesmeden<\/strong> devam ediyor.<\/p>\n<p>Kurulu\u015f yapt\u0131\u011f\u0131 a\u00e7\u0131klamada ise; <strong>2021<\/strong> y\u0131l\u0131n\u0131n ilk \u00e7eyre\u011finde a\u00e7\u0131laca\u011f\u0131 duyurulan\u00a0<strong>70 milyon Euro<\/strong>\u2019luk <img loading=\"lazy\" class=\"alignright wp-image-129574\" src=\"https:\/\/www.enerjigazetesi.ist\/wp-content\/uploads\/2021\/02\/camsan-ordu-dan-5-8-mw-kurulu-guce-sahip-gunes-santrali-yatirimi-2.jpg\" alt=\"\" width=\"340\" height=\"227\" srcset=\"https:\/\/www.enerjigazetesi.ist\/wp-content\/uploads\/2021\/02\/camsan-ordu-dan-5-8-mw-kurulu-guce-sahip-gunes-santrali-yatirimi-2.jpg 550w, https:\/\/www.enerjigazetesi.ist\/wp-content\/uploads\/2021\/02\/camsan-ordu-dan-5-8-mw-kurulu-guce-sahip-gunes-santrali-yatirimi-2-300x200.jpg 300w, https:\/\/www.enerjigazetesi.ist\/wp-content\/uploads\/2021\/02\/camsan-ordu-dan-5-8-mw-kurulu-guce-sahip-gunes-santrali-yatirimi-2-500x334.jpg 500w, https:\/\/www.enerjigazetesi.ist\/wp-content\/uploads\/2021\/02\/camsan-ordu-dan-5-8-mw-kurulu-guce-sahip-gunes-santrali-yatirimi-2-75x50.jpg 75w, https:\/\/www.enerjigazetesi.ist\/wp-content\/uploads\/2021\/02\/camsan-ordu-dan-5-8-mw-kurulu-guce-sahip-gunes-santrali-yatirimi-2-450x300.jpg 450w\" sizes=\"(max-width: 340px) 100vw, 340px\" \/><strong>yeni MDF3 \u00fcretim tesisi<\/strong> yat\u0131r\u0131m\u0131na ilaveten, fabrika genelinde kurulan <strong>Solar G\u00fcne\u015f Enerjili \u00c7at\u0131 sistemiyle<\/strong> elektrik ihtiyac\u0131n\u0131n <strong>%10<\/strong>\u2019u kar\u015f\u0131lanacak olup <strong>G\u00fcne\u015f enerjili \u00e7at\u0131 sisteminde<\/strong> yer alan\u00a0<strong>18.358 adet<\/strong> panel<strong>\u00a038.000 m\u00b2<\/strong> alan \u00fczerinde kurulu olup yakla\u015f\u0131k olarak<strong>\u00a05,8 MW<\/strong> kurulu g\u00fc\u00e7 hedefleniyor.<\/p>\n<p><strong>\u00c7amsan Ordu A.\u015e.<\/strong> Y\u00f6netim Kurulu Ba\u015fkan\u0131 <strong>Hakan Poyraz<\/strong> yapt\u0131\u011f\u0131 a\u00e7\u0131klamada; &#8220;<em>\u00d6n\u00fcm\u00fczdeki ay a\u00e7may\u0131 hedefledi\u011fimiz <strong>MDF3 \u00fcretim tesisi<\/strong>mizle birlikte fabrika genelindeki<strong> \u00e7at\u0131lara solar panel<\/strong> kurduk. <strong>\u00c7amsan Ordu<\/strong> olarak <strong>yenilenebilir enerji kullan\u0131m\u0131<\/strong>na katk\u0131 sa\u011flayacak <strong>yeni bir projeye<\/strong> imza atmaktan \u00f6t\u00fcr\u00fc \u00e7ok mutluyuz. B\u00f6ylece \u00c7amsan Ordu,<strong> Solar G\u00fcne\u015f Enerjisi \u00c7at\u0131s\u0131<\/strong> sayesinde elektrik ihtiyac\u0131n\u0131n <strong>%10\u2019unu<\/strong> g\u00fcne\u015f enerjisinden elde edecek.\u00a0<strong>MDF3 \u00fcretim tesisi<\/strong>mizle birlikte <strong>fabrika geneli \u00e7at\u0131lara kurdu\u011fumuz<\/strong> sistem bug\u00fcn <strong>Ordu\u2019<\/strong>da kurulan, en b\u00fcy\u00fck <strong>g\u00fcne\u015f enerjisi santrali.<\/strong> \u00dclkemizin ayd\u0131nl\u0131k gelece\u011fine olan<strong> inanc\u0131m\u0131z<\/strong> ile<strong> yat\u0131r\u0131mlar\u0131m\u0131za<\/strong> h\u0131z kesmeden devam edece\u011fiz&#8221; dedi.<\/em><\/p>","protected":false},"excerpt":{"rendered":"<p>Sorry, this entry is only available in Turkish. For the sake of viewer convenience, the content is shown below in the alternative language. You may click the link to switch the active language. \u00c7amsan Ordu&#8217;nun yeni a\u00e7aca\u011f\u0131 MDF3 \u00fcretim tesisi yat\u0131r\u0131m\u0131na ek olarak ayr\u0131ca fabrika genelinin \u00e7at\u0131lar\u0131 g\u00fcne\u015f panelleriyle yenilenmi\u015f olunup 5,8 MW kapasiteye sahip [&hellip;]<\/p>\n","protected":false},"author":1,"featured_media":129575,"comment_status":"open","ping_status":"open","sticky":false,"template":"","format":"standard","meta":[],"categories":[53,157],"tags":[86684,86681,51054,86683,5070,52259,86687,53157,86685,86682,86686,54979,6379],"views":182,"_links":{"self":[{"href":"https:\/\/www.enerjigazetesi.ist\/en\/wp-json\/wp\/v2\/posts\/129571"}],"collection":[{"href":"https:\/\/www.enerjigazetesi.ist\/en\/wp-json\/wp\/v2\/posts"}],"about":[{"href":"https:\/\/www.enerjigazetesi.ist\/en\/wp-json\/wp\/v2\/types\/post"}],"author":[{"embeddable":true,"href":"https:\/\/www.enerjigazetesi.ist\/en\/wp-json\/wp\/v2\/users\/1"}],"replies":[{"embeddable":true,"href":"https:\/\/www.enerjigazetesi.ist\/en\/wp-json\/wp\/v2\/comments?post=129571"}],"version-history":[{"count":0,"href":"https:\/\/www.enerjigazetesi.ist\/en\/wp-json\/wp\/v2\/posts\/129571\/revisions"}],"wp:featuredmedia":[{"embeddable":true,"href":"https:\/\/www.enerjigazetesi.ist\/en\/wp-json\/wp\/v2\/media\/129575"}],"wp:attachment":[{"href":"https:\/\/www.enerjigazetesi.ist\/en\/wp-json\/wp\/v2\/media?parent=129571"}],"wp:term":[{"taxonomy":"category","embeddable":true,"href":"https:\/\/www.enerjigazetesi.ist\/en\/wp-json\/wp\/v2\/categories?post=129571"},{"taxonomy":"post_tag","embeddable":true,"href":"https:\/\/www.enerjigazetesi.ist\/en\/wp-json\/wp\/v2\/tags?post=129571"}],"curies":[{"name":"wp","href":"https:\/\/api.w.org\/{rel}","templated":true}]}}